{"id":43575,"date":"2022-03-26T02:40:54","date_gmt":"2022-03-26T02:40:54","guid":{"rendered":"https:\/\/www.bitacoracdmx.com\/?p=43575"},"modified":"2022-03-26T02:40:54","modified_gmt":"2022-03-26T02:40:54","slug":"el-helenico-y-los-pinos-te-invitan-a-celebrar-el-dia-mundial-del-teatro-2022-con-una-intensa-jornada-escenica","status":"publish","type":"post","link":"https:\/\/www.bitacoracdmx.com\/?p=43575","title":{"rendered":"El Hel\u00e9nico y Los Pinos te invitan a celebrar el D\u00eda Mundial del Teatro 2022 con una intensa jornada esc\u00e9nica"},"content":{"rendered":"<p>[fusion_builder_container hundred_percent=&#8221;no&#8221; equal_height_columns=&#8221;no&#8221; menu_anchor=&#8221;&#8221; hide_on_mobile=&#8221;small-visibility,medium-visibility,large-visibility&#8221; class=&#8221;&#8221; id=&#8221;&#8221; background_color=&#8221;&#8221; background_image=&#8221;&#8221; background_position=&#8221;center center&#8221; background_repeat=&#8221;no-repeat&#8221; fade=&#8221;no&#8221; background_parallax=&#8221;none&#8221; parallax_speed=&#8221;0.3&#8243; video_mp4=&#8221;&#8221; video_webm=&#8221;&#8221; video_ogv=&#8221;&#8221; video_url=&#8221;&#8221; video_aspect_ratio=&#8221;16:9&#8243; video_loop=&#8221;yes&#8221; video_mute=&#8221;yes&#8221; overlay_color=&#8221;&#8221; video_preview_image=&#8221;&#8221; border_size=&#8221;&#8221; border_color=&#8221;&#8221; border_style=&#8221;solid&#8221; padding_top=&#8221;&#8221; padding_bottom=&#8221;&#8221; padding_left=&#8221;&#8221; padding_right=&#8221;&#8221;][fusion_builder_row][fusion_builder_column type=&#8221;1_1&#8243; layout=&#8221;1_1&#8243; background_position=&#8221;left top&#8221; background_color=&#8221;&#8221; border_size=&#8221;&#8221; border_color=&#8221;&#8221; border_style=&#8221;solid&#8221; border_position=&#8221;all&#8221; spacing=&#8221;yes&#8221; background_image=&#8221;&#8221; background_repeat=&#8221;no-repeat&#8221; padding_top=&#8221;&#8221; padding_right=&#8221;&#8221; padding_bottom=&#8221;&#8221; padding_left=&#8221;&#8221; margin_top=&#8221;0px&#8221; margin_bottom=&#8221;0px&#8221; class=&#8221;&#8221; id=&#8221;&#8221; animation_type=&#8221;&#8221; animation_speed=&#8221;0.3&#8243; animation_direction=&#8221;left&#8221; hide_on_mobile=&#8221;small-visibility,medium-visibility,large-visibility&#8221; center_content=&#8221;no&#8221; last=&#8221;no&#8221; min_height=&#8221;&#8221; hover_type=&#8221;none&#8221; link=&#8221;&#8221;][fusion_text]<\/p>\n<p>REDACCI\u00d3N<\/p>\n<p>\u2022 La P\u00e9rgola y el Auditorio C ser\u00e1n los escenarios que recibir\u00e1n cinco puestas en escena provenientes de Tlaxcala, Guerrero y la Ciudad de M\u00e9xico<br aria-hidden=\"true\" \/>\u2022 Se presentar\u00e1n una serie de proyectos dirigidos a toda la familia<br aria-hidden=\"true\" \/>\u2022 La cita es el domingo 27 de marzo, de 12:00 a 16:00 horas<\/p>\n<p>Teatro con perspectiva de g\u00e9nero, el rescate de las tradiciones orales, un paseo por el M\u00e9xico de anta\u00f1o, el valor de una entra\u00f1able amistad, as\u00ed como la algarab\u00eda circense se har\u00e1n presentes en la celebraci\u00f3n del D\u00eda Mundial del Teatro 2022, con una verbena que la Secretar\u00eda de Cultura federal prepar\u00f3 mediante el Centro Cultural Hel\u00e9nico y el Complejo Cultural Los Pinos.<br aria-hidden=\"true\" \/><br aria-hidden=\"true\" \/>La programaci\u00f3n fue concebida para que el p\u00fablico aprecie temas de actualidad, al mismo tiempo que disfruta de diversos g\u00e9neros como el <em>clown,<\/em>\u00a0la comedia, el drama y la pieza; el hecho de que sean puestas en escena para toda la familia permite la reuni\u00f3n y la comuni\u00f3n entre las y los int\u00e9rpretes y espectadores.<br aria-hidden=\"true\" \/><br aria-hidden=\"true\" \/>Se contar\u00e1 con la participaci\u00f3n de cinco agrupaciones teatrales provenientes de tres entidades federativas diferentes.<br aria-hidden=\"true\" \/><br aria-hidden=\"true\" \/>Las funciones son de entrada libre y dirigidas a personas de todas las edades y se llevar\u00e1n a cabo el domingo 27 de marzo, de 12:00 a 16:00 horas, en el Auditorio C y en La P\u00e9rgola del Complejo Cultural Los Pinos, ubicado en Parque Lira S\/N, Bosque de Chapultepec 1 \u00aa Secci\u00f3n, Ciudad de M\u00e9xico.<br aria-hidden=\"true\" \/>Las obras que el p\u00fablico disfrutar\u00e1 son:<br aria-hidden=\"true\" \/><br aria-hidden=\"true\" \/><strong><em>Bioluminiscencia\u00a0<\/em><\/strong><strong>(Tlaxcala)<\/strong><br aria-hidden=\"true\" \/>Inauguraci\u00f3n: La P\u00e9rgola, 12:00 horas<br aria-hidden=\"true\" \/><br aria-hidden=\"true\" \/>La agrupaci\u00f3n F\u00e1brica de Arte Tlaxcalteca presenta esta historia sobre Susana y A\u00edda, dos mujeres cuyo lazo de amistad es un ejemplo de sororidad para hacer frente a las vicisitudes de ser mujer en un territorio asolado por el machismo.<br aria-hidden=\"true\" \/><br aria-hidden=\"true\" \/><strong><em>Caracol y Colibr\u00ed<\/em><\/strong><strong>\u00a0(Ciudad de M\u00e9xico)<\/strong><br aria-hidden=\"true\" \/>Horario: Auditorio C, 13:00 horas<br aria-hidden=\"true\" \/><br aria-hidden=\"true\" \/>Con m\u00e1scaras, t\u00edteres y m\u00fasica en vivo, la compa\u00f1\u00eda Idiotas Teatro invita a reflexionar sobre el papel que desempe\u00f1a la humanidad en el cuidado a la naturaleza, la preservaci\u00f3n de las tradiciones, as\u00ed como el rescate fundamental del ma\u00edz como parte de la identidad nacional.<br aria-hidden=\"true\" \/><br aria-hidden=\"true\" \/><strong><em>M\u00e9xico en la memoria<\/em><\/strong><strong>\u00a0(Ciudad de M\u00e9xico)<\/strong><br aria-hidden=\"true\" \/>Horario: La P\u00e9rgola, 14:00 horas<br aria-hidden=\"true\" \/><br aria-hidden=\"true\" \/>La agrupaci\u00f3n esc\u00e9nica Fiesta para la Escena VI presenta <em>M\u00e9xico en la memoria<\/em>, obra en la que, a trav\u00e9s de dos actos, se retratan algunos de los temas significativos que han forjado la naci\u00f3n.<br aria-hidden=\"true\" \/><br aria-hidden=\"true\" \/><strong><em>Flores Rojas<\/em><\/strong><strong>\u00a0(Guerrero)<\/strong><br aria-hidden=\"true\" \/>Horario: Auditorio C, 15:00 horas<br aria-hidden=\"true\" \/><br aria-hidden=\"true\" \/>Desde el estado de Guerrero, la compa\u00f1\u00eda De la Mancha Teatro presenta <em>Flores Rojas<\/em>. Entre aventuras, recuerdos y varias pruebas que superar, esta puesta en escena acompa\u00f1ar\u00e1 a sus protagonistas por una compleja traves\u00eda que demostrar\u00e1 c\u00f3mo la amistad trasciende los obst\u00e1culos m\u00e1s complejos.<br aria-hidden=\"true\" \/><br aria-hidden=\"true\" \/><strong><em>Fant\u00e1stica Urbe<\/em><\/strong><strong>\u00a0(Ciudad de M\u00e9xico)<\/strong><br aria-hidden=\"true\" \/>Horario: La P\u00e9rgola, 16:00 horas<br aria-hidden=\"true\" \/><br aria-hidden=\"true\" \/>Este montaje de creaci\u00f3n colectiva nace como resultado de las experiencias de 11 j\u00f3venes en situaci\u00f3n de calle. Un obrero, un capataz y un vagabundo se encontrar\u00e1n con personajes t\u00edpicos de la Ciudad de M\u00e9xico, de esta forma descubrir\u00e1n que esta es\u2026 \u00a1Una fant\u00e1stica urbe!<br aria-hidden=\"true\" \/><br aria-hidden=\"true\" \/>Para asistir, se le recuerda al p\u00fablico que es necesario seguir los protocolos para el cuidado de la salud, entre los que se encuentra el uso correcto de cubrebocas. Asimismo, se exhorta a acudir con responsabilidad y quedarse en casa si se presenta alg\u00fan s\u00edntoma (dolor de cabeza, garganta o temperatura superior a 37.5 grados). Se invita a la poblaci\u00f3n asistente a mantenerse hidratada y a usar protecci\u00f3n solar.<\/p>\n<p>[\/fusion_text][fusion_gallery layout=&#8221;&#8221; picture_size=&#8221;&#8221; columns=&#8221;&#8221; column_spacing=&#8221;10&#8243; gallery_masonry_grid_ratio=&#8221;&#8221; gallery_masonry_width_double=&#8221;&#8221; hover_type=&#8221;&#8221; lightbox=&#8221;yes&#8221; lightbox_content=&#8221;&#8221; bordersize=&#8221;&#8221; bordercolor=&#8221;&#8221; border_radius=&#8221;&#8221; hide_on_mobile=&#8221;small-visibility,medium-visibility,large-visibility&#8221; class=&#8221;&#8221; id=&#8221;&#8221;][fusion_gallery_image image=&#8221;https:\/\/www.bitacoracdmx.com\/wp-content\/uploads\/2022\/03\/Carrusel-postal-1-300&#215;300.jpeg&#8221; image_id=&#8221;43576|medium&#8221; link=&#8221;&#8221; linktarget=&#8221;_self&#8221; \/][fusion_gallery_image image=&#8221;https:\/\/www.bitacoracdmx.com\/wp-content\/uploads\/2022\/03\/Mexico-en-la-memoria-264&#215;300.jpeg&#8221; image_id=&#8221;43577|medium&#8221; link=&#8221;&#8221; linktarget=&#8221;_self&#8221; \/][fusion_gallery_image image=&#8221;https:\/\/www.bitacoracdmx.com\/wp-content\/uploads\/2022\/03\/Mexico-en-la-memoria_1-300&#215;300.jpeg&#8221; image_id=&#8221;43578|medium&#8221; link=&#8221;&#8221; linktarget=&#8221;_self&#8221; \/][fusion_gallery_image image=&#8221;https:\/\/www.bitacoracdmx.com\/wp-content\/uploads\/2022\/03\/Flores-Rojas_De-la-Mancha_Leon-Aguario-1-300&#215;200.jpg&#8221; image_id=&#8221;43579|medium&#8221; link=&#8221;&#8221; linktarget=&#8221;_self&#8221; \/][fusion_gallery_image image=&#8221;https:\/\/www.bitacoracdmx.com\/wp-content\/uploads\/2022\/03\/Flores-Rojas_De-la-Mancha_-Leon-Aguario-1&#8211;300&#215;200.jpg&#8221; image_id=&#8221;43580|medium&#8221; link=&#8221;&#8221; linktarget=&#8221;_self&#8221; \/][fusion_gallery_image image=&#8221;https:\/\/www.bitacoracdmx.com\/wp-content\/uploads\/2022\/03\/Fantastica-Urbe-1-300&#215;199.jpeg&#8221; image_id=&#8221;43581|medium&#8221; link=&#8221;&#8221; linktarget=&#8221;_self&#8221; \/][fusion_gallery_image image=&#8221;https:\/\/www.bitacoracdmx.com\/wp-content\/uploads\/2022\/03\/Fantastica-Urbe-2-300&#215;252.jpeg&#8221; image_id=&#8221;43582|medium&#8221; link=&#8221;&#8221; linktarget=&#8221;_self&#8221; \/][fusion_gallery_image image=&#8221;https:\/\/www.bitacoracdmx.com\/wp-content\/uploads\/2022\/03\/IMAGEN-CARACOL-Y-COLIBRI-225&#215;300.jpg&#8221; image_id=&#8221;43583|medium&#8221; link=&#8221;&#8221; linktarget=&#8221;_self&#8221; \/][fusion_gallery_image image=&#8221;https:\/\/www.bitacoracdmx.com\/wp-content\/uploads\/2022\/03\/CaracolyColibri-JJC-29jun17-235-225&#215;300.jpg&#8221; image_id=&#8221;43584|medium&#8221; link=&#8221;&#8221; linktarget=&#8221;_self&#8221; \/][fusion_gallery_image image=&#8221;https:\/\/www.bitacoracdmx.com\/wp-content\/uploads\/2022\/03\/CaracolyColibri-JJC-29jun17-012-300&#215;225.jpg&#8221; image_id=&#8221;43585|medium&#8221; link=&#8221;&#8221; linktarget=&#8221;_self&#8221; \/][fusion_gallery_image image=&#8221;https:\/\/www.bitacoracdmx.com\/wp-content\/uploads\/2022\/03\/CaracolyColibri-JJC-29jun17-010-200&#215;300.jpg&#8221; image_id=&#8221;43586|medium&#8221; link=&#8221;&#8221; linktarget=&#8221;_self&#8221; \/][\/fusion_gallery][\/fusion_builder_column][\/fusion_builder_row][\/fusion_builder_container]<\/p>\n","protected":false},"excerpt":{"rendered":"<p>[fusion_builder_container hundred_percent=&#8221;no&#8221; equal_height_columns=&#8221;no&#8221; menu_anchor=&#8221;&#8221; hide_on_mobile=&#8221;small-visibility,medium-visibility,large-visibility&#8221; class=&#8221;&#8221; id=&#8221;&#8221; background_color=&#8221;&#8221; background_image=&#8221;&#8221; background_position=&#8221;center center&#8221; background_repeat=&#8221;no-repeat&#8221; fade=&#8221;no&#8221; background_parallax=&#8221;none&#8221; parallax_speed=&#8221;0.3&#8243; video_mp4=&#8221;&#8221; video_webm=&#8221;&#8221; video_ogv=&#8221;&#8221; video_url=&#8221;&#8221; video_aspect_ratio=&#8221;16:9&#8243; video_loop=&#8221;yes&#8221; video_mute=&#8221;yes&#8221; overlay_color=&#8221;&#8221; video_preview_image=&#8221;&#8221; border_size=&#8221;&#8221; border_color=&#8221;&#8221; border_style=&#8221;solid&#8221; padding_top=&#8221;&#8221; padding_bottom=&#8221;&#8221; padding_left=&#8221;&#8221; padding_right=&#8221;&#8221;][fusion_builder_row][fusion_builder_column type=&#8221;1_1&#8243; layout=&#8221;1_1&#8243; background_position=&#8221;left top&#8221; background_color=&#8221;&#8221; border_size=&#8221;&#8221; border_color=&#8221;&#8221; border_style=&#8221;solid&#8221; border_position=&#8221;all&#8221; spacing=&#8221;yes&#8221; background_image=&#8221;&#8221; background_repeat=&#8221;no-repeat&#8221; padding_top=&#8221;&#8221; padding_right=&#8221;&#8221; padding_bottom=&#8221;&#8221; padding_left=&#8221;&#8221; margin_top=&#8221;0px&#8221; margin_bottom=&#8221;0px&#8221; class=&#8221;&#8221; id=&#8221;&#8221; animation_type=&#8221;&#8221; animation_speed=&#8221;0.3&#8243; animation_direction=&#8221;left&#8221; hide_on_mobile=&#8221;small-visibility,medium-visibility,large-visibility&#8221; center_content=&#8221;no&#8221; last=&#8221;no&#8221; min_height=&#8221;&#8221; hover_type=&#8221;none&#8221; link=&#8221;&#8221;][fusion_text] REDACCI\u00d3N \u2022 La P\u00e9rgola y el Auditorio C ser\u00e1n los escenarios que recibir\u00e1n cinco puestas en escena provenientes de Tlaxcala, Guerrero y la Ciudad de M\u00e9xico\u2022 Se presentar\u00e1n una serie de proyectos dirigidos a toda la familia\u2022 La cita es [&hellip;]<\/p>\n","protected":false},"author":1,"featured_media":43576,"comment_status":"open","ping_status":"open","sticky":false,"template":"","format":"standard","meta":{"footnotes":""},"categories":[9,14],"tags":[],"_links":{"self":[{"href":"https:\/\/www.bitacoracdmx.com\/index.php?rest_route=\/wp\/v2\/posts\/43575"}],"collection":[{"href":"https:\/\/www.bitacoracdmx.com\/index.php?rest_route=\/wp\/v2\/posts"}],"about":[{"href":"https:\/\/www.bitacoracdmx.com\/index.php?rest_route=\/wp\/v2\/types\/post"}],"author":[{"embeddable":true,"href":"https:\/\/www.bitacoracdmx.com\/index.php?rest_route=\/wp\/v2\/users\/1"}],"replies":[{"embeddable":true,"href":"https:\/\/www.bitacoracdmx.com\/index.php?rest_route=%2Fwp%2Fv2%2Fcomments&post=43575"}],"version-history":[{"count":1,"href":"https:\/\/www.bitacoracdmx.com\/index.php?rest_route=\/wp\/v2\/posts\/43575\/revisions"}],"predecessor-version":[{"id":43587,"href":"https:\/\/www.bitacoracdmx.com\/index.php?rest_route=\/wp\/v2\/posts\/43575\/revisions\/43587"}],"wp:featuredmedia":[{"embeddable":true,"href":"https:\/\/www.bitacoracdmx.com\/index.php?rest_route=\/wp\/v2\/media\/43576"}],"wp:attachment":[{"href":"https:\/\/www.bitacoracdmx.com\/index.php?rest_route=%2Fwp%2Fv2%2Fmedia&parent=43575"}],"wp:term":[{"taxonomy":"category","embeddable":true,"href":"https:\/\/www.bitacoracdmx.com\/index.php?rest_route=%2Fwp%2Fv2%2Fcategories&post=43575"},{"taxonomy":"post_tag","embeddable":true,"href":"https:\/\/www.bitacoracdmx.com\/index.php?rest_route=%2Fwp%2Fv2%2Ftags&post=43575"}],"curies":[{"name":"wp","href":"https:\/\/api.w.org\/{rel}","templated":true}]}}