{"id":43588,"date":"2022-03-26T02:48:40","date_gmt":"2022-03-26T02:48:40","guid":{"rendered":"https:\/\/www.bitacoracdmx.com\/?p=43588"},"modified":"2022-03-26T02:48:40","modified_gmt":"2022-03-26T02:48:40","slug":"forma-tu-cuerpo-abre-la-tienda-numero-11-en-mexico","status":"publish","type":"post","link":"https:\/\/www.bitacoracdmx.com\/?p=43588","title":{"rendered":"FORMA TU CUERPO abre la tienda n\u00famero 11 en M\u00e9xico."},"content":{"rendered":"<p>[fusion_builder_container hundred_percent=&#8221;no&#8221; equal_height_columns=&#8221;no&#8221; menu_anchor=&#8221;&#8221; hide_on_mobile=&#8221;small-visibility,medium-visibility,large-visibility&#8221; class=&#8221;&#8221; id=&#8221;&#8221; background_color=&#8221;&#8221; background_image=&#8221;&#8221; background_position=&#8221;center center&#8221; background_repeat=&#8221;no-repeat&#8221; fade=&#8221;no&#8221; background_parallax=&#8221;none&#8221; parallax_speed=&#8221;0.3&#8243; video_mp4=&#8221;&#8221; video_webm=&#8221;&#8221; video_ogv=&#8221;&#8221; video_url=&#8221;&#8221; video_aspect_ratio=&#8221;16:9&#8243; video_loop=&#8221;yes&#8221; video_mute=&#8221;yes&#8221; overlay_color=&#8221;&#8221; video_preview_image=&#8221;&#8221; border_size=&#8221;&#8221; border_color=&#8221;&#8221; border_style=&#8221;solid&#8221; padding_top=&#8221;&#8221; padding_bottom=&#8221;&#8221; padding_left=&#8221;&#8221; padding_right=&#8221;&#8221;][fusion_builder_row][fusion_builder_column type=&#8221;1_1&#8243; layout=&#8221;1_1&#8243; background_position=&#8221;left top&#8221; background_color=&#8221;&#8221; border_size=&#8221;&#8221; border_color=&#8221;&#8221; border_style=&#8221;solid&#8221; border_position=&#8221;all&#8221; spacing=&#8221;yes&#8221; background_image=&#8221;&#8221; background_repeat=&#8221;no-repeat&#8221; padding_top=&#8221;&#8221; padding_right=&#8221;&#8221; padding_bottom=&#8221;&#8221; padding_left=&#8221;&#8221; margin_top=&#8221;0px&#8221; margin_bottom=&#8221;0px&#8221; class=&#8221;&#8221; id=&#8221;&#8221; animation_type=&#8221;&#8221; animation_speed=&#8221;0.3&#8243; animation_direction=&#8221;left&#8221; hide_on_mobile=&#8221;small-visibility,medium-visibility,large-visibility&#8221; center_content=&#8221;no&#8221; last=&#8221;no&#8221; min_height=&#8221;&#8221; hover_type=&#8221;none&#8221; link=&#8221;&#8221;][fusion_text]<\/p>\n<p>REDACCI\u00d3N<\/p>\n<p><i>*La marca premium de fajas colombianas exporta a Dubai<\/i><\/p>\n<p><i>*Celebridades acompa\u00f1ar\u00e1n a la marca en esta inauguraci\u00f3n en CDMX<\/i><\/p>\n<p>Forma tu Cuerpo, la marca de fajas colombiana con m\u00e1s de una d\u00e9cada en el mercado, es la marca premium a nivel mundial de fajas para mujeres u hombres y su historia en nuestro pa\u00eds va m\u00e1s all\u00e1 de ser una prenda que proporciona belleza f\u00edsica y seguridad, pues se trata de una empresa propositiva que anuncia la apertura de su quinta tienda operando en nuestro pa\u00eds, generando de forma global un n\u00famero significativo de empleos (CDMX, Guadalajara y Tijuana).<\/p>\n<p>La inauguraci\u00f3n oficial se llev\u00f3 a cabo este jueves 24 de marzo a las 18:00 hrs. en Avenida Miguel Angel de Quevedo N. 893, Col. El Rosedal Coyoac\u00e1n a trav\u00e9s de un \u00edntimo coctel con invitados especiales, clientes y por supuesto celebridades, que a trav\u00e9s de una fiel relaci\u00f3n han adoptado a la marca como suya en la vida diaria dentro y fuera de los reflectores.<\/p>\n<p>Forma Tu Cuerpo la marca de fajas premium a nivel mundial cuenta con un impresionante cat\u00e1logo para todas las necesidades incluyendo tambi\u00e9n temas postoperatorios y de embarazo. Es importante subrayar que Forma Tu Cuerpo lleg\u00f3 a Dubai este 2022 con una inversi\u00f3n inicial de 200 mil d\u00f3lares, e iniciando una exportaci\u00f3n de m\u00e1s de mil prendas de control en donde esperan para finales del 2023 incrementar la exportaci\u00f3n a m\u00e1s de 10 mil prendas directo a Emiratos \u00c1rabes, un proceso de internacionalizaci\u00f3n que para su natal Bogot\u00e1 generar\u00e1 centenares de empleos, principalmente para mujeres cabeza de hogar, un punto favorable para las mujeres a final de cuentas.<\/p>\n<p>Forma Tu Cuerpo es el aliado fiel de celebridades de belleza como la ex Miss Universo, la mexicana Andrea Meza, o D\u00e9bora Hallal nuestra representante m\u00e1s reciente en Miss Universo, as\u00ed como una serie de influencers, celebridades y YouTubers como Lupita Jones, Dany Cardona, Francelis Santoya, Tonny Boom y EMMA entre otros que son quienes acompa\u00f1an a la marca a trav\u00e9s de sus historias diarias por Instagram, Facebook o Tik Tok&#8230; cada uno con la naturalidad de su personalidad, mostrando los beneficios personales que les proporciona esta simbiosis con la marca.<\/p>\n<p>Bienvenido al mundo de Forma Tu Cuerpo, Bienvenido al mundo de verte bien y sentirte bien. \u00a1Enhorabuena!<\/p>\n<p>\u00a1Forma Tu Cuerpo sigue emprendiendo con esta nueva tienda en nuestro pa\u00eds!<\/p>\n<p><a href=\"http:\/\/www.formatucuerpo.com.mx\/\" target=\"_blank\" rel=\"noopener noreferrer\" data-auth=\"NotApplicable\" data-linkindex=\"2\">www.formatucuerpo.com.mx<\/a><\/p>\n<p>Redes Sociales:<\/p>\n<p>@fajasformatucuerpo_mx<\/p>\n<p>[\/fusion_text][fusion_imageframe image_id=&#8221;43589|medium&#8221; max_width=&#8221;&#8221; style_type=&#8221;&#8221; blur=&#8221;&#8221; stylecolor=&#8221;&#8221; hover_type=&#8221;none&#8221; bordersize=&#8221;&#8221; bordercolor=&#8221;&#8221; borderradius=&#8221;&#8221; align=&#8221;none&#8221; lightbox=&#8221;no&#8221; gallery_id=&#8221;&#8221; lightbox_image=&#8221;&#8221; lightbox_image_id=&#8221;&#8221; alt=&#8221;&#8221; link=&#8221;&#8221; linktarget=&#8221;_self&#8221; hide_on_mobile=&#8221;small-visibility,medium-visibility,large-visibility&#8221; class=&#8221;&#8221; id=&#8221;&#8221; animation_type=&#8221;&#8221; animation_direction=&#8221;left&#8221; animation_speed=&#8221;0.3&#8243; animation_offset=&#8221;&#8221;]https:\/\/www.bitacoracdmx.com\/wp-content\/uploads\/2022\/03\/FAJAS-COLOMBIANAS-FORMA-TU-CUERPO-BOL-DE-PRENSA-FOTO-300&#215;200.jpg[\/fusion_imageframe][\/fusion_builder_column][\/fusion_builder_row][\/fusion_builder_container]<\/p>\n","protected":false},"excerpt":{"rendered":"<p>[fusion_builder_container hundred_percent=&#8221;no&#8221; equal_height_columns=&#8221;no&#8221; menu_anchor=&#8221;&#8221; hide_on_mobile=&#8221;small-visibility,medium-visibility,large-visibility&#8221; class=&#8221;&#8221; id=&#8221;&#8221; background_color=&#8221;&#8221; background_image=&#8221;&#8221; background_position=&#8221;center center&#8221; background_repeat=&#8221;no-repeat&#8221; fade=&#8221;no&#8221; background_parallax=&#8221;none&#8221; parallax_speed=&#8221;0.3&#8243; video_mp4=&#8221;&#8221; video_webm=&#8221;&#8221; video_ogv=&#8221;&#8221; video_url=&#8221;&#8221; video_aspect_ratio=&#8221;16:9&#8243; video_loop=&#8221;yes&#8221; video_mute=&#8221;yes&#8221; overlay_color=&#8221;&#8221; video_preview_image=&#8221;&#8221; border_size=&#8221;&#8221; border_color=&#8221;&#8221; border_style=&#8221;solid&#8221; padding_top=&#8221;&#8221; padding_bottom=&#8221;&#8221; padding_left=&#8221;&#8221; padding_right=&#8221;&#8221;][fusion_builder_row][fusion_builder_column type=&#8221;1_1&#8243; layout=&#8221;1_1&#8243; background_position=&#8221;left top&#8221; background_color=&#8221;&#8221; border_size=&#8221;&#8221; border_color=&#8221;&#8221; border_style=&#8221;solid&#8221; border_position=&#8221;all&#8221; spacing=&#8221;yes&#8221; background_image=&#8221;&#8221; background_repeat=&#8221;no-repeat&#8221; padding_top=&#8221;&#8221; padding_right=&#8221;&#8221; padding_bottom=&#8221;&#8221; padding_left=&#8221;&#8221; margin_top=&#8221;0px&#8221; margin_bottom=&#8221;0px&#8221; class=&#8221;&#8221; id=&#8221;&#8221; animation_type=&#8221;&#8221; animation_speed=&#8221;0.3&#8243; animation_direction=&#8221;left&#8221; hide_on_mobile=&#8221;small-visibility,medium-visibility,large-visibility&#8221; center_content=&#8221;no&#8221; last=&#8221;no&#8221; min_height=&#8221;&#8221; hover_type=&#8221;none&#8221; link=&#8221;&#8221;][fusion_text] REDACCI\u00d3N *La marca premium de fajas colombianas exporta a Dubai *Celebridades acompa\u00f1ar\u00e1n a la marca en esta inauguraci\u00f3n en CDMX Forma tu Cuerpo, la marca de fajas colombiana con m\u00e1s de una d\u00e9cada en el mercado, es la marca premium [&hellip;]<\/p>\n","protected":false},"author":1,"featured_media":43589,"comment_status":"open","ping_status":"open","sticky":false,"template":"","format":"standard","meta":{"footnotes":""},"categories":[8,9],"tags":[],"_links":{"self":[{"href":"https:\/\/www.bitacoracdmx.com\/index.php?rest_route=\/wp\/v2\/posts\/43588"}],"collection":[{"href":"https:\/\/www.bitacoracdmx.com\/index.php?rest_route=\/wp\/v2\/posts"}],"about":[{"href":"https:\/\/www.bitacoracdmx.com\/index.php?rest_route=\/wp\/v2\/types\/post"}],"author":[{"embeddable":true,"href":"https:\/\/www.bitacoracdmx.com\/index.php?rest_route=\/wp\/v2\/users\/1"}],"replies":[{"embeddable":true,"href":"https:\/\/www.bitacoracdmx.com\/index.php?rest_route=%2Fwp%2Fv2%2Fcomments&post=43588"}],"version-history":[{"count":1,"href":"https:\/\/www.bitacoracdmx.com\/index.php?rest_route=\/wp\/v2\/posts\/43588\/revisions"}],"predecessor-version":[{"id":43590,"href":"https:\/\/www.bitacoracdmx.com\/index.php?rest_route=\/wp\/v2\/posts\/43588\/revisions\/43590"}],"wp:featuredmedia":[{"embeddable":true,"href":"https:\/\/www.bitacoracdmx.com\/index.php?rest_route=\/wp\/v2\/media\/43589"}],"wp:attachment":[{"href":"https:\/\/www.bitacoracdmx.com\/index.php?rest_route=%2Fwp%2Fv2%2Fmedia&parent=43588"}],"wp:term":[{"taxonomy":"category","embeddable":true,"href":"https:\/\/www.bitacoracdmx.com\/index.php?rest_route=%2Fwp%2Fv2%2Fcategories&post=43588"},{"taxonomy":"post_tag","embeddable":true,"href":"https:\/\/www.bitacoracdmx.com\/index.php?rest_route=%2Fwp%2Fv2%2Ftags&post=43588"}],"curies":[{"name":"wp","href":"https:\/\/api.w.org\/{rel}","templated":true}]}}