{"id":43603,"date":"2022-03-29T02:42:57","date_gmt":"2022-03-29T02:42:57","guid":{"rendered":"https:\/\/www.bitacoracdmx.com\/?p=43603"},"modified":"2022-03-29T02:42:57","modified_gmt":"2022-03-29T02:42:57","slug":"los-bukis-anuncian-nueva-fecha-en-guadalajara-como-parte-de-una-historia-cantada","status":"publish","type":"post","link":"https:\/\/www.bitacoracdmx.com\/?p=43603","title":{"rendered":"Los BUKIS anuncian nueva fecha en Guadalajara como parte de \u201cUNA HISTORIA CANTADA\u201d"},"content":{"rendered":"<p>[fusion_builder_container hundred_percent=&#8221;no&#8221; equal_height_columns=&#8221;no&#8221; menu_anchor=&#8221;&#8221; hide_on_mobile=&#8221;small-visibility,medium-visibility,large-visibility&#8221; class=&#8221;&#8221; id=&#8221;&#8221; background_color=&#8221;&#8221; background_image=&#8221;&#8221; background_position=&#8221;center center&#8221; background_repeat=&#8221;no-repeat&#8221; fade=&#8221;no&#8221; background_parallax=&#8221;none&#8221; parallax_speed=&#8221;0.3&#8243; video_mp4=&#8221;&#8221; video_webm=&#8221;&#8221; video_ogv=&#8221;&#8221; video_url=&#8221;&#8221; video_aspect_ratio=&#8221;16:9&#8243; video_loop=&#8221;yes&#8221; video_mute=&#8221;yes&#8221; overlay_color=&#8221;&#8221; video_preview_image=&#8221;&#8221; border_size=&#8221;&#8221; border_color=&#8221;&#8221; border_style=&#8221;solid&#8221; padding_top=&#8221;&#8221; padding_bottom=&#8221;&#8221; padding_left=&#8221;&#8221; padding_right=&#8221;&#8221;][fusion_builder_row][fusion_builder_column type=&#8221;1_1&#8243; layout=&#8221;1_1&#8243; background_position=&#8221;left top&#8221; background_color=&#8221;&#8221; border_size=&#8221;&#8221; border_color=&#8221;&#8221; border_style=&#8221;solid&#8221; border_position=&#8221;all&#8221; spacing=&#8221;yes&#8221; background_image=&#8221;&#8221; background_repeat=&#8221;no-repeat&#8221; padding_top=&#8221;&#8221; padding_right=&#8221;&#8221; padding_bottom=&#8221;&#8221; padding_left=&#8221;&#8221; margin_top=&#8221;0px&#8221; margin_bottom=&#8221;0px&#8221; class=&#8221;&#8221; id=&#8221;&#8221; animation_type=&#8221;&#8221; animation_speed=&#8221;0.3&#8243; animation_direction=&#8221;left&#8221; hide_on_mobile=&#8221;small-visibility,medium-visibility,large-visibility&#8221; center_content=&#8221;no&#8221; last=&#8221;no&#8221; min_height=&#8221;&#8221; hover_type=&#8221;none&#8221; link=&#8221;&#8221;][fusion_text]<\/p>\n<p>REDACCI\u00d3N<\/p>\n<p><i>*El concierto se llevar\u00e1 a cabo el Jueves 15 y Viernes 16 de Septiembre en el Estado Jalisco en Guadalajara<\/i><\/p>\n<p><i>*Inicio de venta de boletos a partir del Viernes 1 de Abril<\/i><\/p>\n<p><i>*Boletos a la venta en el Sistema\u00a0<a href=\"http:\/\/funticket.mx\/\" target=\"_blank\" rel=\"noopener noreferrer\" data-auth=\"NotApplicable\" data-linkindex=\"0\">funticket.mx<\/a>\u00a0y en taquillas del Estadio Jalisco<\/i><\/p>\n<p>Destinado a ser la \u00fanica oportunidad para ver el hist\u00f3rico regreso de Los Bukis en Guadalajara y de hecho en toda la zona del Baj\u00edo (pues no habr\u00e1 m\u00e1s fechas a\u00f1adidas en su gira), la promotora Musicvibe ha dado a conocer la segunda fecha para Guadalajara el Viernes 16 de Septiembre, que se a\u00f1ade a la ya anteriormente anunciada para el Jueves 15 de Septiembre gracias a la enorme respuesta que se ha tenido por el p\u00fablico tapat\u00edo. Tras 26 a\u00f1os de separaci\u00f3n y luego de una brillante carrera que los coloc\u00f3 como el grupo m\u00e1s importante de la m\u00fasica popular en M\u00e9xico, Estados Unidos y algunos pa\u00edses en Am\u00e9rica Latina, Los Bukis han anunciado su regreso a M\u00e9xico para ofrecer una serie de conciertos largamente esperados por los fans mexicanos de esta agrupaci\u00f3n ic\u00f3nica y representativa de los a\u00f1os setentas, ochentas y noventas. Los boletos para esta nueva fecha estar\u00e1n disponible a partir del Viernes 01 de Abril.<\/p>\n<p><b>Los Bukis regresan a M\u00e9xico con la que promete ser la gira hist\u00f3rica del a\u00f1o.<\/b>\u00a0En la jerarqu\u00eda real del pop mexicano y la m\u00fasica regional, son los reyes indiscutibles de los grupos rom\u00e1nticos hispanos, cuyas baladas han acompa\u00f1ado generaciones de fiestas, enamorados, descorazonados, comidas, barbacoas y bodas. M\u00e1s de dos d\u00e9cadas despu\u00e9s, la banda promete agotar todas sus entradas y hacer un concierto \u00e9pico y m\u00e1gico en cada una de sus cinco presentaciones en territorio azteca.<\/p>\n<p>Su vuelta a los escenarios de nuestro pa\u00eds en el marco de su gira \u201cUna historia cantada\u201d se convierte en el anuncio m\u00e1s importante del mundo del entretenimiento de momento. El a\u00f1o pasado, en su inesperado reencuentro, Los Bukis lograron el triunfo obteniendo Sold Outs hist\u00f3ricos en las seis ciudades donde se presentaron: Los \u00c1ngeles, Chicago, Dallas, San Antonio, Houston y Oakland. Esta gira est\u00e1 considerada como la m\u00e1s exitosa y la m\u00e1s vendida solo por debajo de los Rolling Stones, acorde a datos de Pollstar, quienes tambi\u00e9n aseveran que la gira de Los Bukis ocupa el segundo lugar de la lista de conciertos m\u00e1s ambiciosos y de alta plusval\u00eda a nivel mundial.<\/p>\n<p>De este modo por fin Marco Antonio Sol\u00eds, Joel Sol\u00eds, Javier Sol\u00eds, Roberto Guadarrama, Eusebio \u201cEl Chivo\u201d Cortez, Pedro S\u00e1nchez y Pepe Guadarrama se embarcar\u00e1n en una gira por territorio mexicano, \u00a0y por el momento han anunciado una gira que arranca el\u00a0<b>03 de Septiembre<\/b>\u00a0en el Estadio Caliente, en\u00a0<b>Tijuana<\/b>; el\u00a0<b>10 de Septiembre<\/b>\u00a0en el Estadio Sultanes, de\u00a0<b>Monterrey<\/b>; el\u00a0<b>15 y 16 de Septiembre<\/b>\u00a0en el Estadio Jalisco, en\u00a0<b>Guadalajara con\u00a0<\/b>una asombrosa producci\u00f3n que no dejar\u00e1 a nadie indiferente y seguramente con ganas de mucha m\u00e1s de la m\u00fasica m\u00e1s rom\u00e1ntica de los \u00faltimos tiempos. Los boletos se encuentran a la venta en\u00a0<a href=\"http:\/\/www.funticket.mx\/\" target=\"_blank\" rel=\"noopener noreferrer\" data-auth=\"NotApplicable\" data-linkindex=\"1\">www.funticket.mx<\/a>\u00a0y para informaci\u00f3n al respecto recomendamos consultar\u00a0<a href=\"http:\/\/www.bukis.com\/\" target=\"_blank\" rel=\"noopener noreferrer\" data-auth=\"NotApplicable\" data-linkindex=\"2\">www.bukis.com<\/a><\/p>\n<p>Sus temas m\u00e1s famosos como \u201cMi mayor necesidad\u201d, \u201cTu c\u00e1rcel\u201d, \u201cQui\u00e9reme\u201d, \u201cYo te necesito\u201d y \u201cC\u00f3mo fui a enamorarme de ti\u201d estar\u00e1n cautivando a cientos y miles en esta nueva gira que tiene la peculiaridad de ser\u00a0<b>\u00daNICAMENTE EN ESTADIOS<\/b>\u00a0en todas las ciudades donde se estar\u00e1 presentando y se estima que sean cientos de miles los que llenen su coraz\u00f3n con sus bellas melod\u00edas.<\/p>\n<p>Durante su trayectoria, Los Bukis han sido capaces de evolucionar su m\u00fasica y su concepto, incorporando nuevos ritmos y sonidos que van desde las baladas pop, rom\u00e1ntica, rancheras, cumbias y regional mexicano, lo que unido a su destacada calidad art\u00edstica y las hermosas composiciones de Marco Antonio Sol\u00eds, han hecho de \u00e9sta agrupaci\u00f3n musical una de las preferidas del p\u00fablico latino.<\/p>\n<p>Hoy el p\u00fablico vivir\u00e1 \u00e9sa \u201chistoria cantada\u201d con himnos que suenan en el soundtrack de la vida personal de millones de fans que han crecido y vivido de la mano de cl\u00e1sicos inmortales, que son parte de \u00e9sa historia que los Bukis vienen a recordar en M\u00e9xico, \u00e9sa misma que ser\u00e1 guardada por siempre y para siempre en el coraz\u00f3n de todos.<\/p>\n<p><b>\u00a0<\/b><b>Los Bukis regresan a M\u00e9xico para hacer vibrar a su p\u00fablico en el marco de la gira \u201cUna historia cantada\u201d\u00a0<\/b>que arranca el\u00a0<b>03 de Septiembre<\/b>\u00a0en el Estadio Caliente, en\u00a0<b>Tijuana<\/b>; el\u00a0<b>10 de Septiembre<\/b>\u00a0en el Estadio Sultanes, de\u00a0<b>Monterrey<\/b>; el\u00a0<b>15 y 16 de Septiembre<\/b>\u00a0en el Estadio Jalisco, en\u00a0<b>Guadalajara con\u00a0<\/b>una asombrosa producci\u00f3n. Los boletos se encontrar\u00e1n disponibles a partir del Viernes 1 de Abril en\u00a0<a href=\"http:\/\/www.funticket.mx\/\" target=\"_blank\" rel=\"noopener noreferrer\" data-auth=\"NotApplicable\" data-linkindex=\"3\">www.funticket.mx<\/a>\u00a0<b>y en taquillas del estadio.\u00a0<\/b><\/p>\n<p>[\/fusion_text][fusion_imageframe image_id=&#8221;43604|medium&#8221; max_width=&#8221;&#8221; style_type=&#8221;&#8221; blur=&#8221;&#8221; stylecolor=&#8221;&#8221; hover_type=&#8221;none&#8221; bordersize=&#8221;&#8221; bordercolor=&#8221;&#8221; borderradius=&#8221;&#8221; align=&#8221;none&#8221; lightbox=&#8221;no&#8221; gallery_id=&#8221;&#8221; lightbox_image=&#8221;&#8221; lightbox_image_id=&#8221;&#8221; alt=&#8221;&#8221; link=&#8221;&#8221; linktarget=&#8221;_self&#8221; hide_on_mobile=&#8221;small-visibility,medium-visibility,large-visibility&#8221; class=&#8221;&#8221; id=&#8221;&#8221; animation_type=&#8221;&#8221; animation_direction=&#8221;left&#8221; animation_speed=&#8221;0.3&#8243; animation_offset=&#8221;&#8221;]https:\/\/www.bitacoracdmx.com\/wp-content\/uploads\/2022\/03\/BUKIS-BOL-DE-PRENSA-ABRIL-2022-SOLD-OUT-GDL-CARTEL-1-169&#215;300.jpeg[\/fusion_imageframe][\/fusion_builder_column][\/fusion_builder_row][\/fusion_builder_container]<\/p>\n","protected":false},"excerpt":{"rendered":"<p>[fusion_builder_container hundred_percent=&#8221;no&#8221; equal_height_columns=&#8221;no&#8221; menu_anchor=&#8221;&#8221; hide_on_mobile=&#8221;small-visibility,medium-visibility,large-visibility&#8221; class=&#8221;&#8221; id=&#8221;&#8221; background_color=&#8221;&#8221; background_image=&#8221;&#8221; background_position=&#8221;center center&#8221; background_repeat=&#8221;no-repeat&#8221; fade=&#8221;no&#8221; background_parallax=&#8221;none&#8221; parallax_speed=&#8221;0.3&#8243; video_mp4=&#8221;&#8221; video_webm=&#8221;&#8221; video_ogv=&#8221;&#8221; video_url=&#8221;&#8221; video_aspect_ratio=&#8221;16:9&#8243; video_loop=&#8221;yes&#8221; video_mute=&#8221;yes&#8221; overlay_color=&#8221;&#8221; video_preview_image=&#8221;&#8221; border_size=&#8221;&#8221; border_color=&#8221;&#8221; border_style=&#8221;solid&#8221; padding_top=&#8221;&#8221; padding_bottom=&#8221;&#8221; padding_left=&#8221;&#8221; padding_right=&#8221;&#8221;][fusion_builder_row][fusion_builder_column type=&#8221;1_1&#8243; layout=&#8221;1_1&#8243; background_position=&#8221;left top&#8221; background_color=&#8221;&#8221; border_size=&#8221;&#8221; border_color=&#8221;&#8221; border_style=&#8221;solid&#8221; border_position=&#8221;all&#8221; spacing=&#8221;yes&#8221; background_image=&#8221;&#8221; background_repeat=&#8221;no-repeat&#8221; padding_top=&#8221;&#8221; padding_right=&#8221;&#8221; padding_bottom=&#8221;&#8221; padding_left=&#8221;&#8221; margin_top=&#8221;0px&#8221; margin_bottom=&#8221;0px&#8221; class=&#8221;&#8221; id=&#8221;&#8221; animation_type=&#8221;&#8221; animation_speed=&#8221;0.3&#8243; animation_direction=&#8221;left&#8221; hide_on_mobile=&#8221;small-visibility,medium-visibility,large-visibility&#8221; center_content=&#8221;no&#8221; last=&#8221;no&#8221; min_height=&#8221;&#8221; hover_type=&#8221;none&#8221; link=&#8221;&#8221;][fusion_text] REDACCI\u00d3N *El concierto se llevar\u00e1 a cabo el Jueves 15 y Viernes 16 de Septiembre en el Estado Jalisco en Guadalajara *Inicio de venta de boletos a partir del Viernes 1 de Abril *Boletos a la venta en el Sistema\u00a0funticket.mx\u00a0y [&hellip;]<\/p>\n","protected":false},"author":1,"featured_media":43604,"comment_status":"open","ping_status":"open","sticky":false,"template":"","format":"standard","meta":{"footnotes":""},"categories":[9,11],"tags":[],"_links":{"self":[{"href":"https:\/\/www.bitacoracdmx.com\/index.php?rest_route=\/wp\/v2\/posts\/43603"}],"collection":[{"href":"https:\/\/www.bitacoracdmx.com\/index.php?rest_route=\/wp\/v2\/posts"}],"about":[{"href":"https:\/\/www.bitacoracdmx.com\/index.php?rest_route=\/wp\/v2\/types\/post"}],"author":[{"embeddable":true,"href":"https:\/\/www.bitacoracdmx.com\/index.php?rest_route=\/wp\/v2\/users\/1"}],"replies":[{"embeddable":true,"href":"https:\/\/www.bitacoracdmx.com\/index.php?rest_route=%2Fwp%2Fv2%2Fcomments&post=43603"}],"version-history":[{"count":1,"href":"https:\/\/www.bitacoracdmx.com\/index.php?rest_route=\/wp\/v2\/posts\/43603\/revisions"}],"predecessor-version":[{"id":43605,"href":"https:\/\/www.bitacoracdmx.com\/index.php?rest_route=\/wp\/v2\/posts\/43603\/revisions\/43605"}],"wp:featuredmedia":[{"embeddable":true,"href":"https:\/\/www.bitacoracdmx.com\/index.php?rest_route=\/wp\/v2\/media\/43604"}],"wp:attachment":[{"href":"https:\/\/www.bitacoracdmx.com\/index.php?rest_route=%2Fwp%2Fv2%2Fmedia&parent=43603"}],"wp:term":[{"taxonomy":"category","embeddable":true,"href":"https:\/\/www.bitacoracdmx.com\/index.php?rest_route=%2Fwp%2Fv2%2Fcategories&post=43603"},{"taxonomy":"post_tag","embeddable":true,"href":"https:\/\/www.bitacoracdmx.com\/index.php?rest_route=%2Fwp%2Fv2%2Ftags&post=43603"}],"curies":[{"name":"wp","href":"https:\/\/api.w.org\/{rel}","templated":true}]}}