{"id":43609,"date":"2022-03-31T04:18:40","date_gmt":"2022-03-31T04:18:40","guid":{"rendered":"https:\/\/www.bitacoracdmx.com\/?p=43609"},"modified":"2022-03-31T04:18:40","modified_gmt":"2022-03-31T04:18:40","slug":"a-golpe-de-calcetin-celebra-una-decada-de-continuo-trabajo-de-idiotas-teatro","status":"publish","type":"post","link":"https:\/\/www.bitacoracdmx.com\/?p=43609","title":{"rendered":"A golpe de calcet\u00edn celebra una d\u00e9cada de continuo trabajo de Idiotas Teatro"},"content":{"rendered":"<p>[fusion_builder_container hundred_percent=&#8221;no&#8221; equal_height_columns=&#8221;no&#8221; menu_anchor=&#8221;&#8221; hide_on_mobile=&#8221;small-visibility,medium-visibility,large-visibility&#8221; class=&#8221;&#8221; id=&#8221;&#8221; background_color=&#8221;&#8221; background_image=&#8221;&#8221; background_position=&#8221;center center&#8221; background_repeat=&#8221;no-repeat&#8221; fade=&#8221;no&#8221; background_parallax=&#8221;none&#8221; parallax_speed=&#8221;0.3&#8243; video_mp4=&#8221;&#8221; video_webm=&#8221;&#8221; video_ogv=&#8221;&#8221; video_url=&#8221;&#8221; video_aspect_ratio=&#8221;16:9&#8243; video_loop=&#8221;yes&#8221; video_mute=&#8221;yes&#8221; overlay_color=&#8221;&#8221; video_preview_image=&#8221;&#8221; border_size=&#8221;&#8221; border_color=&#8221;&#8221; border_style=&#8221;solid&#8221; padding_top=&#8221;&#8221; padding_bottom=&#8221;&#8221; padding_left=&#8221;&#8221; padding_right=&#8221;&#8221;][fusion_builder_row][fusion_builder_column type=&#8221;1_1&#8243; layout=&#8221;1_1&#8243; background_position=&#8221;left top&#8221; background_color=&#8221;&#8221; border_size=&#8221;&#8221; border_color=&#8221;&#8221; border_style=&#8221;solid&#8221; border_position=&#8221;all&#8221; spacing=&#8221;yes&#8221; background_image=&#8221;&#8221; background_repeat=&#8221;no-repeat&#8221; padding_top=&#8221;&#8221; padding_right=&#8221;&#8221; padding_bottom=&#8221;&#8221; padding_left=&#8221;&#8221; margin_top=&#8221;0px&#8221; margin_bottom=&#8221;0px&#8221; class=&#8221;&#8221; id=&#8221;&#8221; animation_type=&#8221;&#8221; animation_speed=&#8221;0.3&#8243; animation_direction=&#8221;left&#8221; hide_on_mobile=&#8221;small-visibility,medium-visibility,large-visibility&#8221; center_content=&#8221;no&#8221; last=&#8221;no&#8221; min_height=&#8221;&#8221; hover_type=&#8221;none&#8221; link=&#8221;&#8221;][fusion_text]<\/p>\n<p>REDACCI\u00d3N<\/p>\n<p>\u00b7 Contar\u00e1 con dos \u00fanicas funciones en el Teatro de la Ciudad Esperanza Iris<\/p>\n<p>\u00b7 El texto de Francisco Hinojosa cumple 40 a\u00f1os de su escritura<\/p>\n<p>\u00b7 En el marco del ciclo Fiesta de las Infancias y sus Derechos<\/p>\n<p>Despu\u00e9s de abandonar la escuela a consecuencia de la crisis econ\u00f3mica que enfrenta la clase obrera en la \u00e9poca posrevolucionaria, Paco Poyo, un ni\u00f1o de aproximadamente 10 a\u00f1os, vende peri\u00f3dicos \u201ca golpe de calcet\u00edn\u201d en las calles de la Ciudad de M\u00e9xico.<\/p>\n<p>Un d\u00eda, un misterioso personaje le ofrece comprarle todos sus diarios a cambio de que le haga un \u201cfavorcito\u201d, pero el protagonista no imagina que una misi\u00f3n aparentemente f\u00e1cil y divertida, lo conducir\u00e1 a aparecer \u00e9l mismo en los titulares de los diarios que vende.<\/p>\n<p>Producci\u00f3n de Idiotas Teatro y 25 Producci\u00f3n,\u00a0A golpe de calcet\u00edn\u00a0lleva a escena la novela corta del escritor Francisco Hinojosa, a trav\u00e9s del teatro de m\u00e1scaras y objetos, as\u00ed como de m\u00fasica en vivo.\u00a0La obra literaria cumple 40 a\u00f1os desde que fue escrita por el autor de otros textos para ni\u00f1as y ni\u00f1os como\u00a0La peor se\u00f1ora del mundo, L\u00e9peras contra mocosos\u00a0y\u00a0An\u00edbal y Melqu\u00edades.<\/p>\n<p>En el marco del ciclo\u00a0Fiesta de las Infancias y sus Derechos, la propuesta contar\u00e1 con dos fechas (s\u00e1bado 9 y domingo 10 de abril) en el\u00a0Teatro de la Ciudad Esperanza Iris, recinto de la\u00a0Direcci\u00f3n del Sistema de Teatros de la Secretar\u00eda de Cultura de la Ciudad de M\u00e9xico, donde la agrupaci\u00f3n Idiotas Teatro, con esta presentaci\u00f3n, celebrar\u00e1 una d\u00e9cada de existencia.<\/p>\n<p>La puesta en escena est\u00e1 construida desde la dramaturgia del actor, con elementos de la po\u00e9tica del\u00a0clown\u00a0y la m\u00e1scara para llevar el texto literario a la acci\u00f3n dram\u00e1tica.<\/p>\n<p>Con la m\u00fasica en vivo y original para la propuesta de Juan Pablo Villa, la escena cobra vida a trav\u00e9s de n\u00fameros musicales y esc\u00e9nicos que construyen un mundo on\u00edrico que nos sit\u00faa en la primera mitad del Siglo XX en la Ciudad de M\u00e9xico acompa\u00f1ado de paisajes sonoros y visuales que recobran la a\u00f1oranza, melancol\u00eda y magia de los a\u00f1os de anta\u00f1o.<\/p>\n<p>El elenco lo integran Alejandra Mada, Claudia Ivonne Cervantes, Daniel Berthier, Fabian Varona, Diego Santana, Cristian David, Fernando Reyes Reyes y Nohem\u00ed Espinosa.<\/p>\n<p>Participan en el montaje: en la direcci\u00f3n adjunta y comedia f\u00edsica: Paola Izquierdo, en la direcci\u00f3n de m\u00e1scaras y actores: \u00a0Alicia Mart\u00ednez \u00c1lvarez, en la\u00a0 asistencia de direcci\u00f3n: Alejandro Cervantes y en el dise\u00f1o de vestuario y m\u00e1scaras: Azucena Galicia, as\u00ed como en la ilustraci\u00f3n esc\u00e9nica y creaci\u00f3n de personajes: Alejandro Magallanes.<\/p>\n<p>Tambi\u00e9n, en la escenograf\u00eda: Atenea Ch\u00e1vez y Auda Carraza, en el co-dise\u00f1o de escenograf\u00eda: Alberto Reyna y C\u00e9sar Moctezuma, en el dise\u00f1o de iluminaci\u00f3n: Edgar Mora, en la asistencia de producci\u00f3n: Paulina Montiel. En la producci\u00f3n general: 25 producci\u00f3n e Idiotas Teatro, en la producci\u00f3n ejecutiva: David Castillo y en la direcci\u00f3n general y concepto de la puesta en escena: Cristian David y Fernando Reyes Reyes.<\/p>\n<p>Francisco Hinojosa es uno de los autores m\u00e1s destacados de literatura infantil y juvenil en lengua espa\u00f1ola. Ha sido colaborador de Casa del Tiempo, La Gaceta del Fondo de Cultura Econ\u00f3mica, Los Universitarios, Revista de la Universidad de M\u00e9xico y Vuelta, entre otras. Becario del Fondo Nacional para la Cultura y las Artes (Fonca) en Cuento en 1991 y del Fideicomiso M\u00e9xico\/Estados Unidos en 1996 con el proyecto:\u00a0Cr\u00f3nica de Chicago. Actualmente es miembro del Sistema Nacional de Creadores de Artes, desde 1993. Parte de su obra se ha traducido al ingl\u00e9s, portugu\u00e9s, italiano, polaco y lituano.<\/p>\n<p>Idiotas Teatro es una compa\u00f1\u00eda independiente, bajo la direcci\u00f3n art\u00edstica de Cristian David y Fernando Reyes Reyes, que desde 2011 se ha dedicado a la creaci\u00f3n de espect\u00e1culos de peque\u00f1o formato para toda la familia. Ha participado en importantes festivales nacionales e internacionales y ha recibido reconocimientos por la HOLA (Hispanic Organization of Latin Actors, New York en 2012); obtuvo el premio a Mejor Actuaci\u00f3n Visitante por la Asociaci\u00f3n de Cronistas de Espect\u00e1culos (ACE) de New York, en 2013; fue nominada a Mejor Producci\u00f3n por su montaje P\u00e1jaro (ACE) en New York, en 2013; y obtuvo el primer lugar en el Premio de la Juventud de la Ciudad de M\u00e9xico, en 2016.<\/p>\n<p>A golpe de calcet\u00edn (10 a\u00f1os de Idiotas Teatros)\u00a0se llevar\u00e1 a cabo el s\u00e1bado 9 y el domingo 10 de abril, a las 17:00 horas, en el\u00a0Teatro de la Ciudad Esperanza Iris\u00a0(Donceles 36, colonia Centro Hist\u00f3rico, Metro Allende).<\/p>\n<p>Localidades: Luneta, $220; Primer Piso, $180; Anfiteatro, $120, y Galer\u00eda, $100. Los boletos se pueden adquirir en la taquilla del teatro y en las plataformas digitales de Ticketmaster.<\/p>\n<p>Para conocer la programaci\u00f3n de la Direcci\u00f3n del Sistema de Teatros de la Ciudad de M\u00e9xico, visite la p\u00e1gina:\u00a0www.teatros.cultura.cdmx.gob.mx\u00a0o la aplicaci\u00f3n TeatrosCDMX, disponible en los sistemas operativos Android e IOS y en las redes sociales: Facebook @TeatrosCdMexico, Twitter @TeatrosCdMexico e Instagram @teatroscdmexico.<\/p>\n<p>Siga a la\u00a0Secretar\u00eda de Cultura de la Ciudad de M\u00e9xico\u00a0a trav\u00e9s de su p\u00e1gina oficial (https:\/\/cultura.cdmx.gob.mx\/), sus redes sociales (Facebook,\u00a0Twitter,\u00a0Instagram\u00a0y\u00a0YouTube) y en la plataforma digital\u00a0Capital Cultural en Nuestra Casa.<\/p>\n<p>[\/fusion_text][fusion_imageframe image_id=&#8221;43610|medium&#8221; max_width=&#8221;&#8221; style_type=&#8221;&#8221; blur=&#8221;&#8221; stylecolor=&#8221;&#8221; hover_type=&#8221;none&#8221; bordersize=&#8221;&#8221; bordercolor=&#8221;&#8221; borderradius=&#8221;&#8221; align=&#8221;none&#8221; lightbox=&#8221;no&#8221; gallery_id=&#8221;&#8221; lightbox_image=&#8221;&#8221; lightbox_image_id=&#8221;&#8221; alt=&#8221;&#8221; link=&#8221;&#8221; linktarget=&#8221;_self&#8221; hide_on_mobile=&#8221;small-visibility,medium-visibility,large-visibility&#8221; class=&#8221;&#8221; id=&#8221;&#8221; animation_type=&#8221;&#8221; animation_direction=&#8221;left&#8221; animation_speed=&#8221;0.3&#8243; animation_offset=&#8221;&#8221;]https:\/\/www.bitacoracdmx.com\/wp-content\/uploads\/2022\/03\/descargar-2022-03-30T211819.697-189&#215;300.png[\/fusion_imageframe][\/fusion_builder_column][\/fusion_builder_row][\/fusion_builder_container]<\/p>\n","protected":false},"excerpt":{"rendered":"<p>[fusion_builder_container hundred_percent=&#8221;no&#8221; equal_height_columns=&#8221;no&#8221; menu_anchor=&#8221;&#8221; hide_on_mobile=&#8221;small-visibility,medium-visibility,large-visibility&#8221; class=&#8221;&#8221; id=&#8221;&#8221; background_color=&#8221;&#8221; background_image=&#8221;&#8221; background_position=&#8221;center center&#8221; background_repeat=&#8221;no-repeat&#8221; fade=&#8221;no&#8221; background_parallax=&#8221;none&#8221; parallax_speed=&#8221;0.3&#8243; video_mp4=&#8221;&#8221; video_webm=&#8221;&#8221; video_ogv=&#8221;&#8221; video_url=&#8221;&#8221; video_aspect_ratio=&#8221;16:9&#8243; video_loop=&#8221;yes&#8221; video_mute=&#8221;yes&#8221; overlay_color=&#8221;&#8221; video_preview_image=&#8221;&#8221; border_size=&#8221;&#8221; border_color=&#8221;&#8221; border_style=&#8221;solid&#8221; padding_top=&#8221;&#8221; padding_bottom=&#8221;&#8221; padding_left=&#8221;&#8221; padding_right=&#8221;&#8221;][fusion_builder_row][fusion_builder_column type=&#8221;1_1&#8243; layout=&#8221;1_1&#8243; background_position=&#8221;left top&#8221; background_color=&#8221;&#8221; border_size=&#8221;&#8221; border_color=&#8221;&#8221; border_style=&#8221;solid&#8221; border_position=&#8221;all&#8221; spacing=&#8221;yes&#8221; background_image=&#8221;&#8221; background_repeat=&#8221;no-repeat&#8221; padding_top=&#8221;&#8221; padding_right=&#8221;&#8221; padding_bottom=&#8221;&#8221; padding_left=&#8221;&#8221; margin_top=&#8221;0px&#8221; margin_bottom=&#8221;0px&#8221; class=&#8221;&#8221; id=&#8221;&#8221; animation_type=&#8221;&#8221; animation_speed=&#8221;0.3&#8243; animation_direction=&#8221;left&#8221; hide_on_mobile=&#8221;small-visibility,medium-visibility,large-visibility&#8221; center_content=&#8221;no&#8221; last=&#8221;no&#8221; min_height=&#8221;&#8221; hover_type=&#8221;none&#8221; link=&#8221;&#8221;][fusion_text] REDACCI\u00d3N \u00b7 Contar\u00e1 con dos \u00fanicas funciones en el Teatro de la Ciudad Esperanza Iris \u00b7 El texto de Francisco Hinojosa cumple 40 a\u00f1os de su escritura \u00b7 En el marco del ciclo Fiesta de las Infancias y sus Derechos [&hellip;]<\/p>\n","protected":false},"author":1,"featured_media":43610,"comment_status":"open","ping_status":"open","sticky":false,"template":"","format":"standard","meta":{"footnotes":""},"categories":[9,14],"tags":[],"_links":{"self":[{"href":"https:\/\/www.bitacoracdmx.com\/index.php?rest_route=\/wp\/v2\/posts\/43609"}],"collection":[{"href":"https:\/\/www.bitacoracdmx.com\/index.php?rest_route=\/wp\/v2\/posts"}],"about":[{"href":"https:\/\/www.bitacoracdmx.com\/index.php?rest_route=\/wp\/v2\/types\/post"}],"author":[{"embeddable":true,"href":"https:\/\/www.bitacoracdmx.com\/index.php?rest_route=\/wp\/v2\/users\/1"}],"replies":[{"embeddable":true,"href":"https:\/\/www.bitacoracdmx.com\/index.php?rest_route=%2Fwp%2Fv2%2Fcomments&post=43609"}],"version-history":[{"count":1,"href":"https:\/\/www.bitacoracdmx.com\/index.php?rest_route=\/wp\/v2\/posts\/43609\/revisions"}],"predecessor-version":[{"id":43611,"href":"https:\/\/www.bitacoracdmx.com\/index.php?rest_route=\/wp\/v2\/posts\/43609\/revisions\/43611"}],"wp:featuredmedia":[{"embeddable":true,"href":"https:\/\/www.bitacoracdmx.com\/index.php?rest_route=\/wp\/v2\/media\/43610"}],"wp:attachment":[{"href":"https:\/\/www.bitacoracdmx.com\/index.php?rest_route=%2Fwp%2Fv2%2Fmedia&parent=43609"}],"wp:term":[{"taxonomy":"category","embeddable":true,"href":"https:\/\/www.bitacoracdmx.com\/index.php?rest_route=%2Fwp%2Fv2%2Fcategories&post=43609"},{"taxonomy":"post_tag","embeddable":true,"href":"https:\/\/www.bitacoracdmx.com\/index.php?rest_route=%2Fwp%2Fv2%2Ftags&post=43609"}],"curies":[{"name":"wp","href":"https:\/\/api.w.org\/{rel}","templated":true}]}}