{"id":43612,"date":"2022-04-01T01:59:33","date_gmt":"2022-04-01T01:59:33","guid":{"rendered":"https:\/\/www.bitacoracdmx.com\/?p=43612"},"modified":"2022-04-01T01:59:33","modified_gmt":"2022-04-01T01:59:33","slug":"tony-succar-se-prepara-para-la-ceremonia-del-grammy-tras-su-nominacion-a-mejor-album-tropical","status":"publish","type":"post","link":"https:\/\/www.bitacoracdmx.com\/?p=43612","title":{"rendered":"TONY SUCCAR se prepara para la ceremonia del GRAMMY tras su nominaci\u00f3n a mejor \u00e1lbum tropical"},"content":{"rendered":"<p>[fusion_builder_container hundred_percent=&#8221;no&#8221; equal_height_columns=&#8221;no&#8221; menu_anchor=&#8221;&#8221; hide_on_mobile=&#8221;small-visibility,medium-visibility,large-visibility&#8221; class=&#8221;&#8221; id=&#8221;&#8221; background_color=&#8221;&#8221; background_image=&#8221;&#8221; background_position=&#8221;center center&#8221; background_repeat=&#8221;no-repeat&#8221; fade=&#8221;no&#8221; background_parallax=&#8221;none&#8221; parallax_speed=&#8221;0.3&#8243; video_mp4=&#8221;&#8221; video_webm=&#8221;&#8221; video_ogv=&#8221;&#8221; video_url=&#8221;&#8221; video_aspect_ratio=&#8221;16:9&#8243; video_loop=&#8221;yes&#8221; video_mute=&#8221;yes&#8221; overlay_color=&#8221;&#8221; video_preview_image=&#8221;&#8221; border_size=&#8221;&#8221; border_color=&#8221;&#8221; border_style=&#8221;solid&#8221; padding_top=&#8221;&#8221; padding_bottom=&#8221;&#8221; padding_left=&#8221;&#8221; padding_right=&#8221;&#8221;][fusion_builder_row][fusion_builder_column type=&#8221;1_1&#8243; layout=&#8221;1_1&#8243; background_position=&#8221;left top&#8221; background_color=&#8221;&#8221; border_size=&#8221;&#8221; border_color=&#8221;&#8221; border_style=&#8221;solid&#8221; border_position=&#8221;all&#8221; spacing=&#8221;yes&#8221; background_image=&#8221;&#8221; background_repeat=&#8221;no-repeat&#8221; padding_top=&#8221;&#8221; padding_right=&#8221;&#8221; padding_bottom=&#8221;&#8221; padding_left=&#8221;&#8221; margin_top=&#8221;0px&#8221; margin_bottom=&#8221;0px&#8221; class=&#8221;&#8221; id=&#8221;&#8221; animation_type=&#8221;&#8221; animation_speed=&#8221;0.3&#8243; animation_direction=&#8221;left&#8221; hide_on_mobile=&#8221;small-visibility,medium-visibility,large-visibility&#8221; center_content=&#8221;no&#8221; last=&#8221;no&#8221; min_height=&#8221;&#8221; hover_type=&#8221;none&#8221; link=&#8221;&#8221;][fusion_text]<\/p>\n<p>REDACCI\u00d3N<\/p>\n<p><span style=\"color: #000000; font-family: 'helvetica neue', helvetica, arial, verdana, sans-serif, serif, EmojiFont;\"><em>El pr\u00f3ximo Domingo 3 de Abril la\u00a0<\/em><\/span>Academia de\u00a0grabaci\u00f3n tendr\u00e1\u00a0\u00a0la 64o ceremonia de entrega de premios GRAMMY donde el productor, percusionista y compositor peruano-japon\u00e9s, Tony Succer, conocido por su trabajo en\u00a0<a href=\"https:\/\/mailtrack.io\/trace\/link\/87259d6d9f0b760e71e9bd6d7e6a5d274aa499c0?url=https%3A%2F%2Fen.wikipedia.org%2Fwiki%2FUnity%3A_The_Latin_Tribute_to_Michael_Jackson%3Fct%3Dt%2528Marisela%2BTour%2B%2BLa%2Bdama%2Bde%2BHierro_COPY_01%2529%26mc_cid%3Dede26779f7%26mc_eid%3DUNIQID&amp;userId=491255&amp;signature=59b30404ba0387fd\" target=\"_blank\" rel=\"noopener noreferrer\" data-auth=\"NotApplicable\" data-linkindex=\"10\"><u>Unity: The Latin Tribute to Michael Jackson<\/u><\/a>\u00a0\u00a0recibe\u00a0su primera nominaci\u00f3n \u00a0a\u00a0 Mejor \u00c1lbum Latino Tropical por \u201cLive From Per\u00fa\u201d. En la producci\u00f3n\u00a0participan los artistas \u00a0Jean Rodriguez, Angel L\u00f3pez,\u00a0Debi Nova, Fernando Vargas,\u00a0Cesar Vega, Gianmarco, Grupo 5 y Maribel D\u00edas\u00a0entre otros.<\/p>\n<p dir=\"ltr\">\u201cLive in Per\u00fa\u201d fue grabado durante un concierto m\u00e1gico completamente vendido en el Teatro Nacional de Lima, Per\u00fa en febrero del 2020. Tony fue acompa\u00f1ado por una lista de reconocidos artistas como Jean Rodriguez, Angel Lopez, Debi Nova, Gianmarco, Grupo 5, Daniela Darcourt y C\u00e9sar Vega, acompa\u00f1ados por una orquesta de 35-piezas. \u201cLive in Peru\u201d cuenta con 19 canciones y fue grabado 100% en vivo. El \u00e1lbum re\u00fane los \u00e9xitos de Tony desde temas de \u201cM\u00e1s de M\u00ed,\u201d como los arreglos pop latino para Billie Jean, Smooth Criminal y Man in the Mirror que se encuentran en Unity: A Latin Tribute to Michael Jackson\u201d un Proyecto que alcanzo la posici\u00f3n #1 en las listas de Latinas Tropicales de Billboard.<\/p>\n<p dir=\"ltr\">\u201cLive in Per\u00fa\u201d estren\u00f3 simult\u00e1neamente con\u00a0<a href=\"https:\/\/mailtrack.io\/trace\/link\/d99e44ab432b2ea1d3d44b86caac2537c0803448?url=https%3A%2F%2Fwww.youtube.com%2Fwatch%3Fv%3DQiiZu4bqGug%26ct%3Dt%2528Marisela%2BTour%2B%2BLa%2Bdama%2Bde%2BHierro_COPY_01%2529%26mc_cid%3Dede26779f7%26mc_eid%3DUNIQID&amp;userId=491255&amp;signature=526240b0dd2d3648\" target=\"_blank\" rel=\"noopener noreferrer\" data-auth=\"NotApplicable\" data-linkindex=\"12\"><u>&#8220;MAS DE MI&#8221;<\/u><\/a>\u00a0(More of me), un documental musical el cual relata las cr\u00f3nicas de la vida de\u00a0<a href=\"https:\/\/mailtrack.io\/trace\/link\/1cdc6c1f793b246020c03ecfc5e200f8853f6df1?url=https%3A%2F%2Ftonysuccar.com%2Fen%2Fbio%2F%3Fct%3Dt%2528Marisela%2BTour%2B%2BLa%2Bdama%2Bde%2BHierro_COPY_01%2529%26mc_cid%3Dede26779f7%26mc_eid%3DUNIQID&amp;userId=491255&amp;signature=fd9968071dee2233\" target=\"_blank\" rel=\"noopener noreferrer\" data-auth=\"NotApplicable\" data-linkindex=\"13\"><u>Tony Succar<\/u><\/a>\u2019s desde su humilde comienzo como un artista desconocido grabando desde el garaje de sus padres hasta convertirse en un ganador de un Grammy. Grabado durante un periodo de dos a\u00f1os, el documental cuenta con incre\u00edbles presentaciones y entrevistas por parte de artistas latinos y compositores que reunieron para grabar \u201cMas de M\u00ed,\u201d \u00e1lbum que paso a recibir cuatro nominaciones a los GRAMMY latino en el 2019 ganando dos de las cuatro nominaciones por Productor del A\u00f1o y Mejor \u00c1lbum de Salsa. Tony es el artista m\u00e1s joven en recibir este reconocimiento. \u201cMas de Mi\u201d se encuentra disponible en OnDemand y lo pueden ver\u00a0<a href=\"https:\/\/mailtrack.io\/trace\/link\/1ff1b3ba3ecde5791e6cce9a7f6562a59749098d?url=https%3A%2F%2Fvimeo.com%2Fondemand%2Fmasdemi%3Fct%3Dt%2528Marisela%2BTour%2B%2BLa%2Bdama%2Bde%2BHierro_COPY_01%2529%26mc_cid%3Dede26779f7%26mc_eid%3DUNIQID&amp;userId=491255&amp;signature=ed01431d36f11e1a\" target=\"_blank\" rel=\"noopener noreferrer\" data-auth=\"NotApplicable\" data-linkindex=\"14\"><u>aqui<\/u><\/a>.<\/p>\n<table border=\"0\" width=\"100%\" cellspacing=\"0\" cellpadding=\"0\">\n<tbody>\n<tr>\n<td valign=\"top\">\n<table border=\"0\" width=\"100%\" cellspacing=\"0\" cellpadding=\"0\" align=\"left\">\n<tbody>\n<tr>\n<td valign=\"top\">\n<div>Tony Succar, naci\u00f3 en Lima, Per\u00fa y se relocaliz\u00f3 a Miami con tan solo dos a\u00f1os de edad, creciendo rodeado de influencias musicales desde compositores mexicanos hasta bailes de flamenco, pianistas y su madre, una cantante peruana-americana de ascendencia japonesa. Desde sus 3 a\u00f1os, Tony comenz\u00f3 a tocar el caj\u00f3n peruano, y luego cuando ten\u00eda 13 comenz\u00f3 con la percusi\u00f3n en la banda de sus padres tocando en bodas y otras ceremonias privadas y corporativas mayormente en Miami.\u00a0<br aria-hidden=\"true\" \/><br aria-hidden=\"true\" \/>Luego de muchos a\u00f1os tocando canciones de Michael Jackson con ritmos latinos, en el 2015 finalmente estren\u00f3 el \u00e1lbum titulado Unity: The Latin Tribute to Michael Jackson. El \u00e1lbum incluye colaboraciones con una lista extensa de figuras reconocidas de la Salsa de Puerto Rico, entre ellas: La India, Tito Nieves, Obie Bermudez, Michael Stuart, Jon Secada de Miami y Jean Rodr\u00edguez, Kevin Ceballo y Jennifer Pe\u00f1a. Tambi\u00e9n tuvieron la oportunidad de mezclar el disco con el co-productor e ingeniero de Michael Jackson, Bruce Swedien (1934-2020).<br aria-hidden=\"true\" \/><br aria-hidden=\"true\" \/>Ahora, luego de casi una d\u00e9cada desde el estreno de su primer \u00e1lbum y de crear campa\u00f1as de recolecta de dinero para poder grabar sus producciones, se encuentra celebrando con su pa\u00eds, Per\u00fa, y la comunidad de salsa, su primera nominaci\u00f3n a un premio GRAMMY por\u00a0<a href=\"https:\/\/mailtrack.io\/trace\/link\/529f69f4ed0610c22f2790bf8a436c7021a93889?url=https%3A%2F%2Forcd.co%2Flive_in_peru%3Fct%3Dt%2528Marisela%2BTour%2B%2BLa%2Bdama%2Bde%2BHierro_COPY_01%2529%26mc_cid%3Dede26779f7%26mc_eid%3DUNIQID&amp;userId=491255&amp;signature=d9a013624a7be514\" target=\"_blank\" rel=\"noopener noreferrer\" data-auth=\"NotApplicable\" data-linkindex=\"15\"><u>Live In Peru<\/u><\/a>, dentro una categor\u00eda solida junto con grandes nombres de la salsa como Rub\u00e9n Blades, Gilbertito Santa Rosa, El Gran Combo, Aym\u00e9e Nuviola,<\/div>\n<\/td>\n<\/tr>\n<\/tbody>\n<\/table>\n<\/td>\n<\/tr>\n<\/tbody>\n<\/table>\n<table border=\"0\" width=\"100%\" cellspacing=\"0\" cellpadding=\"0\">\n<tbody>\n<tr>\n<td valign=\"top\">\n<table border=\"0\" width=\"100%\" cellspacing=\"0\" cellpadding=\"0\" align=\"left\">\n<tbody>\n<tr>\n<td valign=\"top\"><img decoding=\"async\" src=\"https:\/\/mcusercontent.com\/449b198cd8556cbbf332017bc\/images\/85d87840-290f-00c1-9470-6a250ababffc.jpg\" alt=\"\" width=\"300\" align=\"center\" data-imagetype=\"External\" \/><\/td>\n<\/tr>\n<\/tbody>\n<\/table>\n<\/td>\n<\/tr>\n<\/tbody>\n<\/table>\n<table border=\"0\" width=\"100%\" cellspacing=\"0\" cellpadding=\"0\">\n<tbody>\n<tr>\n<td valign=\"top\">\n<table border=\"0\" width=\"100%\" cellspacing=\"0\" cellpadding=\"0\" align=\"left\">\n<tbody>\n<tr>\n<td valign=\"top\">La ceremonia de premios GRAMMY 2022 se llevar\u00e1 a cabo el domingo 3 de Abril trav\u00e9s de\u00a0<a href=\"https:\/\/mailtrack.io\/trace\/link\/2e020f5b642517a2a680e4968b3b6d63001fd0b3?url=http%3A%2F%2Fwww.cbs.com%2F%3Fct%3Dt%2528Marisela%2BTour%2B%2BLa%2Bdama%2Bde%2BHierro_COPY_01%2529%26mc_cid%3Dede26779f7%26mc_eid%3DUNIQID&amp;userId=491255&amp;signature=e20358f45b6849e3\" target=\"_blank\" rel=\"noopener noreferrer\" data-auth=\"NotApplicable\" data-linkindex=\"16\"><u>CBS Television Network<\/u><\/a>\u00a0y\u00a0 desde Las Vegas.<\/td>\n<\/tr>\n<\/tbody>\n<\/table>\n<\/td>\n<\/tr>\n<\/tbody>\n<\/table>\n<p>[\/fusion_text][fusion_imageframe image_id=&#8221;43613|medium&#8221; max_width=&#8221;&#8221; style_type=&#8221;&#8221; blur=&#8221;&#8221; stylecolor=&#8221;&#8221; hover_type=&#8221;none&#8221; bordersize=&#8221;&#8221; bordercolor=&#8221;&#8221; borderradius=&#8221;&#8221; align=&#8221;none&#8221; lightbox=&#8221;no&#8221; gallery_id=&#8221;&#8221; lightbox_image=&#8221;&#8221; lightbox_image_id=&#8221;&#8221; alt=&#8221;&#8221; link=&#8221;&#8221; linktarget=&#8221;_self&#8221; hide_on_mobile=&#8221;small-visibility,medium-visibility,large-visibility&#8221; class=&#8221;&#8221; id=&#8221;&#8221; animation_type=&#8221;&#8221; animation_direction=&#8221;left&#8221; animation_speed=&#8221;0.3&#8243; animation_offset=&#8221;&#8221;]https:\/\/www.bitacoracdmx.com\/wp-content\/uploads\/2022\/04\/d1ce0b2f-6ba4-96e7-6410-1b71e0c13941-300&#215;300.jpg[\/fusion_imageframe][\/fusion_builder_column][\/fusion_builder_row][\/fusion_builder_container]<\/p>\n","protected":false},"excerpt":{"rendered":"<p>[fusion_builder_container hundred_percent=&#8221;no&#8221; equal_height_columns=&#8221;no&#8221; menu_anchor=&#8221;&#8221; hide_on_mobile=&#8221;small-visibility,medium-visibility,large-visibility&#8221; class=&#8221;&#8221; id=&#8221;&#8221; background_color=&#8221;&#8221; background_image=&#8221;&#8221; background_position=&#8221;center center&#8221; background_repeat=&#8221;no-repeat&#8221; fade=&#8221;no&#8221; background_parallax=&#8221;none&#8221; parallax_speed=&#8221;0.3&#8243; video_mp4=&#8221;&#8221; video_webm=&#8221;&#8221; video_ogv=&#8221;&#8221; video_url=&#8221;&#8221; video_aspect_ratio=&#8221;16:9&#8243; video_loop=&#8221;yes&#8221; video_mute=&#8221;yes&#8221; overlay_color=&#8221;&#8221; video_preview_image=&#8221;&#8221; border_size=&#8221;&#8221; border_color=&#8221;&#8221; border_style=&#8221;solid&#8221; padding_top=&#8221;&#8221; padding_bottom=&#8221;&#8221; padding_left=&#8221;&#8221; padding_right=&#8221;&#8221;][fusion_builder_row][fusion_builder_column type=&#8221;1_1&#8243; layout=&#8221;1_1&#8243; background_position=&#8221;left top&#8221; background_color=&#8221;&#8221; border_size=&#8221;&#8221; border_color=&#8221;&#8221; border_style=&#8221;solid&#8221; border_position=&#8221;all&#8221; spacing=&#8221;yes&#8221; background_image=&#8221;&#8221; background_repeat=&#8221;no-repeat&#8221; padding_top=&#8221;&#8221; padding_right=&#8221;&#8221; padding_bottom=&#8221;&#8221; padding_left=&#8221;&#8221; margin_top=&#8221;0px&#8221; margin_bottom=&#8221;0px&#8221; class=&#8221;&#8221; id=&#8221;&#8221; animation_type=&#8221;&#8221; animation_speed=&#8221;0.3&#8243; animation_direction=&#8221;left&#8221; hide_on_mobile=&#8221;small-visibility,medium-visibility,large-visibility&#8221; center_content=&#8221;no&#8221; last=&#8221;no&#8221; min_height=&#8221;&#8221; hover_type=&#8221;none&#8221; link=&#8221;&#8221;][fusion_text] REDACCI\u00d3N El pr\u00f3ximo Domingo 3 de Abril la\u00a0Academia de\u00a0grabaci\u00f3n tendr\u00e1\u00a0\u00a0la 64o ceremonia de entrega de premios GRAMMY donde el productor, percusionista y compositor peruano-japon\u00e9s, Tony Succer, conocido por su trabajo en\u00a0Unity: The Latin Tribute to Michael Jackson\u00a0\u00a0recibe\u00a0su primera nominaci\u00f3n \u00a0a\u00a0 [&hellip;]<\/p>\n","protected":false},"author":1,"featured_media":43613,"comment_status":"open","ping_status":"open","sticky":false,"template":"","format":"standard","meta":{"footnotes":""},"categories":[9,11],"tags":[],"_links":{"self":[{"href":"https:\/\/www.bitacoracdmx.com\/index.php?rest_route=\/wp\/v2\/posts\/43612"}],"collection":[{"href":"https:\/\/www.bitacoracdmx.com\/index.php?rest_route=\/wp\/v2\/posts"}],"about":[{"href":"https:\/\/www.bitacoracdmx.com\/index.php?rest_route=\/wp\/v2\/types\/post"}],"author":[{"embeddable":true,"href":"https:\/\/www.bitacoracdmx.com\/index.php?rest_route=\/wp\/v2\/users\/1"}],"replies":[{"embeddable":true,"href":"https:\/\/www.bitacoracdmx.com\/index.php?rest_route=%2Fwp%2Fv2%2Fcomments&post=43612"}],"version-history":[{"count":1,"href":"https:\/\/www.bitacoracdmx.com\/index.php?rest_route=\/wp\/v2\/posts\/43612\/revisions"}],"predecessor-version":[{"id":43614,"href":"https:\/\/www.bitacoracdmx.com\/index.php?rest_route=\/wp\/v2\/posts\/43612\/revisions\/43614"}],"wp:featuredmedia":[{"embeddable":true,"href":"https:\/\/www.bitacoracdmx.com\/index.php?rest_route=\/wp\/v2\/media\/43613"}],"wp:attachment":[{"href":"https:\/\/www.bitacoracdmx.com\/index.php?rest_route=%2Fwp%2Fv2%2Fmedia&parent=43612"}],"wp:term":[{"taxonomy":"category","embeddable":true,"href":"https:\/\/www.bitacoracdmx.com\/index.php?rest_route=%2Fwp%2Fv2%2Fcategories&post=43612"},{"taxonomy":"post_tag","embeddable":true,"href":"https:\/\/www.bitacoracdmx.com\/index.php?rest_route=%2Fwp%2Fv2%2Ftags&post=43612"}],"curies":[{"name":"wp","href":"https:\/\/api.w.org\/{rel}","templated":true}]}}