{"id":43615,"date":"2022-04-01T02:07:27","date_gmt":"2022-04-01T02:07:27","guid":{"rendered":"https:\/\/www.bitacoracdmx.com\/?p=43615"},"modified":"2022-04-01T02:07:27","modified_gmt":"2022-04-01T02:07:27","slug":"colectivos-lgbtiq-hacen-pronunciamiento-de-cara-a-la-marcha-por-el-orgullo-2022-este-25-de-junio-en-cdmx","status":"publish","type":"post","link":"https:\/\/www.bitacoracdmx.com\/?p=43615","title":{"rendered":"COLECTIVOS LGBTIQ+ hacen pronunciamiento de cara a la marcha por EL ORGULLO 2022 este 25 de junio en CDMX"},"content":{"rendered":"<p>[fusion_builder_container hundred_percent=&#8221;no&#8221; equal_height_columns=&#8221;no&#8221; menu_anchor=&#8221;&#8221; hide_on_mobile=&#8221;small-visibility,medium-visibility,large-visibility&#8221; class=&#8221;&#8221; id=&#8221;&#8221; background_color=&#8221;&#8221; background_image=&#8221;&#8221; background_position=&#8221;center center&#8221; background_repeat=&#8221;no-repeat&#8221; fade=&#8221;no&#8221; background_parallax=&#8221;none&#8221; parallax_speed=&#8221;0.3&#8243; video_mp4=&#8221;&#8221; video_webm=&#8221;&#8221; video_ogv=&#8221;&#8221; video_url=&#8221;&#8221; video_aspect_ratio=&#8221;16:9&#8243; video_loop=&#8221;yes&#8221; video_mute=&#8221;yes&#8221; overlay_color=&#8221;&#8221; video_preview_image=&#8221;&#8221; border_size=&#8221;&#8221; border_color=&#8221;&#8221; border_style=&#8221;solid&#8221; padding_top=&#8221;&#8221; padding_bottom=&#8221;&#8221; padding_left=&#8221;&#8221; padding_right=&#8221;&#8221;][fusion_builder_row][fusion_builder_column type=&#8221;1_1&#8243; layout=&#8221;1_1&#8243; background_position=&#8221;left top&#8221; background_color=&#8221;&#8221; border_size=&#8221;&#8221; border_color=&#8221;&#8221; border_style=&#8221;solid&#8221; border_position=&#8221;all&#8221; spacing=&#8221;yes&#8221; background_image=&#8221;&#8221; background_repeat=&#8221;no-repeat&#8221; padding_top=&#8221;&#8221; padding_right=&#8221;&#8221; padding_bottom=&#8221;&#8221; padding_left=&#8221;&#8221; margin_top=&#8221;0px&#8221; margin_bottom=&#8221;0px&#8221; class=&#8221;&#8221; id=&#8221;&#8221; animation_type=&#8221;&#8221; animation_speed=&#8221;0.3&#8243; animation_direction=&#8221;left&#8221; hide_on_mobile=&#8221;small-visibility,medium-visibility,large-visibility&#8221; center_content=&#8221;no&#8221; last=&#8221;no&#8221; min_height=&#8221;&#8221; hover_type=&#8221;none&#8221; link=&#8221;&#8221;][fusion_text]<\/p>\n<p>REDACCI\u00d3N<\/p>\n<p><b>\u00a1VAMOS JUNTES POR IGUALDAD, RESPETO Y EQUIDAD!<\/b><\/p>\n<p><b>Hacemos un llamado a todos los comit\u00e9s LGBT, para que se trabaje de manera conjunta y nos sea posible celebrar este 25 de junio una fiesta de luces, colores y alegr\u00eda como nos caracteriza desde hace d\u00e9cadas.<\/b><\/p>\n<p><b>Aproximadamente hace 40 a\u00f1os la comunidad LGBT sali\u00f3 del cl\u00f3set ante la sociedad; siempre han estado presentes las etiquetas entre estas poblaciones, por eso d\u00eda a d\u00eda levantamos la voz y exigimos respeto, igualdad y equidad para construir una mejor sociedad.<\/b><\/p>\n<p><b>Hombres, mujeres, personas no binarias son iguales ante la ley sin importar raza, edad, ni clase social; con ayuda de todos levantemos la voz en favor de la diversidad.<\/b><\/p>\n<p><b>Los primeros a\u00f1os de activismo fueron sumamente complicados; los padres y madres del movimiento por la diversidad se enfrentaron y sortearon todo tipo de dificultades sociales, pol\u00edticas y econ\u00f3micas.<\/b><\/p>\n<p><b>Hoy en d\u00eda somos herederos de esa lucha quienes disfrutamos de los frutos de esa resiliente siembra\u2026<\/b><\/p>\n<p><b>Actualmente en la Ciudad de M\u00e9xico ya se cuenta con Matrimonios Igualitarios, reconocimiento oficial a la Identidad de G\u00e9nero, a las infancias Trans, existen tratamientos m\u00e9dicos en contra del VIH a trav\u00e9s de la Cl\u00ednica Especializada Condesa e Iztapalapa, adem\u00e1s de contar con una Fiscal\u00eda Especializada en Cr\u00edmenes de Odio por Homofobia y Transfobia, y hasta una direcci\u00f3n general de Diversidad Sexual.<\/b><\/p>\n<p><b>A\u00fan falta mucho trabajo que hacer con empresas y gobiernos, por ejemplo, en este pa\u00eds que se ha vuelto incluyente ya no partimos de cero.<\/b><\/p>\n<p><b>Hacemos un llamado en especial a las secretar\u00edas de Cultura y Turismo, poniendo como ejemplo el caso del presidente municipal de Nezahualc\u00f3yotl quien es una persona abiertamente homosexual e hizo valer la voz y voto del pueblo para poder gobernar como cualquier persona.<\/b><\/p>\n<p><b>Ahora es cuando deber\u00edamos aprovechar estas ventajas y replantear el presente de nuestras demandas \u00bfQu\u00e9 es lo que necesitamos, \u00bfqu\u00e9 es lo que m\u00e1s urge atender? \u00bfA qui\u00e9nes debemos denunciar, demandar, exigir, reeducar? \u00bfQui\u00e9nes son actualmente el objetivo de nuestros mensajes?<\/b><\/p>\n<p><b>Proponemos hacer un ejercicio de honestidad entre nosotres; admitir que no todes somos amigos, resaltando que existen grupos, as\u00ed como comunidades m\u00e1s cerradas, hermandades, clubs y hasta separatistas radicales, pero no es momento de se\u00f1alarnos entre nosotros y eliminar nuestras consignas particulares, al contrario, ser\u00eda el momento de hacer una tregua para estar unidos un solo d\u00eda, el d\u00eda en que podamos mostrar que nuestra fuerza puede m\u00e1s que la negatividad del resto de la sociedad, a\u00fan francamente conservadora.<\/b><\/p>\n<p><b>Demostremos que esas divisiones son reales pero que no impiden que un d\u00eda marchemos todas, todos y todes, este 25 de junio del 2022, con el apoyo de instituciones gubernamentales y de ustedes como sociedad. \u00a1Vamos juntos por una sociedad en transformaci\u00f3n!<\/b><\/p>\n<p>[\/fusion_text][fusion_imageframe image_id=&#8221;43616|medium&#8221; max_width=&#8221;&#8221; style_type=&#8221;&#8221; blur=&#8221;&#8221; stylecolor=&#8221;&#8221; hover_type=&#8221;none&#8221; bordersize=&#8221;&#8221; bordercolor=&#8221;&#8221; borderradius=&#8221;&#8221; align=&#8221;none&#8221; lightbox=&#8221;no&#8221; gallery_id=&#8221;&#8221; lightbox_image=&#8221;&#8221; lightbox_image_id=&#8221;&#8221; alt=&#8221;&#8221; link=&#8221;&#8221; linktarget=&#8221;_self&#8221; hide_on_mobile=&#8221;small-visibility,medium-visibility,large-visibility&#8221; class=&#8221;&#8221; id=&#8221;&#8221; animation_type=&#8221;&#8221; animation_direction=&#8221;left&#8221; animation_speed=&#8221;0.3&#8243; animation_offset=&#8221;&#8221;]https:\/\/www.bitacoracdmx.com\/wp-content\/uploads\/2022\/04\/243698ac-f98e-433f-bdbf-53560ade37dd-300&#215;300.jpg[\/fusion_imageframe][\/fusion_builder_column][\/fusion_builder_row][\/fusion_builder_container]<\/p>\n","protected":false},"excerpt":{"rendered":"<p>[fusion_builder_container hundred_percent=&#8221;no&#8221; equal_height_columns=&#8221;no&#8221; menu_anchor=&#8221;&#8221; hide_on_mobile=&#8221;small-visibility,medium-visibility,large-visibility&#8221; class=&#8221;&#8221; id=&#8221;&#8221; background_color=&#8221;&#8221; background_image=&#8221;&#8221; background_position=&#8221;center center&#8221; background_repeat=&#8221;no-repeat&#8221; fade=&#8221;no&#8221; background_parallax=&#8221;none&#8221; parallax_speed=&#8221;0.3&#8243; video_mp4=&#8221;&#8221; video_webm=&#8221;&#8221; video_ogv=&#8221;&#8221; video_url=&#8221;&#8221; video_aspect_ratio=&#8221;16:9&#8243; video_loop=&#8221;yes&#8221; video_mute=&#8221;yes&#8221; overlay_color=&#8221;&#8221; video_preview_image=&#8221;&#8221; border_size=&#8221;&#8221; border_color=&#8221;&#8221; border_style=&#8221;solid&#8221; padding_top=&#8221;&#8221; padding_bottom=&#8221;&#8221; padding_left=&#8221;&#8221; padding_right=&#8221;&#8221;][fusion_builder_row][fusion_builder_column type=&#8221;1_1&#8243; layout=&#8221;1_1&#8243; background_position=&#8221;left top&#8221; background_color=&#8221;&#8221; border_size=&#8221;&#8221; border_color=&#8221;&#8221; border_style=&#8221;solid&#8221; border_position=&#8221;all&#8221; spacing=&#8221;yes&#8221; background_image=&#8221;&#8221; background_repeat=&#8221;no-repeat&#8221; padding_top=&#8221;&#8221; padding_right=&#8221;&#8221; padding_bottom=&#8221;&#8221; padding_left=&#8221;&#8221; margin_top=&#8221;0px&#8221; margin_bottom=&#8221;0px&#8221; class=&#8221;&#8221; id=&#8221;&#8221; animation_type=&#8221;&#8221; animation_speed=&#8221;0.3&#8243; animation_direction=&#8221;left&#8221; hide_on_mobile=&#8221;small-visibility,medium-visibility,large-visibility&#8221; center_content=&#8221;no&#8221; last=&#8221;no&#8221; min_height=&#8221;&#8221; hover_type=&#8221;none&#8221; link=&#8221;&#8221;][fusion_text] REDACCI\u00d3N \u00a1VAMOS JUNTES POR IGUALDAD, RESPETO Y EQUIDAD! Hacemos un llamado a todos los comit\u00e9s LGBT, para que se trabaje de manera conjunta y nos sea posible celebrar este 25 de junio una fiesta de luces, colores y alegr\u00eda como [&hellip;]<\/p>\n","protected":false},"author":1,"featured_media":43616,"comment_status":"open","ping_status":"open","sticky":false,"template":"","format":"standard","meta":{"footnotes":""},"categories":[4,9],"tags":[],"_links":{"self":[{"href":"https:\/\/www.bitacoracdmx.com\/index.php?rest_route=\/wp\/v2\/posts\/43615"}],"collection":[{"href":"https:\/\/www.bitacoracdmx.com\/index.php?rest_route=\/wp\/v2\/posts"}],"about":[{"href":"https:\/\/www.bitacoracdmx.com\/index.php?rest_route=\/wp\/v2\/types\/post"}],"author":[{"embeddable":true,"href":"https:\/\/www.bitacoracdmx.com\/index.php?rest_route=\/wp\/v2\/users\/1"}],"replies":[{"embeddable":true,"href":"https:\/\/www.bitacoracdmx.com\/index.php?rest_route=%2Fwp%2Fv2%2Fcomments&post=43615"}],"version-history":[{"count":1,"href":"https:\/\/www.bitacoracdmx.com\/index.php?rest_route=\/wp\/v2\/posts\/43615\/revisions"}],"predecessor-version":[{"id":43617,"href":"https:\/\/www.bitacoracdmx.com\/index.php?rest_route=\/wp\/v2\/posts\/43615\/revisions\/43617"}],"wp:featuredmedia":[{"embeddable":true,"href":"https:\/\/www.bitacoracdmx.com\/index.php?rest_route=\/wp\/v2\/media\/43616"}],"wp:attachment":[{"href":"https:\/\/www.bitacoracdmx.com\/index.php?rest_route=%2Fwp%2Fv2%2Fmedia&parent=43615"}],"wp:term":[{"taxonomy":"category","embeddable":true,"href":"https:\/\/www.bitacoracdmx.com\/index.php?rest_route=%2Fwp%2Fv2%2Fcategories&post=43615"},{"taxonomy":"post_tag","embeddable":true,"href":"https:\/\/www.bitacoracdmx.com\/index.php?rest_route=%2Fwp%2Fv2%2Ftags&post=43615"}],"curies":[{"name":"wp","href":"https:\/\/api.w.org\/{rel}","templated":true}]}}