{"id":43621,"date":"2022-04-01T02:25:25","date_gmt":"2022-04-01T02:25:25","guid":{"rendered":"https:\/\/www.bitacoracdmx.com\/?p=43621"},"modified":"2022-04-01T02:25:25","modified_gmt":"2022-04-01T02:25:25","slug":"nominados-al-grammy-americano-los-rabanes-anuncian-concierto-en-nueva-york-celebrando-el-5-de-mayo","status":"publish","type":"post","link":"https:\/\/www.bitacoracdmx.com\/?p=43621","title":{"rendered":"Nominados al GRAMMY AMERICANO LOS RABANES anuncian concierto en NUEVA YORK celebrando el 5 DE MAYO."},"content":{"rendered":"<p>[fusion_builder_container hundred_percent=&#8221;no&#8221; equal_height_columns=&#8221;no&#8221; menu_anchor=&#8221;&#8221; hide_on_mobile=&#8221;small-visibility,medium-visibility,large-visibility&#8221; class=&#8221;&#8221; id=&#8221;&#8221; background_color=&#8221;&#8221; background_image=&#8221;&#8221; background_position=&#8221;center center&#8221; background_repeat=&#8221;no-repeat&#8221; fade=&#8221;no&#8221; background_parallax=&#8221;none&#8221; parallax_speed=&#8221;0.3&#8243; video_mp4=&#8221;&#8221; video_webm=&#8221;&#8221; video_ogv=&#8221;&#8221; video_url=&#8221;&#8221; video_aspect_ratio=&#8221;16:9&#8243; video_loop=&#8221;yes&#8221; video_mute=&#8221;yes&#8221; overlay_color=&#8221;&#8221; video_preview_image=&#8221;&#8221; border_size=&#8221;&#8221; border_color=&#8221;&#8221; border_style=&#8221;solid&#8221; padding_top=&#8221;&#8221; padding_bottom=&#8221;&#8221; padding_left=&#8221;&#8221; padding_right=&#8221;&#8221;][fusion_builder_row][fusion_builder_column type=&#8221;1_1&#8243; layout=&#8221;1_1&#8243; background_position=&#8221;left top&#8221; background_color=&#8221;&#8221; border_size=&#8221;&#8221; border_color=&#8221;&#8221; border_style=&#8221;solid&#8221; border_position=&#8221;all&#8221; spacing=&#8221;yes&#8221; background_image=&#8221;&#8221; background_repeat=&#8221;no-repeat&#8221; padding_top=&#8221;&#8221; padding_right=&#8221;&#8221; padding_bottom=&#8221;&#8221; padding_left=&#8221;&#8221; margin_top=&#8221;0px&#8221; margin_bottom=&#8221;0px&#8221; class=&#8221;&#8221; id=&#8221;&#8221; animation_type=&#8221;&#8221; animation_speed=&#8221;0.3&#8243; animation_direction=&#8221;left&#8221; hide_on_mobile=&#8221;small-visibility,medium-visibility,large-visibility&#8221; center_content=&#8221;no&#8221; last=&#8221;no&#8221; min_height=&#8221;&#8221; hover_type=&#8221;none&#8221; link=&#8221;&#8221;][fusion_text]<\/p>\n<p>REDACCI\u00d3N<\/p>\n<div>\n<p dir=\"ltr\"><em><strong>Rabanes\u00a0<\/strong>una de las bandas m\u00e1s emblem\u00e1ticas del rock fusi\u00f3n en Latinoam\u00e9rica confirm\u00f3 su regreso a Estados Unidos. Llegan a la ciudad de Nueva York\u00a0 en concierto en el legendario centro de m\u00fasica en vivo\u00a0\u00a0<strong>Sob&#8217;s en Manhattan el pr\u00f3ximo 5 de May<\/strong><\/em><strong>o.\u00a0<\/strong><\/p>\n<\/div>\n<div>\n<div>Actualmente est\u00e1n nominados al Grammy Americano,\u00a0 por su colaboraci\u00f3n con la canci\u00f3n \u201cLa Patineta\u201d de 123 Andr\u00e9s junto a Ruben Blades, Henry G, sencillo del disco \u00a0nominado a &#8220;Best Children Album&#8221;, que se realizar\u00e1n el pr\u00f3ximo\u00a0<strong>Domingo 3 de Abril<\/strong>\u00a0en Las Vegas Nevada.\u00a0<br aria-hidden=\"true\" \/><br aria-hidden=\"true\" \/><strong>Rabanes\u00a0<\/strong>regresar\u00e1 a New York a celebrar su nominaci\u00f3n a los premios Grammys junto a Rub\u00e9n Blades\u00a0y lo har\u00e1 en una fecha especial;\u00a0el jueves\u00a0<strong>Cinco de Mayo\u00a0<\/strong>en el legendario\u00a0<strong>SOB&#8217;S\u00a0<\/strong>,\u00a0en donde se han presentado innumerables figuras de la m\u00fasica como Celia Cruz, Cardi B, Marc Anthony, Black Eyed Peas, Los Fabulosos Cadillacs entre otros.\u00a0<br aria-hidden=\"true\" \/><br aria-hidden=\"true\" \/><strong>Los Rabanes<\/strong>\u00a0es una de las bandas m\u00e1s emblem\u00e1ticas del rock fusi\u00f3n en Latinoam\u00e9rica. Su trayectoria musical los ha logrado posicionar en la industria discogr\u00e1fica latina como l\u00edder vanguardista de la m\u00fasica fusi\u00f3n. En el 2007 es catalogado como la mejor banda de Rock Latino por los Latin Grammys, realizando giras por todo el mundo bajo el reconocimiento internacional,\u00a0grabando con importantes productores como Emilio Estefan, Rub\u00e9n Blades, Sebastian Krys. Tiene 15 discos de estudio, \u00a03 discos en Vivo, 2 discos recopilatorios, decenas de colaboraciones con grandes artistas entre ellos;\u00a0<a href=\"https:\/\/mailtrack.io\/trace\/link\/c83a33a178961b3b716329175e7135ba8edfd2e4?url=https%3A%2F%2Fyoutu.be%2FajdmzgiQRlY%3Fmc_cid%3Df2209aa4d3%26mc_eid%3DUNIQID&amp;userId=491255&amp;signature=214d5aa31ce73ba4\" target=\"_blank\" rel=\"noopener noreferrer\" data-auth=\"NotApplicable\" data-linkindex=\"11\">Ruben Blades<\/a>,\u00a0<a href=\"https:\/\/mailtrack.io\/trace\/link\/911049defcc01899c161812acc6a4d500d68cbd0?url=https%3A%2F%2Fyoutu.be%2FdUktU6dgSxw%3Fmc_cid%3Df2209aa4d3%26mc_eid%3DUNIQID&amp;userId=491255&amp;signature=da9608f79b3edbdc\" target=\"_blank\" rel=\"noopener noreferrer\" data-auth=\"NotApplicable\" data-linkindex=\"12\">Thalia<\/a>,\u00a0<a href=\"https:\/\/mailtrack.io\/trace\/link\/02951a71177902d779dc44eca496c21bd165088c?url=https%3A%2F%2Fyoutu.be%2Fkp4dkCDFxVs%3Fmc_cid%3Df2209aa4d3%26mc_eid%3DUNIQID&amp;userId=491255&amp;signature=870fd17071889893\" target=\"_blank\" rel=\"noopener noreferrer\" data-auth=\"NotApplicable\" data-linkindex=\"13\">Don Omar,<\/a>\u00a0<a href=\"https:\/\/mailtrack.io\/trace\/link\/db67702de5db20a637cb51dac67664c25d10455b?url=https%3A%2F%2Fyoutu.be%2F_qpIpmV2WlY%3Fmc_cid%3Df2209aa4d3%26mc_eid%3DUNIQID&amp;userId=491255&amp;signature=e5e77baa9ed0008f\" target=\"_blank\" rel=\"noopener noreferrer\" data-auth=\"NotApplicable\" data-linkindex=\"14\">El Tri<\/a>,\u00a0<a href=\"https:\/\/mailtrack.io\/trace\/link\/27df27c5065df92b0cb10276029a3eca5216d8e1?url=https%3A%2F%2Fyoutu.be%2FSHLin_KZtA4%3Fmc_cid%3Df2209aa4d3%26mc_eid%3DUNIQID&amp;userId=491255&amp;signature=49ad6309fe4c895a\" target=\"_blank\" rel=\"noopener noreferrer\" data-auth=\"NotApplicable\" data-linkindex=\"15\">Los Aut\u00e9nticos Decadentes<\/a>, Jessy y Joy,\u00a0<a href=\"https:\/\/mailtrack.io\/trace\/link\/075979f841c8adcd7086f5c7b8ddce7bf0d10196?url=https%3A%2F%2Fyoutu.be%2F79hWHYj2CmQ%3Fmc_cid%3Df2209aa4d3%26mc_eid%3DUNIQID&amp;userId=491255&amp;signature=b5f2a62832ffb128\" target=\"_blank\" rel=\"noopener noreferrer\" data-auth=\"NotApplicable\" data-linkindex=\"16\">Beto Cuevas<\/a>,\u00a0<a href=\"https:\/\/mailtrack.io\/trace\/link\/99a87f04c9d27ff5b9b2b78ba8a556782662fdc5?url=https%3A%2F%2Fyoutu.be%2F7LR6cm2lzz0%3Fmc_cid%3Df2209aa4d3%26mc_eid%3DUNIQID&amp;userId=491255&amp;signature=9e74218393c455ca\" target=\"_blank\" rel=\"noopener noreferrer\" data-auth=\"NotApplicable\" data-linkindex=\"17\">Los Caligaris,<\/a>\u00a0<a href=\"https:\/\/mailtrack.io\/trace\/link\/e765c3aea5af48d871e3364020ef41844cafcfe7?url=https%3A%2F%2Fyoutu.be%2FH4LnpTMhzG4%3Fmc_cid%3Df2209aa4d3%26mc_eid%3DUNIQID&amp;userId=491255&amp;signature=a62597f6b5749924\" target=\"_blank\" rel=\"noopener noreferrer\" data-auth=\"NotApplicable\" data-linkindex=\"18\">Los Pericos,<\/a>\u00a0entre otros.<\/div>\n<p dir=\"ltr\">Ganadores del Grammy latino, como mejor \u00e1lbum de Rock Alternativo (Kamikaze)\u00a0 y reconocidos por la prensa especializada\u00a0como banda de culto en su g\u00e9nero. Regresan a Estados Unidos tras la pandemia que los hab\u00eda alejado de los escenarios en el pa\u00eds.<\/p>\n<p dir=\"ltr\">&#8220;Esta es una nueva etapa para Rabanes en el mercado de Estados Unidos y esperamos reencontrarnos con nuestros seguidores y encantar a nuevas generaciones, celebraremos en grande estos\u00a0 20 a\u00f1os de carrera, este tour ser\u00e1 un espect\u00e1culo muy en\u00e9rgico e intenso con un recorrido por los\u00a0 temas de todos nuestros \u00e1lbumes incluyendo a todo ritmo, el Album &#8220;A todo Vol\u00famen Pandemia Records&#8221; como todos los \u00e9xitos cl\u00e1sicos, comenta Emilio Regueira, vocalista.<\/p>\n<p dir=\"ltr\">En m\u00e1s de dos d\u00e9cadas de trayectoria, los m\u00fasicos originarios de Chitr\u00e9 (Panam\u00e1) han grabado nueve discos de estudio, contando con reconocidos\u00a0 productores en distintas etapas como Roberto Blades,\u00a0 Emilio Estefan Jr, Flavio Cianciarulo (Fabulosos Cadillacs), Micky Huidobro (Molotov), Sebastian Krys y Javier Solis (Rockass Online Music).<\/p>\n<p dir=\"ltr\"><strong>\u00a0PRODUCE EEG LIVE\u00a0<\/strong><\/p>\n<\/div>\n<div><strong>JUEVES 5 DE MAYO \u00a0&#8211;\u00a0SOB&#8217;S\u00a0<br aria-hidden=\"true\" \/>204 Varick St, New York, NY 1001<\/strong><\/div>\n<p>[\/fusion_text][fusion_imageframe image_id=&#8221;43622|medium&#8221; max_width=&#8221;&#8221; style_type=&#8221;&#8221; blur=&#8221;&#8221; stylecolor=&#8221;&#8221; hover_type=&#8221;none&#8221; bordersize=&#8221;&#8221; bordercolor=&#8221;&#8221; borderradius=&#8221;&#8221; align=&#8221;none&#8221; lightbox=&#8221;no&#8221; gallery_id=&#8221;&#8221; lightbox_image=&#8221;&#8221; lightbox_image_id=&#8221;&#8221; alt=&#8221;&#8221; link=&#8221;&#8221; linktarget=&#8221;_self&#8221; hide_on_mobile=&#8221;small-visibility,medium-visibility,large-visibility&#8221; class=&#8221;&#8221; id=&#8221;&#8221; animation_type=&#8221;&#8221; animation_direction=&#8221;left&#8221; animation_speed=&#8221;0.3&#8243; animation_offset=&#8221;&#8221;]https:\/\/www.bitacoracdmx.com\/wp-content\/uploads\/2022\/04\/01-Los_Rabanes_KV_Horizontal-300&#215;169.jpg[\/fusion_imageframe][\/fusion_builder_column][\/fusion_builder_row][\/fusion_builder_container]<\/p>\n","protected":false},"excerpt":{"rendered":"<p>[fusion_builder_container hundred_percent=&#8221;no&#8221; equal_height_columns=&#8221;no&#8221; menu_anchor=&#8221;&#8221; hide_on_mobile=&#8221;small-visibility,medium-visibility,large-visibility&#8221; class=&#8221;&#8221; id=&#8221;&#8221; background_color=&#8221;&#8221; background_image=&#8221;&#8221; background_position=&#8221;center center&#8221; background_repeat=&#8221;no-repeat&#8221; fade=&#8221;no&#8221; background_parallax=&#8221;none&#8221; parallax_speed=&#8221;0.3&#8243; video_mp4=&#8221;&#8221; video_webm=&#8221;&#8221; video_ogv=&#8221;&#8221; video_url=&#8221;&#8221; video_aspect_ratio=&#8221;16:9&#8243; video_loop=&#8221;yes&#8221; video_mute=&#8221;yes&#8221; overlay_color=&#8221;&#8221; video_preview_image=&#8221;&#8221; border_size=&#8221;&#8221; border_color=&#8221;&#8221; border_style=&#8221;solid&#8221; padding_top=&#8221;&#8221; padding_bottom=&#8221;&#8221; padding_left=&#8221;&#8221; padding_right=&#8221;&#8221;][fusion_builder_row][fusion_builder_column type=&#8221;1_1&#8243; layout=&#8221;1_1&#8243; background_position=&#8221;left top&#8221; background_color=&#8221;&#8221; border_size=&#8221;&#8221; border_color=&#8221;&#8221; border_style=&#8221;solid&#8221; border_position=&#8221;all&#8221; spacing=&#8221;yes&#8221; background_image=&#8221;&#8221; background_repeat=&#8221;no-repeat&#8221; padding_top=&#8221;&#8221; padding_right=&#8221;&#8221; padding_bottom=&#8221;&#8221; padding_left=&#8221;&#8221; margin_top=&#8221;0px&#8221; margin_bottom=&#8221;0px&#8221; class=&#8221;&#8221; id=&#8221;&#8221; animation_type=&#8221;&#8221; animation_speed=&#8221;0.3&#8243; animation_direction=&#8221;left&#8221; hide_on_mobile=&#8221;small-visibility,medium-visibility,large-visibility&#8221; center_content=&#8221;no&#8221; last=&#8221;no&#8221; min_height=&#8221;&#8221; hover_type=&#8221;none&#8221; link=&#8221;&#8221;][fusion_text] REDACCI\u00d3N Rabanes\u00a0una de las bandas m\u00e1s emblem\u00e1ticas del rock fusi\u00f3n en Latinoam\u00e9rica confirm\u00f3 su regreso a Estados Unidos. Llegan a la ciudad de Nueva York\u00a0 en concierto en el legendario centro de m\u00fasica en vivo\u00a0\u00a0Sob&#8217;s en Manhattan el pr\u00f3ximo 5 [&hellip;]<\/p>\n","protected":false},"author":1,"featured_media":43622,"comment_status":"open","ping_status":"open","sticky":false,"template":"","format":"standard","meta":{"footnotes":""},"categories":[9,11],"tags":[],"_links":{"self":[{"href":"https:\/\/www.bitacoracdmx.com\/index.php?rest_route=\/wp\/v2\/posts\/43621"}],"collection":[{"href":"https:\/\/www.bitacoracdmx.com\/index.php?rest_route=\/wp\/v2\/posts"}],"about":[{"href":"https:\/\/www.bitacoracdmx.com\/index.php?rest_route=\/wp\/v2\/types\/post"}],"author":[{"embeddable":true,"href":"https:\/\/www.bitacoracdmx.com\/index.php?rest_route=\/wp\/v2\/users\/1"}],"replies":[{"embeddable":true,"href":"https:\/\/www.bitacoracdmx.com\/index.php?rest_route=%2Fwp%2Fv2%2Fcomments&post=43621"}],"version-history":[{"count":1,"href":"https:\/\/www.bitacoracdmx.com\/index.php?rest_route=\/wp\/v2\/posts\/43621\/revisions"}],"predecessor-version":[{"id":43623,"href":"https:\/\/www.bitacoracdmx.com\/index.php?rest_route=\/wp\/v2\/posts\/43621\/revisions\/43623"}],"wp:featuredmedia":[{"embeddable":true,"href":"https:\/\/www.bitacoracdmx.com\/index.php?rest_route=\/wp\/v2\/media\/43622"}],"wp:attachment":[{"href":"https:\/\/www.bitacoracdmx.com\/index.php?rest_route=%2Fwp%2Fv2%2Fmedia&parent=43621"}],"wp:term":[{"taxonomy":"category","embeddable":true,"href":"https:\/\/www.bitacoracdmx.com\/index.php?rest_route=%2Fwp%2Fv2%2Fcategories&post=43621"},{"taxonomy":"post_tag","embeddable":true,"href":"https:\/\/www.bitacoracdmx.com\/index.php?rest_route=%2Fwp%2Fv2%2Ftags&post=43621"}],"curies":[{"name":"wp","href":"https:\/\/api.w.org\/{rel}","templated":true}]}}