{"id":43627,"date":"2022-04-01T02:37:39","date_gmt":"2022-04-01T02:37:39","guid":{"rendered":"https:\/\/www.bitacoracdmx.com\/?p=43627"},"modified":"2022-04-01T02:37:39","modified_gmt":"2022-04-01T02:37:39","slug":"madre-coraje-y-sus-hijos-una-de-las-obras-mas-distintivas-de-bertolt-brecht-sera-cobijada-por-el-teatro-helenico","status":"publish","type":"post","link":"https:\/\/www.bitacoracdmx.com\/?p=43627","title":{"rendered":"Madre coraje y sus hijos, una de las obras m\u00e1s distintivas de Bertolt Brecht, ser\u00e1 cobijada por el Teatro Hel\u00e9nico"},"content":{"rendered":"<p>[fusion_builder_container hundred_percent=&#8221;no&#8221; equal_height_columns=&#8221;no&#8221; menu_anchor=&#8221;&#8221; hide_on_mobile=&#8221;small-visibility,medium-visibility,large-visibility&#8221; class=&#8221;&#8221; id=&#8221;&#8221; background_color=&#8221;&#8221; background_image=&#8221;&#8221; background_position=&#8221;center center&#8221; background_repeat=&#8221;no-repeat&#8221; fade=&#8221;no&#8221; background_parallax=&#8221;none&#8221; parallax_speed=&#8221;0.3&#8243; video_mp4=&#8221;&#8221; video_webm=&#8221;&#8221; video_ogv=&#8221;&#8221; video_url=&#8221;&#8221; video_aspect_ratio=&#8221;16:9&#8243; video_loop=&#8221;yes&#8221; video_mute=&#8221;yes&#8221; overlay_color=&#8221;&#8221; video_preview_image=&#8221;&#8221; border_size=&#8221;&#8221; border_color=&#8221;&#8221; border_style=&#8221;solid&#8221; padding_top=&#8221;&#8221; padding_bottom=&#8221;&#8221; padding_left=&#8221;&#8221; padding_right=&#8221;&#8221;][fusion_builder_row][fusion_builder_column type=&#8221;1_1&#8243; layout=&#8221;1_1&#8243; background_position=&#8221;left top&#8221; background_color=&#8221;&#8221; border_size=&#8221;&#8221; border_color=&#8221;&#8221; border_style=&#8221;solid&#8221; border_position=&#8221;all&#8221; spacing=&#8221;yes&#8221; background_image=&#8221;&#8221; background_repeat=&#8221;no-repeat&#8221; padding_top=&#8221;&#8221; padding_right=&#8221;&#8221; padding_bottom=&#8221;&#8221; padding_left=&#8221;&#8221; margin_top=&#8221;0px&#8221; margin_bottom=&#8221;0px&#8221; class=&#8221;&#8221; id=&#8221;&#8221; animation_type=&#8221;&#8221; animation_speed=&#8221;0.3&#8243; animation_direction=&#8221;left&#8221; hide_on_mobile=&#8221;small-visibility,medium-visibility,large-visibility&#8221; center_content=&#8221;no&#8221; last=&#8221;no&#8221; min_height=&#8221;&#8221; hover_type=&#8221;none&#8221; link=&#8221;&#8221;][fusion_text]<\/p>\n<p>REDACCI\u00d3N<\/p>\n<p>\u2022\u00a0Dirigida por el reconocido dramaturgo mexicano Luis de Tavira<br aria-hidden=\"true\" \/>\u2022 Una obra de la compa\u00f1\u00eda Tel\u00f3n de Arena, celebrando 20 a\u00f1os de trayectoria esc\u00e9nica<br aria-hidden=\"true\" \/>\u2022 Preventa del 30% de descuento, v\u00e1lida hasta el 9 de abril<\/p>\n<p>Gracias al apoyo de la Fundaci\u00f3n BBVA M\u00e9xico, Tel\u00f3n de Arena llegar\u00e1 al Centro Cultural Hel\u00e9nico con la controversial pero fundamental pieza teatral\u00a0<em>Madre Coraje y sus hijos<\/em>, de Bertolt Brecht \u2014quien la escribi\u00f3 en 1939, en un contexto de guerra y durante su periodo de exilio en Suecia\u2014 ahora, en este 2022, la obra se presentar\u00e1 bajo la versi\u00f3n y direcci\u00f3n del c\u00e9lebre Luis de Tavira. Las funciones se llevar\u00e1n a cabo del 9 al 24 de abril \u2014los jueves y viernes a las 19:00 horas; y los s\u00e1bados y domingos a las 18:00 horas\u2014 en el Teatro Hel\u00e9nico.<br aria-hidden=\"true\" \/><br aria-hidden=\"true\" \/><em>\u00a0 \u00a0 \u00a0Madre Coraje y sus hijos<\/em>\u00a0es una obra maestra que fue decisiva para la renovaci\u00f3n est\u00e9tica del teatro del siglo XX. Esta adaptaci\u00f3n de la compa\u00f1\u00eda Tel\u00f3n de Arena oriunda de Ciudad Ju\u00e1rez, propone construir un espect\u00e1culo que expone con contundencia los rasgos de una guerra permanente convertida en el estado de normalidad. Tambi\u00e9n reflexiona entorno a la violencia, la inseguridad y la crisis civil que supone la implantaci\u00f3n sistem\u00e1tica del orden de la guerra como expresi\u00f3n cr\u00f3nica de la locura humana.<br aria-hidden=\"true\" \/><br aria-hidden=\"true\" \/>La perspectiva de abordaje en este montaje es la de los conminados a sobrevivir una guerra donde la traficante Anna Fierling, mejor conocida como Madre Coraje, se encuentra en el apogeo de su carrera comercial; empuja un remolque como se empuja el carro de la historia. Esa guerra, de la cual saca provecho, le quitar\u00e1 al mismo tiempo lo m\u00e1s preciado de su vida: sus hijos. As\u00ed es como la desolaci\u00f3n b\u00e9lica obliga a Madre Coraje a seguir su camino en soledad.<br aria-hidden=\"true\" \/>\u00a0<br aria-hidden=\"true\" \/>En medio de un doloroso paisaje emocional, la obra proyecta diversas cat\u00e1strofes ocurridas durante la guerra de los treinta a\u00f1os (librada en Europa Central entre los a\u00f1os 1618 y 1648); a pesar de la distancia temporal, los rasgos de aquellos sucesos b\u00e9licos se reflejan en la realidad actual a trav\u00e9s del crimen organizado, los conflictos internacionales, el tr\u00e1fico de armas y los feminicidios.<br aria-hidden=\"true\" \/>\u00a0<br aria-hidden=\"true\" \/>Se trata de una virtuosa producci\u00f3n que involucra a 12 actores y actrices, as\u00ed como a 5 m\u00fasicos en escena. Cuenta con la extraordinaria participaci\u00f3n de creativos de amplia y reconocida trayectoria, tales como: Stefanie Weiss en la traducci\u00f3n del alem\u00e1n; Iv\u00e1n del Prado en la composici\u00f3n musical; Jes\u00fas Hern\u00e1ndez en el dise\u00f1o de escenograf\u00eda e iluminaci\u00f3n; Jerildy Bosch como vestuarista; y Roberto Jurado en la direcci\u00f3n musical.<br aria-hidden=\"true\" \/><br aria-hidden=\"true\" \/>El montaje tendr\u00e1 una breve temporada <strong>del 9 al 24 de abril,\u00a0<\/strong>con funciones los jueves y viernes a las 19:00 horas; y los s\u00e1bados y domingos a las 18:00 horas,<strong>\u00a0en el Teatro Hel\u00e9nico<\/strong>. El costo de los boletos es de\u00a0<strong>$360\u00a0<\/strong><strong>en la Planta baja y\u00a0<\/strong>de<strong>\u00a0$205 en la Planta alta<\/strong>. Actualmente hay una\u00a0<strong>preventa del 30%<\/strong>\u00a0de descuento,\u00a0<strong>v\u00e1lida del 18 de marzo al 9 de abril<\/strong>. Las localidades pueden adquirirse en las taquillas del Centro Cultural Hel\u00e9nico, ubicado en avenida Revoluci\u00f3n 1500, o en la p\u00e1gina:\u00a0<strong>helenico.gob.mx.<\/strong><br aria-hidden=\"true\" \/><br aria-hidden=\"true\" \/>Se le recuerda al p\u00fablico que las funciones est\u00e1n supeditadas al sem\u00e1foro epidemiol\u00f3gico de la Ciudad de M\u00e9xico. Se exhorta a las y los espectadores a acudir con responsabilidad y quedarse en casa si presentan alg\u00fan s\u00edntoma (dolor de cabeza, garganta o temperatura superior a 37.5 grados).<\/p>\n<p>[\/fusion_text][fusion_imageframe image_id=&#8221;43628|medium&#8221; max_width=&#8221;&#8221; style_type=&#8221;&#8221; blur=&#8221;&#8221; stylecolor=&#8221;&#8221; hover_type=&#8221;none&#8221; bordersize=&#8221;&#8221; bordercolor=&#8221;&#8221; borderradius=&#8221;&#8221; align=&#8221;none&#8221; lightbox=&#8221;no&#8221; gallery_id=&#8221;&#8221; lightbox_image=&#8221;&#8221; lightbox_image_id=&#8221;&#8221; alt=&#8221;&#8221; link=&#8221;&#8221; linktarget=&#8221;_self&#8221; hide_on_mobile=&#8221;small-visibility,medium-visibility,large-visibility&#8221; class=&#8221;&#8221; id=&#8221;&#8221; animation_type=&#8221;&#8221; animation_direction=&#8221;left&#8221; animation_speed=&#8221;0.3&#8243; animation_offset=&#8221;&#8221;]https:\/\/www.bitacoracdmx.com\/wp-content\/uploads\/2022\/04\/22cd9d55-30e3-6a15-c7aa-63dc3844e3dd-300&#215;300.jpg[\/fusion_imageframe][\/fusion_builder_column][\/fusion_builder_row][\/fusion_builder_container]<\/p>\n","protected":false},"excerpt":{"rendered":"<p>[fusion_builder_container hundred_percent=&#8221;no&#8221; equal_height_columns=&#8221;no&#8221; menu_anchor=&#8221;&#8221; hide_on_mobile=&#8221;small-visibility,medium-visibility,large-visibility&#8221; class=&#8221;&#8221; id=&#8221;&#8221; background_color=&#8221;&#8221; background_image=&#8221;&#8221; background_position=&#8221;center center&#8221; background_repeat=&#8221;no-repeat&#8221; fade=&#8221;no&#8221; background_parallax=&#8221;none&#8221; parallax_speed=&#8221;0.3&#8243; video_mp4=&#8221;&#8221; video_webm=&#8221;&#8221; video_ogv=&#8221;&#8221; video_url=&#8221;&#8221; video_aspect_ratio=&#8221;16:9&#8243; video_loop=&#8221;yes&#8221; video_mute=&#8221;yes&#8221; overlay_color=&#8221;&#8221; video_preview_image=&#8221;&#8221; border_size=&#8221;&#8221; border_color=&#8221;&#8221; border_style=&#8221;solid&#8221; padding_top=&#8221;&#8221; padding_bottom=&#8221;&#8221; padding_left=&#8221;&#8221; padding_right=&#8221;&#8221;][fusion_builder_row][fusion_builder_column type=&#8221;1_1&#8243; layout=&#8221;1_1&#8243; background_position=&#8221;left top&#8221; background_color=&#8221;&#8221; border_size=&#8221;&#8221; border_color=&#8221;&#8221; border_style=&#8221;solid&#8221; border_position=&#8221;all&#8221; spacing=&#8221;yes&#8221; background_image=&#8221;&#8221; background_repeat=&#8221;no-repeat&#8221; padding_top=&#8221;&#8221; padding_right=&#8221;&#8221; padding_bottom=&#8221;&#8221; padding_left=&#8221;&#8221; margin_top=&#8221;0px&#8221; margin_bottom=&#8221;0px&#8221; class=&#8221;&#8221; id=&#8221;&#8221; animation_type=&#8221;&#8221; animation_speed=&#8221;0.3&#8243; animation_direction=&#8221;left&#8221; hide_on_mobile=&#8221;small-visibility,medium-visibility,large-visibility&#8221; center_content=&#8221;no&#8221; last=&#8221;no&#8221; min_height=&#8221;&#8221; hover_type=&#8221;none&#8221; link=&#8221;&#8221;][fusion_text] REDACCI\u00d3N \u2022\u00a0Dirigida por el reconocido dramaturgo mexicano Luis de Tavira\u2022 Una obra de la compa\u00f1\u00eda Tel\u00f3n de Arena, celebrando 20 a\u00f1os de trayectoria esc\u00e9nica\u2022 Preventa del 30% de descuento, v\u00e1lida hasta el 9 de abril Gracias al apoyo de la [&hellip;]<\/p>\n","protected":false},"author":1,"featured_media":43628,"comment_status":"open","ping_status":"open","sticky":false,"template":"","format":"standard","meta":{"footnotes":""},"categories":[9,14],"tags":[],"_links":{"self":[{"href":"https:\/\/www.bitacoracdmx.com\/index.php?rest_route=\/wp\/v2\/posts\/43627"}],"collection":[{"href":"https:\/\/www.bitacoracdmx.com\/index.php?rest_route=\/wp\/v2\/posts"}],"about":[{"href":"https:\/\/www.bitacoracdmx.com\/index.php?rest_route=\/wp\/v2\/types\/post"}],"author":[{"embeddable":true,"href":"https:\/\/www.bitacoracdmx.com\/index.php?rest_route=\/wp\/v2\/users\/1"}],"replies":[{"embeddable":true,"href":"https:\/\/www.bitacoracdmx.com\/index.php?rest_route=%2Fwp%2Fv2%2Fcomments&post=43627"}],"version-history":[{"count":1,"href":"https:\/\/www.bitacoracdmx.com\/index.php?rest_route=\/wp\/v2\/posts\/43627\/revisions"}],"predecessor-version":[{"id":43629,"href":"https:\/\/www.bitacoracdmx.com\/index.php?rest_route=\/wp\/v2\/posts\/43627\/revisions\/43629"}],"wp:featuredmedia":[{"embeddable":true,"href":"https:\/\/www.bitacoracdmx.com\/index.php?rest_route=\/wp\/v2\/media\/43628"}],"wp:attachment":[{"href":"https:\/\/www.bitacoracdmx.com\/index.php?rest_route=%2Fwp%2Fv2%2Fmedia&parent=43627"}],"wp:term":[{"taxonomy":"category","embeddable":true,"href":"https:\/\/www.bitacoracdmx.com\/index.php?rest_route=%2Fwp%2Fv2%2Fcategories&post=43627"},{"taxonomy":"post_tag","embeddable":true,"href":"https:\/\/www.bitacoracdmx.com\/index.php?rest_route=%2Fwp%2Fv2%2Ftags&post=43627"}],"curies":[{"name":"wp","href":"https:\/\/api.w.org\/{rel}","templated":true}]}}