{"id":43630,"date":"2022-04-01T02:44:35","date_gmt":"2022-04-01T02:44:35","guid":{"rendered":"https:\/\/www.bitacoracdmx.com\/?p=43630"},"modified":"2022-04-01T02:44:35","modified_gmt":"2022-04-01T02:44:35","slug":"gilberto-santa-rosa-con-sold-out-en-el-auditorio-nacional-de-mexico","status":"publish","type":"post","link":"https:\/\/www.bitacoracdmx.com\/?p=43630","title":{"rendered":"GILBERTO SANTA ROSA con \u201cSOLD OUT\u201d en el AUDITORIO NACIONAL de M\u00e9xico"},"content":{"rendered":"<p>[fusion_builder_container hundred_percent=&#8221;no&#8221; equal_height_columns=&#8221;no&#8221; menu_anchor=&#8221;&#8221; hide_on_mobile=&#8221;small-visibility,medium-visibility,large-visibility&#8221; class=&#8221;&#8221; id=&#8221;&#8221; background_color=&#8221;&#8221; background_image=&#8221;&#8221; background_position=&#8221;center center&#8221; background_repeat=&#8221;no-repeat&#8221; fade=&#8221;no&#8221; background_parallax=&#8221;none&#8221; parallax_speed=&#8221;0.3&#8243; video_mp4=&#8221;&#8221; video_webm=&#8221;&#8221; video_ogv=&#8221;&#8221; video_url=&#8221;&#8221; video_aspect_ratio=&#8221;16:9&#8243; video_loop=&#8221;yes&#8221; video_mute=&#8221;yes&#8221; overlay_color=&#8221;&#8221; video_preview_image=&#8221;&#8221; border_size=&#8221;&#8221; border_color=&#8221;&#8221; border_style=&#8221;solid&#8221; padding_top=&#8221;&#8221; padding_bottom=&#8221;&#8221; padding_left=&#8221;&#8221; padding_right=&#8221;&#8221;][fusion_builder_row][fusion_builder_column type=&#8221;1_1&#8243; layout=&#8221;1_1&#8243; background_position=&#8221;left top&#8221; background_color=&#8221;&#8221; border_size=&#8221;&#8221; border_color=&#8221;&#8221; border_style=&#8221;solid&#8221; border_position=&#8221;all&#8221; spacing=&#8221;yes&#8221; background_image=&#8221;&#8221; background_repeat=&#8221;no-repeat&#8221; padding_top=&#8221;&#8221; padding_right=&#8221;&#8221; padding_bottom=&#8221;&#8221; padding_left=&#8221;&#8221; margin_top=&#8221;0px&#8221; margin_bottom=&#8221;0px&#8221; class=&#8221;&#8221; id=&#8221;&#8221; animation_type=&#8221;&#8221; animation_speed=&#8221;0.3&#8243; animation_direction=&#8221;left&#8221; hide_on_mobile=&#8221;small-visibility,medium-visibility,large-visibility&#8221; center_content=&#8221;no&#8221; last=&#8221;no&#8221; min_height=&#8221;&#8221; hover_type=&#8221;none&#8221; link=&#8221;&#8221;][fusion_text]<\/p>\n<p>REDACCI\u00d3N<\/p>\n<p>Este viernes el artista puertorrique\u00f1o presentar\u00e1 su gira Cam\u00ednalo en una de las salas de mayor prestigio en Latinoam\u00e9rica y contin\u00faa disfrutando del \u00e9xito de su m\u00e1s reciente sencillo \u201cCartas sobre la mesa\u201d<\/p>\n<p class=\"x_MsoNormal\"><span lang=\"ES-TRAD\">Gilberto Santa Rosa llegar\u00e1 este viernes con su\u00a0<i>Cam\u00ednalo Tour<\/i>\u00a0en un concierto lleno a capacidad en la sala de mayor renombre en tierra azteca y una de las m\u00e1s importantes de Latinoam\u00e9rica, el Auditorio Nacional de M\u00e9xico. A esta marca, hay que sumarle el \u00e9xito de su m\u00e1s reciente tema en promoci\u00f3n, \u201cCartas sobre la mesa\u201d, que contin\u00faa liderando las diferentes listas de preferencia del p\u00fablico.<\/span><\/p>\n<p class=\"x_MsoNormal\"><span lang=\"ES-TRAD\">\u201cSoy muy agradecido por todo lo que sucede y ha sucedido en mi carrera. Llegar al Auditorio Nacional de M\u00e9xico con este\u00a0<i>sold out<\/i>\u00a0le da un sabor especial al trabajo que hacemos. Me siento m\u00e1s que dichoso del apoyo que el p\u00fablico mexicano le ha dado a la gira Cam\u00ednalo y a mi trabajo por tantos a\u00f1os\u201d, comparti\u00f3 Gilberto Santa Rosa sobre su presentaci\u00f3n de este viernes.\u00a0<\/span><\/p>\n<p class=\"x_MsoNormal\"><span lang=\"ES-TRAD\">Esta es la segunda ocasi\u00f3n que Santa Rosa se presenta en solitario en el Auditorio Nacional de M\u00e9xico; recinto que acomoda a sobre 10,000 espectadores y que, en esta ocasi\u00f3n, significa un lleno total para el cantante boricua.<\/span><\/p>\n<p class=\"x_MsoNormal\"><b><span lang=\"ES-TRAD\">CARTAS SOBRE LA MESA LIDERA LAS LISTAS DE POPULARIDAD<\/span><\/b><\/p>\n<p class=\"x_MsoNormal\"><span lang=\"ES-TRAD\">El pegajoso tema de Gilberto Santa Rosa, \u201cCartas sobre la mesa\u201d, contin\u00faa firme en las listas de popularidad de Billboard. Actualmente el tema se encuentra en el Top 10 de m\u00fasica tropical y Top 3 en las emisoras exclusivamente de salsa en Puerto Rico. Sin embargo, en el caso de la estaci\u00f3n radial KQ105, unos de los medidores m\u00e1s importantes de m\u00fasica popular en la Isla, Gilberto lidera el listado con la primera posici\u00f3n.\u00a0<\/span><\/p>\n<p class=\"x_MsoNormal\"><span lang=\"ES-TRAD\">\u201cCartas sobre la mesa ha sido un tema muy especial y el apoyo me llena de mucha alegr\u00eda. El alcance y el lugar de privilegio que ha ido ocupando desde que lanzamos el tema a finales de enero ha sido una bendici\u00f3n. Doy gracias a Dios, al p\u00fablico y a la vida, que me regala momentos \u00fanicos a estos 45 a\u00f1os de trayectoria musical. Tambi\u00e9n agradezco mucho a B2B Music, Believe y a todo el equipo por el esfuerzo y empe\u00f1o para con este sencillo y el disco- que ya pronto podr\u00e1n conocer\u201d, puntualiz\u00f3 Santa Rosa.\u00a0<\/span><\/p>\n<p class=\"x_MsoNormal\"><span lang=\"ES-TRAD\">El \u00e9xito del tema \u201cCartas sobre\u201d la mesa ha sido el de mayor difusi\u00f3n en los \u00faltimos a\u00f1os en la carrera de Santa Rosa, muy cerca del mega \u00e9xito y consagrado \u201cConteo regresivo\u201d.\u00a0<\/span><\/p>\n<p class=\"x_MsoNormal\"><b><span lang=\"ES-TRAD\">CAM\u00cdNALO TOUR<\/span><\/b><\/p>\n<p class=\"x_MsoNormal\"><span lang=\"ES-TRAD\">Durante los pr\u00f3ximos meses, Gilberto Santa Rosa continuar\u00e1 su\u00a0<i>Cam\u00ednalo Tour<\/i>\u00a0present\u00e1ndose el 30 de abril en Reading, Pensilvania; 2 de julio en Lima, Per\u00fa; 9 de julio en San Antonio, Texas; 27 de julio en Montevideo, Uruguay; 29 de julio en Santiago, Chile; 19 de agosto en Fort Lauderdale, Florida; 20 de agosto en Glenside, Pennsylvania; 21 de agosto en Nueva York; 27 de agosto en Bogot\u00e1, Colombia; 14 de agosto en San Jos\u00e9, Costa Rica y el 2 de septiembre en Ciudad de Panam\u00e1 en Panam\u00e1, entre otras ciudades.\u00a0<\/span><\/p>\n<p class=\"x_MsoNormal\"><span lang=\"ES-TRAD\">Para m\u00e1s informaci\u00f3n accede\u00a0<\/span><span lang=\"ES\"><a href=\"https:\/\/mailtrack.io\/trace\/link\/b9b12e15f161bd1b8b63f6b8e3bf78687e8a0242?url=http%3A%2F%2Fwww.gilbertosantarosa.com%2F&amp;userId=491255&amp;signature=288b697745d4ad7a\" target=\"_blank\" rel=\"noopener noreferrer\" data-auth=\"NotApplicable\" data-linkindex=\"0\"><span lang=\"ES-TRAD\">www.gilbertosantarosa.com<\/span><\/a><\/span><span lang=\"ES-TRAD\">\u00a0y en las redes sociales Instagram\/SantaRosaLive y Facebook\/GilbertitoSantaRosa.\u00a0<\/span><\/p>\n<p>[\/fusion_text][fusion_imageframe image_id=&#8221;43631|medium&#8221; max_width=&#8221;&#8221; style_type=&#8221;&#8221; blur=&#8221;&#8221; stylecolor=&#8221;&#8221; hover_type=&#8221;none&#8221; bordersize=&#8221;&#8221; bordercolor=&#8221;&#8221; borderradius=&#8221;&#8221; align=&#8221;none&#8221; lightbox=&#8221;no&#8221; gallery_id=&#8221;&#8221; lightbox_image=&#8221;&#8221; lightbox_image_id=&#8221;&#8221; alt=&#8221;&#8221; link=&#8221;&#8221; linktarget=&#8221;_self&#8221; hide_on_mobile=&#8221;small-visibility,medium-visibility,large-visibility&#8221; class=&#8221;&#8221; id=&#8221;&#8221; animation_type=&#8221;&#8221; animation_direction=&#8221;left&#8221; animation_speed=&#8221;0.3&#8243; animation_offset=&#8221;&#8221;]https:\/\/www.bitacoracdmx.com\/wp-content\/uploads\/2022\/04\/GilbertitoMexicoSoldOut03-30-2022-3ccccc-300&#215;200.jpeg[\/fusion_imageframe][\/fusion_builder_column][\/fusion_builder_row][\/fusion_builder_container]<\/p>\n","protected":false},"excerpt":{"rendered":"<p>[fusion_builder_container hundred_percent=&#8221;no&#8221; equal_height_columns=&#8221;no&#8221; menu_anchor=&#8221;&#8221; hide_on_mobile=&#8221;small-visibility,medium-visibility,large-visibility&#8221; class=&#8221;&#8221; id=&#8221;&#8221; background_color=&#8221;&#8221; background_image=&#8221;&#8221; background_position=&#8221;center center&#8221; background_repeat=&#8221;no-repeat&#8221; fade=&#8221;no&#8221; background_parallax=&#8221;none&#8221; parallax_speed=&#8221;0.3&#8243; video_mp4=&#8221;&#8221; video_webm=&#8221;&#8221; video_ogv=&#8221;&#8221; video_url=&#8221;&#8221; video_aspect_ratio=&#8221;16:9&#8243; video_loop=&#8221;yes&#8221; video_mute=&#8221;yes&#8221; overlay_color=&#8221;&#8221; video_preview_image=&#8221;&#8221; border_size=&#8221;&#8221; border_color=&#8221;&#8221; border_style=&#8221;solid&#8221; padding_top=&#8221;&#8221; padding_bottom=&#8221;&#8221; padding_left=&#8221;&#8221; padding_right=&#8221;&#8221;][fusion_builder_row][fusion_builder_column type=&#8221;1_1&#8243; layout=&#8221;1_1&#8243; background_position=&#8221;left top&#8221; background_color=&#8221;&#8221; border_size=&#8221;&#8221; border_color=&#8221;&#8221; border_style=&#8221;solid&#8221; border_position=&#8221;all&#8221; spacing=&#8221;yes&#8221; background_image=&#8221;&#8221; background_repeat=&#8221;no-repeat&#8221; padding_top=&#8221;&#8221; padding_right=&#8221;&#8221; padding_bottom=&#8221;&#8221; padding_left=&#8221;&#8221; margin_top=&#8221;0px&#8221; margin_bottom=&#8221;0px&#8221; class=&#8221;&#8221; id=&#8221;&#8221; animation_type=&#8221;&#8221; animation_speed=&#8221;0.3&#8243; animation_direction=&#8221;left&#8221; hide_on_mobile=&#8221;small-visibility,medium-visibility,large-visibility&#8221; center_content=&#8221;no&#8221; last=&#8221;no&#8221; min_height=&#8221;&#8221; hover_type=&#8221;none&#8221; link=&#8221;&#8221;][fusion_text] REDACCI\u00d3N Este viernes el artista puertorrique\u00f1o presentar\u00e1 su gira Cam\u00ednalo en una de las salas de mayor prestigio en Latinoam\u00e9rica y contin\u00faa disfrutando del \u00e9xito de su m\u00e1s reciente sencillo \u201cCartas sobre la mesa\u201d Gilberto Santa Rosa llegar\u00e1 este viernes [&hellip;]<\/p>\n","protected":false},"author":1,"featured_media":43631,"comment_status":"open","ping_status":"open","sticky":false,"template":"","format":"standard","meta":{"footnotes":""},"categories":[9,11],"tags":[],"_links":{"self":[{"href":"https:\/\/www.bitacoracdmx.com\/index.php?rest_route=\/wp\/v2\/posts\/43630"}],"collection":[{"href":"https:\/\/www.bitacoracdmx.com\/index.php?rest_route=\/wp\/v2\/posts"}],"about":[{"href":"https:\/\/www.bitacoracdmx.com\/index.php?rest_route=\/wp\/v2\/types\/post"}],"author":[{"embeddable":true,"href":"https:\/\/www.bitacoracdmx.com\/index.php?rest_route=\/wp\/v2\/users\/1"}],"replies":[{"embeddable":true,"href":"https:\/\/www.bitacoracdmx.com\/index.php?rest_route=%2Fwp%2Fv2%2Fcomments&post=43630"}],"version-history":[{"count":1,"href":"https:\/\/www.bitacoracdmx.com\/index.php?rest_route=\/wp\/v2\/posts\/43630\/revisions"}],"predecessor-version":[{"id":43632,"href":"https:\/\/www.bitacoracdmx.com\/index.php?rest_route=\/wp\/v2\/posts\/43630\/revisions\/43632"}],"wp:featuredmedia":[{"embeddable":true,"href":"https:\/\/www.bitacoracdmx.com\/index.php?rest_route=\/wp\/v2\/media\/43631"}],"wp:attachment":[{"href":"https:\/\/www.bitacoracdmx.com\/index.php?rest_route=%2Fwp%2Fv2%2Fmedia&parent=43630"}],"wp:term":[{"taxonomy":"category","embeddable":true,"href":"https:\/\/www.bitacoracdmx.com\/index.php?rest_route=%2Fwp%2Fv2%2Fcategories&post=43630"},{"taxonomy":"post_tag","embeddable":true,"href":"https:\/\/www.bitacoracdmx.com\/index.php?rest_route=%2Fwp%2Fv2%2Ftags&post=43630"}],"curies":[{"name":"wp","href":"https:\/\/api.w.org\/{rel}","templated":true}]}}