{"id":43642,"date":"2022-04-02T02:24:09","date_gmt":"2022-04-02T02:24:09","guid":{"rendered":"https:\/\/www.bitacoracdmx.com\/?p=43642"},"modified":"2022-04-02T02:24:09","modified_gmt":"2022-04-02T02:24:09","slug":"la-cantautora-nominada-a-mejor-album-tropical-latino-por-su-produccion-sin-salsa-no-hay-paraiso-tendra-una-participacion-especial-que-se-podra-apreciar-a-traves-de","status":"publish","type":"post","link":"https:\/\/www.bitacoracdmx.com\/?p=43642","title":{"rendered":"La Cantautora nominada a \u2018Mejor \u00c1lbum Tropical Latino\u2019 por su producci\u00f3n \u201cSin Salsa No Hay Para\u00edso\u201d tendr\u00e1 una participaci\u00f3n especial que se podr\u00e1 apreciar a trav\u00e9s de CBS el pr\u00f3ximo domingo, 3 de abril."},"content":{"rendered":"<p>[fusion_builder_container hundred_percent=&#8221;no&#8221; equal_height_columns=&#8221;no&#8221; menu_anchor=&#8221;&#8221; hide_on_mobile=&#8221;small-visibility,medium-visibility,large-visibility&#8221; class=&#8221;&#8221; id=&#8221;&#8221; background_color=&#8221;&#8221; background_image=&#8221;&#8221; background_position=&#8221;center center&#8221; background_repeat=&#8221;no-repeat&#8221; fade=&#8221;no&#8221; background_parallax=&#8221;none&#8221; parallax_speed=&#8221;0.3&#8243; video_mp4=&#8221;&#8221; video_webm=&#8221;&#8221; video_ogv=&#8221;&#8221; video_url=&#8221;&#8221; video_aspect_ratio=&#8221;16:9&#8243; video_loop=&#8221;yes&#8221; video_mute=&#8221;yes&#8221; overlay_color=&#8221;&#8221; video_preview_image=&#8221;&#8221; border_size=&#8221;&#8221; border_color=&#8221;&#8221; border_style=&#8221;solid&#8221; padding_top=&#8221;&#8221; padding_bottom=&#8221;&#8221; padding_left=&#8221;&#8221; padding_right=&#8221;&#8221;][fusion_builder_row][fusion_builder_column type=&#8221;1_1&#8243; layout=&#8221;1_1&#8243; background_position=&#8221;left top&#8221; background_color=&#8221;&#8221; border_size=&#8221;&#8221; border_color=&#8221;&#8221; border_style=&#8221;solid&#8221; border_position=&#8221;all&#8221; spacing=&#8221;yes&#8221; background_image=&#8221;&#8221; background_repeat=&#8221;no-repeat&#8221; padding_top=&#8221;&#8221; padding_right=&#8221;&#8221; padding_bottom=&#8221;&#8221; padding_left=&#8221;&#8221; margin_top=&#8221;0px&#8221; margin_bottom=&#8221;0px&#8221; class=&#8221;&#8221; id=&#8221;&#8221; animation_type=&#8221;&#8221; animation_speed=&#8221;0.3&#8243; animation_direction=&#8221;left&#8221; hide_on_mobile=&#8221;small-visibility,medium-visibility,large-visibility&#8221; center_content=&#8221;no&#8221; last=&#8221;no&#8221; min_height=&#8221;&#8221; hover_type=&#8221;none&#8221; link=&#8221;&#8221;][fusion_text]<\/p>\n<p>REDACCI\u00d3N<\/p>\n<blockquote>\n<div dir=\"ltr\">\n<blockquote>\n<div dir=\"ltr\">\n<table border=\"0\" width=\"100%\" cellspacing=\"0\" cellpadding=\"0\">\n<tbody>\n<tr>\n<td align=\"center\">\n<div>\n<table border=\"0\" width=\"100%\" cellspacing=\"0\" cellpadding=\"0\" bgcolor=\"#e6e6e6\">\n<tbody>\n<tr>\n<td align=\"center\">\n<table border=\"0\" width=\"612\" cellspacing=\"0\" cellpadding=\"0\" align=\"center\">\n<tbody>\n<tr>\n<td align=\"center\" valign=\"top\">\n<table border=\"0\" width=\"100%\" cellspacing=\"0\" cellpadding=\"0\" align=\"center\">\n<tbody>\n<tr>\n<td align=\"center\" valign=\"top\" bgcolor=\"#869198\">\n<table border=\"0\" width=\"100%\" cellspacing=\"0\" cellpadding=\"0\" align=\"center\" bgcolor=\"#869198\">\n<tbody>\n<tr>\n<td align=\"center\" valign=\"top\" bgcolor=\"#ffffff\">\n<div>\n<table border=\"0\" width=\"100%\" cellspacing=\"0\" cellpadding=\"0\">\n<tbody>\n<tr>\n<td align=\"\" valign=\"top\" width=\"100%\">\n<div>\n<table border=\"0\" width=\"100%\" cellspacing=\"0\" cellpadding=\"0\">\n<tbody>\n<tr>\n<td align=\"left\" valign=\"top\">\n<div>\n<div>\n<div align=\"justify\">En su tercera nominaci\u00f3n consecutiva al Grammy\u00ae\u00a0la cantautora cubana\u00a0Aym\u00e9e Nuviola,\u00a0ser\u00e1 una de las int\u00e9rpretes que levantar\u00e1 la bandera latina al decir presente, con una participaci\u00f3n especial desde el MGM de Las Vegas, al interpretar un g\u00e9nero que hist\u00f3ricamente no est\u00e1 representado en la transmisi\u00f3n principal de los Premios Grammy\u00ae.<\/div>\n<div align=\"justify\"><\/div>\n<div align=\"justify\">La cantautora cubana est\u00e1 nominada por cuarta vez al prestigioso premio\u00a0Grammy\u00ae\u00a0por su m\u00e1s reciente producci\u00f3n\u00a0\u201cSin Salsa No Hay Para\u00edso\u201d\u00a0en la categor\u00eda a\u00a0\u2018Best Tropical Latin Album\u2019 (Mejor \u00c1lbum Tropical).\u00a0\u2018La Sonera del Mundo\u2019 recibi\u00f3 su primer Grammy\u00ae en el 2020 en la misma categor\u00eda\u00a0Best Tropical Latin Album\u2019\u00a0por su trabajo &#8220;A Journey Through Cuban Music\u201d. Por los \u00faltimos a\u00f1os consecutivos, Aym\u00e9e Nuviola, ha sido nominada a los\u00a0Grammy\u00ae\u00a0por producciones realizadas bajo el sello discogr\u00e1fico\u00a0Top Stop Music.<\/div>\n<\/div>\n<\/div>\n<\/td>\n<\/tr>\n<\/tbody>\n<\/table>\n<\/div>\n<\/td>\n<\/tr>\n<\/tbody>\n<\/table>\n<table border=\"0\" width=\"100%\" cellspacing=\"0\" cellpadding=\"0\">\n<tbody>\n<tr>\n<td align=\"\" valign=\"top\" width=\"100%\">\n<div>\n<table border=\"0\" width=\"100%\" cellspacing=\"0\" cellpadding=\"0\">\n<tbody>\n<tr>\n<td align=\"center\" valign=\"top\">\n<table width=\"100%\">\n<tbody>\n<tr>\n<td align=\"center\" valign=\"top\" width=\"100%\">\n<table border=\"0\" cellspacing=\"0\" cellpadding=\"0\" align=\"center\">\n<tbody>\n<tr>\n<td align=\"center\" bgcolor=\"#869198\" height=\"1\">\n<div><img loading=\"lazy\" decoding=\"async\" src=\"https:\/\/imgssl.constantcontact.com\/letters\/images\/1101116784221\/S.gif\" alt=\"\" width=\"5\" height=\"1\" border=\"0\" hspace=\"0\" vspace=\"0\" data-imagetype=\"External\" \/><\/div>\n<\/td>\n<\/tr>\n<\/tbody>\n<\/table>\n<\/td>\n<\/tr>\n<\/tbody>\n<\/table>\n<\/td>\n<\/tr>\n<\/tbody>\n<\/table>\n<\/div>\n<\/td>\n<\/tr>\n<\/tbody>\n<\/table>\n<table border=\"0\" width=\"100%\" cellspacing=\"0\" cellpadding=\"0\">\n<tbody>\n<tr>\n<td align=\"\" valign=\"top\" bgcolor=\"000000\" width=\"100%\">\n<div>\n<table border=\"0\" width=\"100%\" cellspacing=\"0\" cellpadding=\"0\">\n<tbody>\n<tr>\n<td align=\"left\" valign=\"top\">\n<div><\/div>\n<div>\n<div>\n<div align=\"justify\">&#8220;Me siento muy agradecida con The Recording Academy por esta invitaci\u00f3n especial, muy honrada de representar a mi Cuba, a todos los Latinos, nuestra m\u00fasica y cultura con mi arte y mi canto. Nos vemos \u00e9ste pr\u00f3ximo domingo, en vivo desde Las Vegas! Gloria a Dios!\u201d\u2013 expres\u00f3 Aym\u00e9e Nuviola.<\/div>\n<div align=\"justify\"><\/div>\n<\/div>\n<\/div>\n<\/td>\n<\/tr>\n<\/tbody>\n<\/table>\n<\/div>\n<\/td>\n<\/tr>\n<\/tbody>\n<\/table>\n<table border=\"0\" width=\"100%\" cellspacing=\"0\" cellpadding=\"0\">\n<tbody>\n<tr>\n<td align=\"\" valign=\"top\" width=\"100%\">\n<div>\n<table border=\"0\" width=\"100%\" cellspacing=\"0\" cellpadding=\"0\">\n<tbody>\n<tr>\n<td align=\"center\" valign=\"top\">\n<table width=\"100%\">\n<tbody>\n<tr>\n<td align=\"center\" valign=\"top\" width=\"100%\">\n<table border=\"0\" cellspacing=\"0\" cellpadding=\"0\" align=\"center\">\n<tbody>\n<tr>\n<td align=\"center\" bgcolor=\"#869198\" height=\"1\">\n<div><img loading=\"lazy\" decoding=\"async\" src=\"https:\/\/imgssl.constantcontact.com\/letters\/images\/1101116784221\/S.gif\" alt=\"\" width=\"5\" height=\"1\" border=\"0\" hspace=\"0\" vspace=\"0\" data-imagetype=\"External\" \/><\/div>\n<\/td>\n<\/tr>\n<\/tbody>\n<\/table>\n<\/td>\n<\/tr>\n<\/tbody>\n<\/table>\n<\/td>\n<\/tr>\n<\/tbody>\n<\/table>\n<\/div>\n<\/td>\n<\/tr>\n<\/tbody>\n<\/table>\n<table border=\"0\" width=\"100%\" cellspacing=\"0\" cellpadding=\"0\">\n<tbody>\n<tr>\n<td align=\"\" valign=\"top\" width=\"100%\">\n<div>\n<table border=\"0\" width=\"100%\" cellspacing=\"0\" cellpadding=\"0\">\n<tbody>\n<tr>\n<td align=\"left\" valign=\"top\">\n<div><\/div>\n<div>\n<div>\n<div align=\"justify\">La cantautora cubana est\u00e1 nominada por cuarta vez al prestigioso premio\u00a0Grammy\u00ae\u00a0por su m\u00e1s reciente producci\u00f3n\u00a0\u201cSin Salsa No Hay Para\u00edso\u201d\u00a0en la categor\u00eda a\u00a0\u2018Best Tropical Latin Album\u2019 (Mejor \u00c1lbum Tropical).\u00a0\u2018La Sonera del Mundo\u2019 recibi\u00f3 su primer Grammy\u00ae en el 2020 en la misma categor\u00eda &#8216;Best Tropical Latin Album\u2019\u00a0por su trabajo &#8220;A Journey Through Cuban Music\u201d. Por los \u00faltimos a\u00f1os consecutivos, Aym\u00e9e Nuviola, ha sido nominada a los\u00a0Grammy\u00ae\u00a0por producciones realizadas bajo el sello discogr\u00e1fico\u00a0Top Stop Music.<\/div>\n<div align=\"justify\"><\/div>\n<div align=\"justify\">\u201cSin Salsa No Hay Para\u00edso\u201d\u00a0que vio luz en el primer semestre del 2021, es un homenaje a los \u00e9xitos y los temas ic\u00f3nicos colombianos, tierra que siempre ha cobijado a la cubana como uno de los suyos. De esta producci\u00f3n, se destacan canciones como el legendario tema\u00a0\u201cLa Gota Fr\u00eda\u201d\u00a0a ritmo de salsa. As\u00ed mismo, uni\u00f3 su voz a la de desatacadas int\u00e9rpretes colombianas como la nominada a\u00a0Latin Grammy\u00ae\u00a0\u00a0Majida Issa\u00a0y la tambi\u00e9n nominada a premio Grammy\u00ae 2022,\u00a0Paula Arenas\u00a0en el tema\u00a0\u201cTe Busco\u201d. Igualmente, se destaca\u00a0\u201cEnfermedad de Ti\u201d\u00a0en la que realiza un potente d\u00fao musical junto a la int\u00e9rprete\u00a0Ma\u00eda\u00a0y la participaci\u00f3n de\u00a0Fanny Lu\u00a0en su reconocido tema\u00a0\u201cNo te Pido Flores\u201d.<\/div>\n<div align=\"justify\"><\/div>\n<div align=\"justify\">La 64\u00aa Ceremonia de entrega de los Premios Grammy\u00ae se llevar\u00e1n a cabo en el MGM Grand de Las Vegas, el pr\u00f3ximo 3 de abril del 2022.<\/div>\n<\/div>\n<\/div>\n<\/td>\n<\/tr>\n<\/tbody>\n<\/table>\n<\/div>\n<\/td>\n<\/tr>\n<\/tbody>\n<\/table>\n<\/div>\n<\/td>\n<\/tr>\n<\/tbody>\n<\/table>\n<\/td>\n<\/tr>\n<\/tbody>\n<\/table>\n<\/td>\n<\/tr>\n<\/tbody>\n<\/table>\n<\/td>\n<\/tr>\n<\/tbody>\n<\/table>\n<\/div>\n<\/td>\n<\/tr>\n<\/tbody>\n<\/table>\n<\/div>\n<\/blockquote>\n<\/div>\n<\/blockquote>\n<p>[\/fusion_text][fusion_imageframe image_id=&#8221;43643|medium&#8221; max_width=&#8221;&#8221; style_type=&#8221;&#8221; blur=&#8221;&#8221; stylecolor=&#8221;&#8221; hover_type=&#8221;none&#8221; bordersize=&#8221;&#8221; bordercolor=&#8221;&#8221; borderradius=&#8221;&#8221; align=&#8221;none&#8221; lightbox=&#8221;no&#8221; gallery_id=&#8221;&#8221; lightbox_image=&#8221;&#8221; lightbox_image_id=&#8221;&#8221; alt=&#8221;&#8221; link=&#8221;&#8221; linktarget=&#8221;_self&#8221; hide_on_mobile=&#8221;small-visibility,medium-visibility,large-visibility&#8221; class=&#8221;&#8221; id=&#8221;&#8221; animation_type=&#8221;&#8221; animation_direction=&#8221;left&#8221; animation_speed=&#8221;0.3&#8243; animation_offset=&#8221;&#8221;]https:\/\/www.bitacoracdmx.com\/wp-content\/uploads\/2022\/04\/dbaecf1b-2432-4112-819b-8f4504856e0f-300&#215;300.jpg[\/fusion_imageframe][\/fusion_builder_column][\/fusion_builder_row][\/fusion_builder_container]<\/p>\n","protected":false},"excerpt":{"rendered":"<p>[fusion_builder_container hundred_percent=&#8221;no&#8221; equal_height_columns=&#8221;no&#8221; menu_anchor=&#8221;&#8221; hide_on_mobile=&#8221;small-visibility,medium-visibility,large-visibility&#8221; class=&#8221;&#8221; id=&#8221;&#8221; background_color=&#8221;&#8221; background_image=&#8221;&#8221; background_position=&#8221;center center&#8221; background_repeat=&#8221;no-repeat&#8221; fade=&#8221;no&#8221; background_parallax=&#8221;none&#8221; parallax_speed=&#8221;0.3&#8243; video_mp4=&#8221;&#8221; video_webm=&#8221;&#8221; video_ogv=&#8221;&#8221; video_url=&#8221;&#8221; video_aspect_ratio=&#8221;16:9&#8243; video_loop=&#8221;yes&#8221; video_mute=&#8221;yes&#8221; overlay_color=&#8221;&#8221; video_preview_image=&#8221;&#8221; border_size=&#8221;&#8221; border_color=&#8221;&#8221; border_style=&#8221;solid&#8221; padding_top=&#8221;&#8221; padding_bottom=&#8221;&#8221; padding_left=&#8221;&#8221; padding_right=&#8221;&#8221;][fusion_builder_row][fusion_builder_column type=&#8221;1_1&#8243; layout=&#8221;1_1&#8243; background_position=&#8221;left top&#8221; background_color=&#8221;&#8221; border_size=&#8221;&#8221; border_color=&#8221;&#8221; border_style=&#8221;solid&#8221; border_position=&#8221;all&#8221; spacing=&#8221;yes&#8221; background_image=&#8221;&#8221; background_repeat=&#8221;no-repeat&#8221; padding_top=&#8221;&#8221; padding_right=&#8221;&#8221; padding_bottom=&#8221;&#8221; padding_left=&#8221;&#8221; margin_top=&#8221;0px&#8221; margin_bottom=&#8221;0px&#8221; class=&#8221;&#8221; id=&#8221;&#8221; animation_type=&#8221;&#8221; animation_speed=&#8221;0.3&#8243; animation_direction=&#8221;left&#8221; hide_on_mobile=&#8221;small-visibility,medium-visibility,large-visibility&#8221; center_content=&#8221;no&#8221; last=&#8221;no&#8221; min_height=&#8221;&#8221; hover_type=&#8221;none&#8221; link=&#8221;&#8221;][fusion_text] REDACCI\u00d3N En su tercera nominaci\u00f3n consecutiva al Grammy\u00ae\u00a0la cantautora cubana\u00a0Aym\u00e9e Nuviola,\u00a0ser\u00e1 una de las int\u00e9rpretes que levantar\u00e1 la bandera latina al decir presente, con una participaci\u00f3n especial desde el MGM de Las Vegas, al interpretar un g\u00e9nero que hist\u00f3ricamente no [&hellip;]<\/p>\n","protected":false},"author":1,"featured_media":43643,"comment_status":"open","ping_status":"open","sticky":false,"template":"","format":"standard","meta":{"footnotes":""},"categories":[9,11],"tags":[],"_links":{"self":[{"href":"https:\/\/www.bitacoracdmx.com\/index.php?rest_route=\/wp\/v2\/posts\/43642"}],"collection":[{"href":"https:\/\/www.bitacoracdmx.com\/index.php?rest_route=\/wp\/v2\/posts"}],"about":[{"href":"https:\/\/www.bitacoracdmx.com\/index.php?rest_route=\/wp\/v2\/types\/post"}],"author":[{"embeddable":true,"href":"https:\/\/www.bitacoracdmx.com\/index.php?rest_route=\/wp\/v2\/users\/1"}],"replies":[{"embeddable":true,"href":"https:\/\/www.bitacoracdmx.com\/index.php?rest_route=%2Fwp%2Fv2%2Fcomments&post=43642"}],"version-history":[{"count":1,"href":"https:\/\/www.bitacoracdmx.com\/index.php?rest_route=\/wp\/v2\/posts\/43642\/revisions"}],"predecessor-version":[{"id":43644,"href":"https:\/\/www.bitacoracdmx.com\/index.php?rest_route=\/wp\/v2\/posts\/43642\/revisions\/43644"}],"wp:featuredmedia":[{"embeddable":true,"href":"https:\/\/www.bitacoracdmx.com\/index.php?rest_route=\/wp\/v2\/media\/43643"}],"wp:attachment":[{"href":"https:\/\/www.bitacoracdmx.com\/index.php?rest_route=%2Fwp%2Fv2%2Fmedia&parent=43642"}],"wp:term":[{"taxonomy":"category","embeddable":true,"href":"https:\/\/www.bitacoracdmx.com\/index.php?rest_route=%2Fwp%2Fv2%2Fcategories&post=43642"},{"taxonomy":"post_tag","embeddable":true,"href":"https:\/\/www.bitacoracdmx.com\/index.php?rest_route=%2Fwp%2Fv2%2Ftags&post=43642"}],"curies":[{"name":"wp","href":"https:\/\/api.w.org\/{rel}","templated":true}]}}