{"id":43713,"date":"2022-04-05T02:33:19","date_gmt":"2022-04-05T02:33:19","guid":{"rendered":"https:\/\/www.bitacoracdmx.com\/?p=43713"},"modified":"2022-04-05T02:33:19","modified_gmt":"2022-04-05T02:33:19","slug":"me-retiro-este-es-mi-ultima-temporada-jorge-cantu","status":"publish","type":"post","link":"https:\/\/www.bitacoracdmx.com\/?p=43713","title":{"rendered":"\u201cMe retiro, este es mi \u00faltima temporada\u201d: JORGE CANT\u00da"},"content":{"rendered":"<p>[fusion_builder_container hundred_percent=&#8221;no&#8221; equal_height_columns=&#8221;no&#8221; menu_anchor=&#8221;&#8221; hide_on_mobile=&#8221;small-visibility,medium-visibility,large-visibility&#8221; class=&#8221;&#8221; id=&#8221;&#8221; background_color=&#8221;&#8221; background_image=&#8221;&#8221; background_position=&#8221;center center&#8221; background_repeat=&#8221;no-repeat&#8221; fade=&#8221;no&#8221; background_parallax=&#8221;none&#8221; parallax_speed=&#8221;0.3&#8243; video_mp4=&#8221;&#8221; video_webm=&#8221;&#8221; video_ogv=&#8221;&#8221; video_url=&#8221;&#8221; video_aspect_ratio=&#8221;16:9&#8243; video_loop=&#8221;yes&#8221; video_mute=&#8221;yes&#8221; overlay_color=&#8221;&#8221; video_preview_image=&#8221;&#8221; border_size=&#8221;&#8221; border_color=&#8221;&#8221; border_style=&#8221;solid&#8221; padding_top=&#8221;&#8221; padding_bottom=&#8221;&#8221; padding_left=&#8221;&#8221; padding_right=&#8221;&#8221;][fusion_builder_row][fusion_builder_column type=&#8221;1_1&#8243; layout=&#8221;1_1&#8243; background_position=&#8221;left top&#8221; background_color=&#8221;&#8221; border_size=&#8221;&#8221; border_color=&#8221;&#8221; border_style=&#8221;solid&#8221; border_position=&#8221;all&#8221; spacing=&#8221;yes&#8221; background_image=&#8221;&#8221; background_repeat=&#8221;no-repeat&#8221; padding_top=&#8221;&#8221; padding_right=&#8221;&#8221; padding_bottom=&#8221;&#8221; padding_left=&#8221;&#8221; margin_top=&#8221;0px&#8221; margin_bottom=&#8221;0px&#8221; class=&#8221;&#8221; id=&#8221;&#8221; animation_type=&#8221;&#8221; animation_speed=&#8221;0.3&#8243; animation_direction=&#8221;left&#8221; hide_on_mobile=&#8221;small-visibility,medium-visibility,large-visibility&#8221; center_content=&#8221;no&#8221; last=&#8221;no&#8221; min_height=&#8221;&#8221; hover_type=&#8221;none&#8221; link=&#8221;&#8221;][fusion_text]<\/p>\n<p>REDACCI\u00d3N<\/p>\n<p>Fotos: Cortes\u00eda Diablos Rojos<\/p>\n<div>El infielder tamaulipeco Jorge Cant\u00fa anunci\u00f3 que la Temporada 2022 ser\u00e1 la \u00faltima en su carrera como pelotero profesional, por lo que al terminar el calendario pondr\u00e1 punto final a su camino dentro de los diamantes.<\/div>\n<div aria-hidden=\"true\"><\/div>\n<div>\u201cMe retiro, esta es mi \u00faltima temporada y al terminar ser\u00e1 momento de colgar los spikes\u201d, fueron las primeras palabras de Cant\u00fa. \u201cLo platiqu\u00e9 con mi familia, con mi esposa, con mis hijos y he tomado esta decisi\u00f3n y me doy por bien servido por todo lo que viv\u00ed e hice\u201d.<\/div>\n<div aria-hidden=\"true\"><\/div>\n<div>Fue en una conferencia de prensa realizada en el Estadio Alfredo Harp Hel\u00fa, en donde \u2018El Bronco\u2019 dio a conocer sus planes este a\u00f1o. Cant\u00fa inici\u00f3 su carrera profesional en 1999, al jugar para la sucursal A- de los Tampa Bay Devil Rays. A partir de ah\u00ed construy\u00f3 un camino que en 2004 lo vio debutar en las Grandes Ligas.<\/div>\n<div aria-hidden=\"true\"><\/div>\n<div>Su \u00faltimo a\u00f1o en MLB fue 2011, acumulando ocho temporadas de acci\u00f3n en la Gran Carpa, donde visti\u00f3 la camisola de cinco equipos: Tampa Bay, Cincinnati, Miami, Texas y San Diego.<\/div>\n<div aria-hidden=\"true\"><\/div>\n<div>En 2013 lleg\u00f3 a la Liga Mexicana de Beisbol pero el a\u00f1o siguiente prob\u00f3 suerte en el beisbol asi\u00e1tico, al jugar con los Doosan Bears de la KBO (Korean Baseball Organization). Para 2015 volvi\u00f3 a la LMB. Despu\u00e9s de haber jugado con los Tigres de Quintana Roo y los Toros de Tijuana, se integr\u00f3 a los Diablos Rojos del M\u00e9xico en la campa\u00f1a 2019.<\/div>\n<div aria-hidden=\"true\"><\/div>\n<div>\u201cPara m\u00ed es un orgullo el poder despedirme del beisbol con los Diablos Rojos. Lo m\u00e1s importante en estos momentos es dejar ir. En mi carrera he dejado todo y este a\u00f1o de despedida ser\u00e1 igual, voy a dejar todo lo que tengo en el campo y quiero hacerlo ganando un anillo de campe\u00f3n\u201d, continu\u00f3 el pelotero.<\/div>\n<div aria-hidden=\"true\"><\/div>\n<div>Con la \u2018Pandilla Escarlata\u2019 suma dos temporadas de actividad, en donde ha jugado en 110 encuentros, en los que suma 97 hits, 13 home runs, 51 carreras producidas y 57 anotadas, teniendo un .268 de promedio de bateo.<\/div>\n<div aria-hidden=\"true\"><\/div>\n<div>\u201cMe hubiera gustado estar aqu\u00ed m\u00e1s tiempo pero los tres a\u00f1os que he estado aqu\u00ed han valido totalmente la pena. Es un orgullo el poder terminar vistiendo esta camisola\u201d, sigui\u00f3 \u2018El Bronco\u2019. \u201cEs un momento extraordinario lo que estoy viviendo y voy a seguir dejando todo el terreno porque es lo que el aficionado de los Diablos, la directiva y mis compa\u00f1eros se merecen\u201d.<\/div>\n<div aria-hidden=\"true\"><\/div>\n<div>En la Temporada 2021, el tamaulipeco se convirti\u00f3 en el primer pelotero mexicano que tiene 100 home runs en las Grandes Ligas y 100 en la Liga Mexicana. Adem\u00e1s, jug\u00f3 con la Selecci\u00f3n Mexicana de Beisbol en tres ediciones del Cl\u00e1sico Mundial de Beisbol (2006, 2009 y 2013).<\/div>\n<div aria-hidden=\"true\"><\/div>\n<div>\u201cQuiero seguir siendo un l\u00edder, que mis compa\u00f1eros vean c\u00f3mo me comporto. En cuanto al equipo el plan es ir con todo, ir por ese t\u00edtulo que todos aqu\u00ed ansiamos y queremos darle a los aficionados\u201d, sentenci\u00f3 Cant\u00fa.<\/div>\n<p>[\/fusion_text][fusion_gallery layout=&#8221;&#8221; picture_size=&#8221;&#8221; columns=&#8221;&#8221; column_spacing=&#8221;10&#8243; gallery_masonry_grid_ratio=&#8221;&#8221; gallery_masonry_width_double=&#8221;&#8221; hover_type=&#8221;&#8221; lightbox=&#8221;yes&#8221; lightbox_content=&#8221;&#8221; bordersize=&#8221;&#8221; bordercolor=&#8221;&#8221; border_radius=&#8221;&#8221; hide_on_mobile=&#8221;small-visibility,medium-visibility,large-visibility&#8221; class=&#8221;&#8221; id=&#8221;&#8221;][fusion_gallery_image image=&#8221;https:\/\/www.bitacoracdmx.com\/wp-content\/uploads\/2022\/04\/thumbnail_JORGE-CANTU-CONFERENCIA-6-300&#215;208.jpg&#8221; image_id=&#8221;43714|medium&#8221; link=&#8221;&#8221; linktarget=&#8221;_self&#8221; \/][fusion_gallery_image image=&#8221;https:\/\/www.bitacoracdmx.com\/wp-content\/uploads\/2022\/04\/thumbnail_JORGE-CANTU-CONFERENCIA-2-300&#215;200.jpg&#8221; image_id=&#8221;43715|medium&#8221; link=&#8221;&#8221; linktarget=&#8221;_self&#8221; \/][fusion_gallery_image image=&#8221;https:\/\/www.bitacoracdmx.com\/wp-content\/uploads\/2022\/04\/thumbnail_JORGE-CANTU-PRACTICA-LUNES-3-300&#215;208.jpg&#8221; image_id=&#8221;43716|medium&#8221; link=&#8221;&#8221; linktarget=&#8221;_self&#8221; \/][fusion_gallery_image image=&#8221;https:\/\/www.bitacoracdmx.com\/wp-content\/uploads\/2022\/04\/thumbnail_JORGE-CANTU-PRACTICA-LUNES-2-300&#215;200.jpg&#8221; image_id=&#8221;43717|medium&#8221; link=&#8221;&#8221; linktarget=&#8221;_self&#8221; \/][\/fusion_gallery][\/fusion_builder_column][\/fusion_builder_row][\/fusion_builder_container]<\/p>\n","protected":false},"excerpt":{"rendered":"<p>[fusion_builder_container hundred_percent=&#8221;no&#8221; equal_height_columns=&#8221;no&#8221; menu_anchor=&#8221;&#8221; hide_on_mobile=&#8221;small-visibility,medium-visibility,large-visibility&#8221; class=&#8221;&#8221; id=&#8221;&#8221; background_color=&#8221;&#8221; background_image=&#8221;&#8221; background_position=&#8221;center center&#8221; background_repeat=&#8221;no-repeat&#8221; fade=&#8221;no&#8221; background_parallax=&#8221;none&#8221; parallax_speed=&#8221;0.3&#8243; video_mp4=&#8221;&#8221; video_webm=&#8221;&#8221; video_ogv=&#8221;&#8221; video_url=&#8221;&#8221; video_aspect_ratio=&#8221;16:9&#8243; video_loop=&#8221;yes&#8221; video_mute=&#8221;yes&#8221; overlay_color=&#8221;&#8221; video_preview_image=&#8221;&#8221; border_size=&#8221;&#8221; border_color=&#8221;&#8221; border_style=&#8221;solid&#8221; padding_top=&#8221;&#8221; padding_bottom=&#8221;&#8221; padding_left=&#8221;&#8221; padding_right=&#8221;&#8221;][fusion_builder_row][fusion_builder_column type=&#8221;1_1&#8243; layout=&#8221;1_1&#8243; background_position=&#8221;left top&#8221; background_color=&#8221;&#8221; border_size=&#8221;&#8221; border_color=&#8221;&#8221; border_style=&#8221;solid&#8221; border_position=&#8221;all&#8221; spacing=&#8221;yes&#8221; background_image=&#8221;&#8221; background_repeat=&#8221;no-repeat&#8221; padding_top=&#8221;&#8221; padding_right=&#8221;&#8221; padding_bottom=&#8221;&#8221; padding_left=&#8221;&#8221; margin_top=&#8221;0px&#8221; margin_bottom=&#8221;0px&#8221; class=&#8221;&#8221; id=&#8221;&#8221; animation_type=&#8221;&#8221; animation_speed=&#8221;0.3&#8243; animation_direction=&#8221;left&#8221; hide_on_mobile=&#8221;small-visibility,medium-visibility,large-visibility&#8221; center_content=&#8221;no&#8221; last=&#8221;no&#8221; min_height=&#8221;&#8221; hover_type=&#8221;none&#8221; link=&#8221;&#8221;][fusion_text] REDACCI\u00d3N Fotos: Cortes\u00eda Diablos Rojos El infielder tamaulipeco Jorge Cant\u00fa anunci\u00f3 que la Temporada 2022 ser\u00e1 la \u00faltima en su carrera como pelotero profesional, por lo que al terminar el calendario pondr\u00e1 punto final a su camino dentro de los [&hellip;]<\/p>\n","protected":false},"author":1,"featured_media":43714,"comment_status":"open","ping_status":"open","sticky":false,"template":"","format":"standard","meta":{"footnotes":""},"categories":[6,9],"tags":[],"_links":{"self":[{"href":"https:\/\/www.bitacoracdmx.com\/index.php?rest_route=\/wp\/v2\/posts\/43713"}],"collection":[{"href":"https:\/\/www.bitacoracdmx.com\/index.php?rest_route=\/wp\/v2\/posts"}],"about":[{"href":"https:\/\/www.bitacoracdmx.com\/index.php?rest_route=\/wp\/v2\/types\/post"}],"author":[{"embeddable":true,"href":"https:\/\/www.bitacoracdmx.com\/index.php?rest_route=\/wp\/v2\/users\/1"}],"replies":[{"embeddable":true,"href":"https:\/\/www.bitacoracdmx.com\/index.php?rest_route=%2Fwp%2Fv2%2Fcomments&post=43713"}],"version-history":[{"count":1,"href":"https:\/\/www.bitacoracdmx.com\/index.php?rest_route=\/wp\/v2\/posts\/43713\/revisions"}],"predecessor-version":[{"id":43718,"href":"https:\/\/www.bitacoracdmx.com\/index.php?rest_route=\/wp\/v2\/posts\/43713\/revisions\/43718"}],"wp:featuredmedia":[{"embeddable":true,"href":"https:\/\/www.bitacoracdmx.com\/index.php?rest_route=\/wp\/v2\/media\/43714"}],"wp:attachment":[{"href":"https:\/\/www.bitacoracdmx.com\/index.php?rest_route=%2Fwp%2Fv2%2Fmedia&parent=43713"}],"wp:term":[{"taxonomy":"category","embeddable":true,"href":"https:\/\/www.bitacoracdmx.com\/index.php?rest_route=%2Fwp%2Fv2%2Fcategories&post=43713"},{"taxonomy":"post_tag","embeddable":true,"href":"https:\/\/www.bitacoracdmx.com\/index.php?rest_route=%2Fwp%2Fv2%2Ftags&post=43713"}],"curies":[{"name":"wp","href":"https:\/\/api.w.org\/{rel}","templated":true}]}}