{"id":43719,"date":"2022-04-05T02:52:44","date_gmt":"2022-04-05T02:52:44","guid":{"rendered":"https:\/\/www.bitacoracdmx.com\/?p=43719"},"modified":"2022-04-05T02:52:44","modified_gmt":"2022-04-05T02:52:44","slug":"el-renacer-del-alma-indigena-es-plasmado-en-ikuika-noyulo-el-canto-de-mi-corazon","status":"publish","type":"post","link":"https:\/\/www.bitacoracdmx.com\/?p=43719","title":{"rendered":"El renacer del alma ind\u00edgena es plasmado en:  Ikuika Noyulo. El canto de mi coraz\u00f3n"},"content":{"rendered":"<p>[fusion_builder_container hundred_percent=&#8221;no&#8221; equal_height_columns=&#8221;no&#8221; menu_anchor=&#8221;&#8221; hide_on_mobile=&#8221;small-visibility,medium-visibility,large-visibility&#8221; class=&#8221;&#8221; id=&#8221;&#8221; background_color=&#8221;&#8221; background_image=&#8221;&#8221; background_position=&#8221;center center&#8221; background_repeat=&#8221;no-repeat&#8221; fade=&#8221;no&#8221; background_parallax=&#8221;none&#8221; parallax_speed=&#8221;0.3&#8243; video_mp4=&#8221;&#8221; video_webm=&#8221;&#8221; video_ogv=&#8221;&#8221; video_url=&#8221;&#8221; video_aspect_ratio=&#8221;16:9&#8243; video_loop=&#8221;yes&#8221; video_mute=&#8221;yes&#8221; overlay_color=&#8221;&#8221; video_preview_image=&#8221;&#8221; border_size=&#8221;&#8221; border_color=&#8221;&#8221; border_style=&#8221;solid&#8221; padding_top=&#8221;&#8221; padding_bottom=&#8221;&#8221; padding_left=&#8221;&#8221; padding_right=&#8221;&#8221;][fusion_builder_row][fusion_builder_column type=&#8221;1_1&#8243; layout=&#8221;1_1&#8243; background_position=&#8221;left top&#8221; background_color=&#8221;&#8221; border_size=&#8221;&#8221; border_color=&#8221;&#8221; border_style=&#8221;solid&#8221; border_position=&#8221;all&#8221; spacing=&#8221;yes&#8221; background_image=&#8221;&#8221; background_repeat=&#8221;no-repeat&#8221; padding_top=&#8221;&#8221; padding_right=&#8221;&#8221; padding_bottom=&#8221;&#8221; padding_left=&#8221;&#8221; margin_top=&#8221;0px&#8221; margin_bottom=&#8221;0px&#8221; class=&#8221;&#8221; id=&#8221;&#8221; animation_type=&#8221;&#8221; animation_speed=&#8221;0.3&#8243; animation_direction=&#8221;left&#8221; hide_on_mobile=&#8221;small-visibility,medium-visibility,large-visibility&#8221; center_content=&#8221;no&#8221; last=&#8221;no&#8221; min_height=&#8221;&#8221; hover_type=&#8221;none&#8221; link=&#8221;&#8221;][fusion_text]<\/p>\n<p>REDACCI\u00d3N<\/p>\n<div>\u2022\u00a0 Poes\u00eda, cantos y la belleza del recuerdo de nuestras abuelas en un espect\u00e1culo para las infancias.<\/div>\n<div>\u2022\u00a0 Del 9 de abril al 12 de junio.<br aria-hidden=\"true\" \/>\u2022\u00a0 Preventa del 30% hasta el 8 de abril.<\/div>\n<div><\/div>\n<div>\n<div><em>Siente el latir de tu ra\u00edz<\/em><\/div>\n<div><br aria-hidden=\"true\" \/>El Colectivo Quir\u00f3fano Esc\u00e9nico presenta en el Foro La Gruta:\u00a0<em>Ikuika Noyulo. El canto de mi coraz\u00f3n,\u00a0<\/em>una puesta en escena en la que se honra la riqueza de la lengua n\u00e1huatl. De la autor\u00eda y la concepci\u00f3n esc\u00e9nica de Claudia Marinclan, cuenta con las actuaciones de Daniela de los R\u00edos, Yollotl Manzur, Maleny Garc\u00eda Miguel y la misma Claudia Marinclan. Esta obra tendr\u00e1 temporada del 9 de abril al 12 de junio, los s\u00e1bados y domingos a las 13:00 horas, en el Foro La Gruta.<\/div>\n<div><\/div>\n<div><em>Ikuika Noyulo. El canto de mi coraz\u00f3n<\/em>\u00a0narra la historia de Juanita, una anciana nahua que al final de sus d\u00edas intenta recuperar sus recuerdos y su ra\u00edz ind\u00edgena. Con la ayuda de sus nietas transita por diferentes momentos de su pasado y atraviesa pasajes de la Revoluci\u00f3n Mexicana hasta llegar de vuelta a la \u00e9poca actual. La obra nos cuenta \u2014con humor, m\u00e1scaras, t\u00edteres y cine a mano\u2014, algunas de las vivencias de risa y llanto que han vivido las abuelas.<br aria-hidden=\"true\" \/><\/div>\n<div>Se trata de una obra donde se dramatiza la poes\u00eda, la tradici\u00f3n oral y la narrativa en lengua n\u00e1huatl. Este proyecto se teji\u00f3 mediante el trabajo de campo que realiz\u00f3 el Colectivo Quir\u00f3fano Esc\u00e9nico en los pueblos ind\u00edgenas nahuahablantes de la Ciudad de M\u00e9xico; espec\u00edficamente de la poblaci\u00f3n de Santa Ana Tlacotenco, Milpa Alta y los pueblos originarios de Tlalpan.<br aria-hidden=\"true\" \/><br aria-hidden=\"true\" \/>En esta obra se entrev\u00e9 la ternura y el amor que une a las nietas con sus abuelas, la discriminaci\u00f3n que sufren los ind\u00edgenas por no hablar espa\u00f1ol, el rescate de la memoria de las lenguas que forjaron la identidad mexicana, as\u00ed como un nost\u00e1lgico recorrido por el M\u00e9xico revolucionario y sus tradiciones.<br aria-hidden=\"true\" \/><br aria-hidden=\"true\" \/>La obra cuenta con un importante equipo de producci\u00f3n conformado por Claudia Marinclan en la producci\u00f3n; la proyecci\u00f3n cine a mano es una labor de Arturo L\u00f3pez P\u00edo; el dise\u00f1o de m\u00e1scaras y marionetas corresponde al talento de Carolina Pimentel y Cecilia Pimentel; Abraham Rojas colabora en la iluminaci\u00f3n y el traspunte; Mirel Garc\u00eda participa en el vestuario y la utiler\u00eda; Mike Jim\u00e9nez se desenvuelve como asistente de producci\u00f3n; y la escenograf\u00eda es de X\u00f3chitl Gonz\u00e1lez.<br aria-hidden=\"true\" \/><br aria-hidden=\"true\" \/>Se reitera que<strong><em>\u00a0Ikuika Noyulo. El canto de mi coraz\u00f3n<\/em><\/strong>\u00a0tendr\u00e1 temporada\u00a0<strong>del 9 de abril al 12 de junio<\/strong>, los\u00a0<strong>s\u00e1bados y domingos a las 13:00 horas<\/strong>, en el\u00a0<strong>Foro La Gruta<\/strong>.\u00a0<strong>El costo\u00a0<\/strong>del boleto\u00a0<strong>es de<\/strong>\u00a0<strong>$205<\/strong>. Actualmente hay una preventa del\u00a0<strong>30% de descuento hasta el 8 de abril<\/strong>. Las localidades est\u00e1n disponibles en la taquilla del Centro Cultural Hel\u00e9nico, ubicado en avenida Revoluci\u00f3n 1500, y en la p\u00e1gina helenico.gob.mx.<br aria-hidden=\"true\" \/><br aria-hidden=\"true\" \/>Se le recuerda al p\u00fablico que las funciones est\u00e1n supeditadas al sem\u00e1foro epidemiol\u00f3gico de la Ciudad de M\u00e9xico. Asimismo, se exhorta a las y los espectadores a acudir con responsabilidad y quedarse en casa si presentan alg\u00fan s\u00edntoma (dolor de cabeza, garganta o temperatura superior a 37.5 grados).<\/div>\n<\/div>\n<p>[\/fusion_text][fusion_imageframe image_id=&#8221;43720|medium&#8221; max_width=&#8221;&#8221; style_type=&#8221;&#8221; blur=&#8221;&#8221; stylecolor=&#8221;&#8221; hover_type=&#8221;none&#8221; bordersize=&#8221;&#8221; bordercolor=&#8221;&#8221; borderradius=&#8221;&#8221; align=&#8221;none&#8221; lightbox=&#8221;no&#8221; gallery_id=&#8221;&#8221; lightbox_image=&#8221;&#8221; lightbox_image_id=&#8221;&#8221; alt=&#8221;&#8221; link=&#8221;&#8221; linktarget=&#8221;_self&#8221; hide_on_mobile=&#8221;small-visibility,medium-visibility,large-visibility&#8221; class=&#8221;&#8221; id=&#8221;&#8221; animation_type=&#8221;&#8221; animation_direction=&#8221;left&#8221; animation_speed=&#8221;0.3&#8243; animation_offset=&#8221;&#8221;]https:\/\/www.bitacoracdmx.com\/wp-content\/uploads\/2022\/04\/e4b470c4-3a1e-ed1c-08f5-7ba08c8352f5-300&#215;300.jpg[\/fusion_imageframe][\/fusion_builder_column][\/fusion_builder_row][\/fusion_builder_container]<\/p>\n","protected":false},"excerpt":{"rendered":"<p>[fusion_builder_container hundred_percent=&#8221;no&#8221; equal_height_columns=&#8221;no&#8221; menu_anchor=&#8221;&#8221; hide_on_mobile=&#8221;small-visibility,medium-visibility,large-visibility&#8221; class=&#8221;&#8221; id=&#8221;&#8221; background_color=&#8221;&#8221; background_image=&#8221;&#8221; background_position=&#8221;center center&#8221; background_repeat=&#8221;no-repeat&#8221; fade=&#8221;no&#8221; background_parallax=&#8221;none&#8221; parallax_speed=&#8221;0.3&#8243; video_mp4=&#8221;&#8221; video_webm=&#8221;&#8221; video_ogv=&#8221;&#8221; video_url=&#8221;&#8221; video_aspect_ratio=&#8221;16:9&#8243; video_loop=&#8221;yes&#8221; video_mute=&#8221;yes&#8221; overlay_color=&#8221;&#8221; video_preview_image=&#8221;&#8221; border_size=&#8221;&#8221; border_color=&#8221;&#8221; border_style=&#8221;solid&#8221; padding_top=&#8221;&#8221; padding_bottom=&#8221;&#8221; padding_left=&#8221;&#8221; padding_right=&#8221;&#8221;][fusion_builder_row][fusion_builder_column type=&#8221;1_1&#8243; layout=&#8221;1_1&#8243; background_position=&#8221;left top&#8221; background_color=&#8221;&#8221; border_size=&#8221;&#8221; border_color=&#8221;&#8221; border_style=&#8221;solid&#8221; border_position=&#8221;all&#8221; spacing=&#8221;yes&#8221; background_image=&#8221;&#8221; background_repeat=&#8221;no-repeat&#8221; padding_top=&#8221;&#8221; padding_right=&#8221;&#8221; padding_bottom=&#8221;&#8221; padding_left=&#8221;&#8221; margin_top=&#8221;0px&#8221; margin_bottom=&#8221;0px&#8221; class=&#8221;&#8221; id=&#8221;&#8221; animation_type=&#8221;&#8221; animation_speed=&#8221;0.3&#8243; animation_direction=&#8221;left&#8221; hide_on_mobile=&#8221;small-visibility,medium-visibility,large-visibility&#8221; center_content=&#8221;no&#8221; last=&#8221;no&#8221; min_height=&#8221;&#8221; hover_type=&#8221;none&#8221; link=&#8221;&#8221;][fusion_text] REDACCI\u00d3N \u2022\u00a0 Poes\u00eda, cantos y la belleza del recuerdo de nuestras abuelas en un espect\u00e1culo para las infancias. \u2022\u00a0 Del 9 de abril al 12 de junio.\u2022\u00a0 Preventa del 30% hasta el 8 de abril. Siente el latir de tu [&hellip;]<\/p>\n","protected":false},"author":1,"featured_media":43720,"comment_status":"open","ping_status":"open","sticky":false,"template":"","format":"standard","meta":{"footnotes":""},"categories":[9,14],"tags":[],"_links":{"self":[{"href":"https:\/\/www.bitacoracdmx.com\/index.php?rest_route=\/wp\/v2\/posts\/43719"}],"collection":[{"href":"https:\/\/www.bitacoracdmx.com\/index.php?rest_route=\/wp\/v2\/posts"}],"about":[{"href":"https:\/\/www.bitacoracdmx.com\/index.php?rest_route=\/wp\/v2\/types\/post"}],"author":[{"embeddable":true,"href":"https:\/\/www.bitacoracdmx.com\/index.php?rest_route=\/wp\/v2\/users\/1"}],"replies":[{"embeddable":true,"href":"https:\/\/www.bitacoracdmx.com\/index.php?rest_route=%2Fwp%2Fv2%2Fcomments&post=43719"}],"version-history":[{"count":1,"href":"https:\/\/www.bitacoracdmx.com\/index.php?rest_route=\/wp\/v2\/posts\/43719\/revisions"}],"predecessor-version":[{"id":43721,"href":"https:\/\/www.bitacoracdmx.com\/index.php?rest_route=\/wp\/v2\/posts\/43719\/revisions\/43721"}],"wp:featuredmedia":[{"embeddable":true,"href":"https:\/\/www.bitacoracdmx.com\/index.php?rest_route=\/wp\/v2\/media\/43720"}],"wp:attachment":[{"href":"https:\/\/www.bitacoracdmx.com\/index.php?rest_route=%2Fwp%2Fv2%2Fmedia&parent=43719"}],"wp:term":[{"taxonomy":"category","embeddable":true,"href":"https:\/\/www.bitacoracdmx.com\/index.php?rest_route=%2Fwp%2Fv2%2Fcategories&post=43719"},{"taxonomy":"post_tag","embeddable":true,"href":"https:\/\/www.bitacoracdmx.com\/index.php?rest_route=%2Fwp%2Fv2%2Ftags&post=43719"}],"curies":[{"name":"wp","href":"https:\/\/api.w.org\/{rel}","templated":true}]}}