{"id":43773,"date":"2022-04-06T03:55:26","date_gmt":"2022-04-06T03:55:26","guid":{"rendered":"https:\/\/www.bitacoracdmx.com\/?p=43773"},"modified":"2022-04-06T03:55:26","modified_gmt":"2022-04-06T03:55:26","slug":"la-castaneda-celebrara-33-anos-de-trayectoria-artistica-con-un-show-especial-en-el-metropolitan","status":"publish","type":"post","link":"https:\/\/www.bitacoracdmx.com\/?p=43773","title":{"rendered":"La Casta\u00f1eda celebrar\u00e1 33 a\u00f1os de trayectoria art\u00edstica con un show especial en el Metrop\u00f3litan."},"content":{"rendered":"<p>[fusion_builder_container hundred_percent=&#8221;no&#8221; equal_height_columns=&#8221;no&#8221; menu_anchor=&#8221;&#8221; hide_on_mobile=&#8221;small-visibility,medium-visibility,large-visibility&#8221; class=&#8221;&#8221; id=&#8221;&#8221; background_color=&#8221;&#8221; background_image=&#8221;&#8221; background_position=&#8221;center center&#8221; background_repeat=&#8221;no-repeat&#8221; fade=&#8221;no&#8221; background_parallax=&#8221;none&#8221; parallax_speed=&#8221;0.3&#8243; video_mp4=&#8221;&#8221; video_webm=&#8221;&#8221; video_ogv=&#8221;&#8221; video_url=&#8221;&#8221; video_aspect_ratio=&#8221;16:9&#8243; video_loop=&#8221;yes&#8221; video_mute=&#8221;yes&#8221; overlay_color=&#8221;&#8221; video_preview_image=&#8221;&#8221; border_size=&#8221;&#8221; border_color=&#8221;&#8221; border_style=&#8221;solid&#8221; padding_top=&#8221;&#8221; padding_bottom=&#8221;&#8221; padding_left=&#8221;&#8221; padding_right=&#8221;&#8221;][fusion_builder_row][fusion_builder_column type=&#8221;1_1&#8243; layout=&#8221;1_1&#8243; background_position=&#8221;left top&#8221; background_color=&#8221;&#8221; border_size=&#8221;&#8221; border_color=&#8221;&#8221; border_style=&#8221;solid&#8221; border_position=&#8221;all&#8221; spacing=&#8221;yes&#8221; background_image=&#8221;&#8221; background_repeat=&#8221;no-repeat&#8221; padding_top=&#8221;&#8221; padding_right=&#8221;&#8221; padding_bottom=&#8221;&#8221; padding_left=&#8221;&#8221; margin_top=&#8221;0px&#8221; margin_bottom=&#8221;0px&#8221; class=&#8221;&#8221; id=&#8221;&#8221; animation_type=&#8221;&#8221; animation_speed=&#8221;0.3&#8243; animation_direction=&#8221;left&#8221; hide_on_mobile=&#8221;small-visibility,medium-visibility,large-visibility&#8221; center_content=&#8221;no&#8221; last=&#8221;no&#8221; min_height=&#8221;&#8221; hover_type=&#8221;none&#8221; link=&#8221;&#8221;][fusion_text]<\/p>\n<p>REDACCI\u00d3N<\/p>\n<p dir=\"ltr\"><strong id=\"x_m_-2337900501607030626m_-3386647236647599519m_-1108960760962804810m_-1186698363177126429m_-1208931278510123835m_-3337574239347619405docs-internal-guid-a6f9bde4-7fff-f03c-b14c-0a23843472ab\">\u00a1El grupo mexicano deleitar\u00e1 con sus himnos a todos los amantes del rock el pr\u00f3ximo 2 de julio,<\/strong><strong id=\"x_m_-2337900501607030626m_-3386647236647599519m_-1108960760962804810m_-1186698363177126429m_-1208931278510123835m_-3337574239347619405docs-internal-guid-a6f9bde4-7fff-f03c-b14c-0a23843472ab\">boletos a la venta a partir de este jueves!<\/strong><\/p>\n<p dir=\"ltr\"><strong>\u00a1La Casta\u00f1eda en el Metrop\u00f3litan!\u00a0<\/strong>La exitosa agrupaci\u00f3n llega a uno de los escenarios m\u00e1s emblem\u00e1ticos de la Ciudad de M\u00e9xico con un concierto especial el pr\u00f3ximo\u00a0<strong>2 de julio,<\/strong>\u00a0donde celebrar\u00e1 33 a\u00f1os con 33 canciones. El evento contar\u00e1 con medidas de sanitizaci\u00f3n, adem\u00e1s que se pedir\u00e1 el uso de cubrebocas durante el show.<br aria-hidden=\"true\" \/><br aria-hidden=\"true\" \/>Los boletos estar\u00e1n disponibles a partir de este jueves 7 de abril a las 11:00 am, a trav\u00e9s de Ticketmaster.com<\/p>\n<p dir=\"ltr\"><strong>33 a\u00f1os, 33 canciones<\/strong>\u00a0ofrecer\u00e1 un gran recorrido musical por la trayectoria de una de las bandas con mayor tradici\u00f3n en el rock nacional, en este concierto especial se podr\u00e1n escuchar temas cl\u00e1sicos como\u00a0<strong>&#8220;Cenit&#8221;, &#8220;Transfusi\u00f3n&#8221;, &#8220;Loco&#8221; y &#8220;Noches de tu piel&#8221;<\/strong>, adem\u00e1s de los sencillos m\u00e1s recientes\u00a0<strong>&#8220;La Carta&#8221; y &#8220;Nancy Llaga&#8221;<\/strong>, entre otros.<br aria-hidden=\"true\" \/><\/p>\n<div>A lo largo del tiempo,\u00a0<strong>La Casta\u00f1eda<\/strong>\u00a0ha ofrecido a sus seguidores un estilo musical \u00fanico, donde se combinan diferentes ritmos como el jazz, el ska y el hard rock, elementos que hacen una mancuerna perfecta acompa\u00f1ados de la potente voz de Salvador Moreno, vocalista de la banda.<\/div>\n<div><br aria-hidden=\"true\" \/>Sin duda alguna la celebraci\u00f3n del\u00a0<strong>2 de julio en el Teatro Metrop\u00f3litan\u00a0<\/strong>ser\u00e1 un espect\u00e1culo muy completo, lleno de elementos musicales y visuales, como ya es caracter\u00edstico de la agrupaci\u00f3n.<\/div>\n<div aria-hidden=\"true\"><\/div>\n<p dir=\"ltr\">Tal como se mencion\u00f3, los boletos para disfrutar esta experiencia \u00fanica estar\u00e1n disponibles a partir de este jueves 7 de abril, a trav\u00e9s de\u00a0<a href=\"http:\/\/ticketmaster.com\/\" target=\"_blank\" rel=\"noreferrer noopener\" data-auth=\"NotApplicable\" data-linkindex=\"4\">ticketmaster.com<\/a>, los costos son:<\/p>\n<p dir=\"ltr\"><strong>Vip ( primeras 3 filas ) $1200<\/strong><\/p>\n<p dir=\"ltr\"><strong>Preferente A $1100<\/strong><\/p>\n<p dir=\"ltr\"><strong>Preferente B $900<\/strong><\/p>\n<p dir=\"ltr\"><strong>Balc\u00f3n C $750<\/strong><\/p>\n<p dir=\"ltr\"><strong>Balc\u00f3n D $550<\/strong><\/p>\n<p dir=\"ltr\"><strong>Balc\u00f3n E $450<\/strong><\/p>\n<div aria-hidden=\"true\"><\/div>\n<p dir=\"ltr\">\u00a1Conoce m\u00e1s de ellos y s\u00edguelos a trav\u00e9s de sus redes sociales!<\/p>\n<p>[\/fusion_text][fusion_imageframe image_id=&#8221;43774|medium&#8221; max_width=&#8221;&#8221; style_type=&#8221;&#8221; blur=&#8221;&#8221; stylecolor=&#8221;&#8221; hover_type=&#8221;none&#8221; bordersize=&#8221;&#8221; bordercolor=&#8221;&#8221; borderradius=&#8221;&#8221; align=&#8221;none&#8221; lightbox=&#8221;no&#8221; gallery_id=&#8221;&#8221; lightbox_image=&#8221;&#8221; lightbox_image_id=&#8221;&#8221; alt=&#8221;&#8221; link=&#8221;&#8221; linktarget=&#8221;_self&#8221; hide_on_mobile=&#8221;small-visibility,medium-visibility,large-visibility&#8221; class=&#8221;&#8221; id=&#8221;&#8221; animation_type=&#8221;&#8221; animation_direction=&#8221;left&#8221; animation_speed=&#8221;0.3&#8243; animation_offset=&#8221;&#8221;]https:\/\/www.bitacoracdmx.com\/wp-content\/uploads\/2022\/04\/2a0f3fa6-4503-cba9-a526-12bfbb0f37d8-300&#215;300.png[\/fusion_imageframe][\/fusion_builder_column][\/fusion_builder_row][\/fusion_builder_container]<\/p>\n","protected":false},"excerpt":{"rendered":"<p>[fusion_builder_container hundred_percent=&#8221;no&#8221; equal_height_columns=&#8221;no&#8221; menu_anchor=&#8221;&#8221; hide_on_mobile=&#8221;small-visibility,medium-visibility,large-visibility&#8221; class=&#8221;&#8221; id=&#8221;&#8221; background_color=&#8221;&#8221; background_image=&#8221;&#8221; background_position=&#8221;center center&#8221; background_repeat=&#8221;no-repeat&#8221; fade=&#8221;no&#8221; background_parallax=&#8221;none&#8221; parallax_speed=&#8221;0.3&#8243; video_mp4=&#8221;&#8221; video_webm=&#8221;&#8221; video_ogv=&#8221;&#8221; video_url=&#8221;&#8221; video_aspect_ratio=&#8221;16:9&#8243; video_loop=&#8221;yes&#8221; video_mute=&#8221;yes&#8221; overlay_color=&#8221;&#8221; video_preview_image=&#8221;&#8221; border_size=&#8221;&#8221; border_color=&#8221;&#8221; border_style=&#8221;solid&#8221; padding_top=&#8221;&#8221; padding_bottom=&#8221;&#8221; padding_left=&#8221;&#8221; padding_right=&#8221;&#8221;][fusion_builder_row][fusion_builder_column type=&#8221;1_1&#8243; layout=&#8221;1_1&#8243; background_position=&#8221;left top&#8221; background_color=&#8221;&#8221; border_size=&#8221;&#8221; border_color=&#8221;&#8221; border_style=&#8221;solid&#8221; border_position=&#8221;all&#8221; spacing=&#8221;yes&#8221; background_image=&#8221;&#8221; background_repeat=&#8221;no-repeat&#8221; padding_top=&#8221;&#8221; padding_right=&#8221;&#8221; padding_bottom=&#8221;&#8221; padding_left=&#8221;&#8221; margin_top=&#8221;0px&#8221; margin_bottom=&#8221;0px&#8221; class=&#8221;&#8221; id=&#8221;&#8221; animation_type=&#8221;&#8221; animation_speed=&#8221;0.3&#8243; animation_direction=&#8221;left&#8221; hide_on_mobile=&#8221;small-visibility,medium-visibility,large-visibility&#8221; center_content=&#8221;no&#8221; last=&#8221;no&#8221; min_height=&#8221;&#8221; hover_type=&#8221;none&#8221; link=&#8221;&#8221;][fusion_text] REDACCI\u00d3N \u00a1El grupo mexicano deleitar\u00e1 con sus himnos a todos los amantes del rock el pr\u00f3ximo 2 de julio,boletos a la venta a partir de este jueves! \u00a1La Casta\u00f1eda en el Metrop\u00f3litan!\u00a0La exitosa agrupaci\u00f3n llega a uno de los escenarios [&hellip;]<\/p>\n","protected":false},"author":1,"featured_media":43774,"comment_status":"open","ping_status":"open","sticky":false,"template":"","format":"standard","meta":{"footnotes":""},"categories":[9,11],"tags":[],"_links":{"self":[{"href":"https:\/\/www.bitacoracdmx.com\/index.php?rest_route=\/wp\/v2\/posts\/43773"}],"collection":[{"href":"https:\/\/www.bitacoracdmx.com\/index.php?rest_route=\/wp\/v2\/posts"}],"about":[{"href":"https:\/\/www.bitacoracdmx.com\/index.php?rest_route=\/wp\/v2\/types\/post"}],"author":[{"embeddable":true,"href":"https:\/\/www.bitacoracdmx.com\/index.php?rest_route=\/wp\/v2\/users\/1"}],"replies":[{"embeddable":true,"href":"https:\/\/www.bitacoracdmx.com\/index.php?rest_route=%2Fwp%2Fv2%2Fcomments&post=43773"}],"version-history":[{"count":1,"href":"https:\/\/www.bitacoracdmx.com\/index.php?rest_route=\/wp\/v2\/posts\/43773\/revisions"}],"predecessor-version":[{"id":43775,"href":"https:\/\/www.bitacoracdmx.com\/index.php?rest_route=\/wp\/v2\/posts\/43773\/revisions\/43775"}],"wp:featuredmedia":[{"embeddable":true,"href":"https:\/\/www.bitacoracdmx.com\/index.php?rest_route=\/wp\/v2\/media\/43774"}],"wp:attachment":[{"href":"https:\/\/www.bitacoracdmx.com\/index.php?rest_route=%2Fwp%2Fv2%2Fmedia&parent=43773"}],"wp:term":[{"taxonomy":"category","embeddable":true,"href":"https:\/\/www.bitacoracdmx.com\/index.php?rest_route=%2Fwp%2Fv2%2Fcategories&post=43773"},{"taxonomy":"post_tag","embeddable":true,"href":"https:\/\/www.bitacoracdmx.com\/index.php?rest_route=%2Fwp%2Fv2%2Ftags&post=43773"}],"curies":[{"name":"wp","href":"https:\/\/api.w.org\/{rel}","templated":true}]}}