{"id":43785,"date":"2022-04-06T23:19:00","date_gmt":"2022-04-06T23:19:00","guid":{"rendered":"https:\/\/www.bitacoracdmx.com\/?p=43785"},"modified":"2022-04-06T23:19:00","modified_gmt":"2022-04-06T23:19:00","slug":"bayer-04-leverkusen-viajara-a-mexico-en-mayo-y-julio-de-2022-con-su-equipo-varonil-y-femenil","status":"publish","type":"post","link":"https:\/\/www.bitacoracdmx.com\/?p=43785","title":{"rendered":"Bayer 04 Leverkusen viajar\u00e1 a M\u00e9xico en mayo y julio de 2022, con su equipo varonil y femenil"},"content":{"rendered":"<p>[fusion_builder_container hundred_percent=&#8221;no&#8221; equal_height_columns=&#8221;no&#8221; menu_anchor=&#8221;&#8221; hide_on_mobile=&#8221;small-visibility,medium-visibility,large-visibility&#8221; class=&#8221;&#8221; id=&#8221;&#8221; background_color=&#8221;&#8221; background_image=&#8221;&#8221; background_position=&#8221;center center&#8221; background_repeat=&#8221;no-repeat&#8221; fade=&#8221;no&#8221; background_parallax=&#8221;none&#8221; parallax_speed=&#8221;0.3&#8243; video_mp4=&#8221;&#8221; video_webm=&#8221;&#8221; video_ogv=&#8221;&#8221; video_url=&#8221;&#8221; video_aspect_ratio=&#8221;16:9&#8243; video_loop=&#8221;yes&#8221; video_mute=&#8221;yes&#8221; overlay_color=&#8221;&#8221; video_preview_image=&#8221;&#8221; border_size=&#8221;&#8221; border_color=&#8221;&#8221; border_style=&#8221;solid&#8221; padding_top=&#8221;&#8221; padding_bottom=&#8221;&#8221; padding_left=&#8221;&#8221; padding_right=&#8221;&#8221;][fusion_builder_row][fusion_builder_column type=&#8221;1_1&#8243; layout=&#8221;1_1&#8243; background_position=&#8221;left top&#8221; background_color=&#8221;&#8221; border_size=&#8221;&#8221; border_color=&#8221;&#8221; border_style=&#8221;solid&#8221; border_position=&#8221;all&#8221; spacing=&#8221;yes&#8221; background_image=&#8221;&#8221; background_repeat=&#8221;no-repeat&#8221; padding_top=&#8221;&#8221; padding_right=&#8221;&#8221; padding_bottom=&#8221;&#8221; padding_left=&#8221;&#8221; margin_top=&#8221;0px&#8221; margin_bottom=&#8221;0px&#8221; class=&#8221;&#8221; id=&#8221;&#8221; animation_type=&#8221;&#8221; animation_speed=&#8221;0.3&#8243; animation_direction=&#8221;left&#8221; hide_on_mobile=&#8221;small-visibility,medium-visibility,large-visibility&#8221; center_content=&#8221;no&#8221; last=&#8221;no&#8221; min_height=&#8221;&#8221; hover_type=&#8221;none&#8221; link=&#8221;&#8221;][fusion_text]<\/p>\n<p>REDACCI\u00d3N<\/p>\n<ul>\n<li><strong>Bayer 04 Leverkusen viajar\u00e1 a M\u00e9xico desde el domingo 15 hasta el viernes 20 de mayo.<\/strong><\/li>\n<li><strong>Ocho semanas despu\u00e9s, en julio,\u00a0el equipo femenino del club tambi\u00e9n visitar\u00e1 suelo azteca.<\/strong><\/li>\n<li><strong>Ambos equipos se unen a los festejos del 100 aniversario de Bayer M\u00e9xico.<\/strong><\/li>\n<li><strong>Ambas escuadras jugar\u00e1n un partido amistoso, adem\u00e1s de participar en eventos de fan\u00e1ticos, actividades de relaciones p\u00fablicas y varios eventos sociales.<\/strong><\/li>\n<\/ul>\n<p><strong><em>\u201cQueremos agradecer a M\u00e9xico, porque &#8216;gracias a M\u00e9xico, Bayer es grande&#8217;. Y de esa magnitud queremos hacer los eventos. Es un orgullo celebrar este hecho hist\u00f3rico de la mano de todos ustedes\u201d<\/em><\/strong>, mencion\u00f3\u00a0<strong>Arturo S\u00e1nchez<\/strong>, CEO de Bayer en Am\u00e9rica Latina.<br aria-hidden=\"true\" \/><br aria-hidden=\"true\" \/>Por su parte,\u00a0<strong>Fernando Carro<\/strong>, CEO de Bayer 04 Leverkusen, mencion\u00f3:<br aria-hidden=\"true\" \/><strong><em>\u201cEs un honor y placer estar aqu\u00ed. La visita estaba planificada desde hace tiempo, pero lleg\u00f3 el COVID. La posibilidad de tener juegos contra equipos de la Liga MX es un verdadero placer\u201d.\u00a0<\/em><\/strong><br aria-hidden=\"true\" \/><br aria-hidden=\"true\" \/><strong><em>\u201cSomos el tercer club con m\u00e1s seguidores en la Bundesliga. Nuestro objetivo es pelear por ser, en alg\u00fan momento, campe\u00f3n de liga y reforzar las alianzas internacionales, pues son estrategias que hacen que sea m\u00e1s f\u00e1cil conseguir los objetivos deportivos\u201d.<\/em><\/strong><\/p>\n<p>Como parte del programa para festejar el primer siglo de operaciones en M\u00e9xico, Bayer confirm\u00f3 la participaci\u00f3n del equipo varonil y femenino\u00a0del &#8221;\u00a0<em>Werkself\u00a0<\/em>&#8221; en duelos amistosos con dos de los principales clubes en territorio azteca: el\u00a0<strong>Club Deportivo Toluca<\/strong>, y el\u00a0<strong>Club Am\u00e9rica<\/strong>.<\/p>\n<p><strong><em>\u201cEstamos muy emocionados de tener a un equipo europeo de una de las principales ligas del mundo. El equipo pudo adaptar su calendario con el de la Liga MX, lo cual agradecemos, queremos que conozcan a nuestros juveniles\u201d<\/em><\/strong>, indic\u00f3\u00a0<strong>Mikel Arriola<\/strong>, presidente de la Liga BBVA MX.<br aria-hidden=\"true\" \/><br aria-hidden=\"true\" \/><strong><em>\u201cDeseo el mayor de los \u00e9xitos para estos 100 a\u00f1os de Bayer en M\u00e9xico.<br aria-hidden=\"true\" \/>Gracias a M\u00e9xico, Bayer es grande\u201d.<\/em><\/strong><\/p>\n<p>[\/fusion_text][fusion_gallery layout=&#8221;&#8221; picture_size=&#8221;&#8221; columns=&#8221;&#8221; column_spacing=&#8221;10&#8243; gallery_masonry_grid_ratio=&#8221;&#8221; gallery_masonry_width_double=&#8221;&#8221; hover_type=&#8221;&#8221; lightbox=&#8221;yes&#8221; lightbox_content=&#8221;&#8221; bordersize=&#8221;&#8221; bordercolor=&#8221;&#8221; border_radius=&#8221;&#8221; hide_on_mobile=&#8221;small-visibility,medium-visibility,large-visibility&#8221; class=&#8221;&#8221; id=&#8221;&#8221;][fusion_gallery_image image=&#8221;https:\/\/www.bitacoracdmx.com\/wp-content\/uploads\/2022\/04\/f01de3ed-cb48-78a1-72b6-3aa7b2ccce60-300&#215;169.jpg&#8221; image_id=&#8221;43786|medium&#8221; link=&#8221;&#8221; linktarget=&#8221;_self&#8221; \/][fusion_gallery_image image=&#8221;https:\/\/www.bitacoracdmx.com\/wp-content\/uploads\/2022\/04\/f4126613-bbce-248f-28b7-8aa43a566a01-207&#215;300.jpg&#8221; image_id=&#8221;43787|medium&#8221; link=&#8221;&#8221; linktarget=&#8221;_self&#8221; \/][fusion_gallery_image image=&#8221;https:\/\/www.bitacoracdmx.com\/wp-content\/uploads\/2022\/04\/a2d694ea-6fd3-9926-731a-54b23f798544-300&#215;169.jpg&#8221; image_id=&#8221;43788|medium&#8221; link=&#8221;&#8221; linktarget=&#8221;_self&#8221; \/][\/fusion_gallery][\/fusion_builder_column][\/fusion_builder_row][\/fusion_builder_container]<\/p>\n","protected":false},"excerpt":{"rendered":"<p>[fusion_builder_container hundred_percent=&#8221;no&#8221; equal_height_columns=&#8221;no&#8221; menu_anchor=&#8221;&#8221; hide_on_mobile=&#8221;small-visibility,medium-visibility,large-visibility&#8221; class=&#8221;&#8221; id=&#8221;&#8221; background_color=&#8221;&#8221; background_image=&#8221;&#8221; background_position=&#8221;center center&#8221; background_repeat=&#8221;no-repeat&#8221; fade=&#8221;no&#8221; background_parallax=&#8221;none&#8221; parallax_speed=&#8221;0.3&#8243; video_mp4=&#8221;&#8221; video_webm=&#8221;&#8221; video_ogv=&#8221;&#8221; video_url=&#8221;&#8221; video_aspect_ratio=&#8221;16:9&#8243; video_loop=&#8221;yes&#8221; video_mute=&#8221;yes&#8221; overlay_color=&#8221;&#8221; video_preview_image=&#8221;&#8221; border_size=&#8221;&#8221; border_color=&#8221;&#8221; border_style=&#8221;solid&#8221; padding_top=&#8221;&#8221; padding_bottom=&#8221;&#8221; padding_left=&#8221;&#8221; padding_right=&#8221;&#8221;][fusion_builder_row][fusion_builder_column type=&#8221;1_1&#8243; layout=&#8221;1_1&#8243; background_position=&#8221;left top&#8221; background_color=&#8221;&#8221; border_size=&#8221;&#8221; border_color=&#8221;&#8221; border_style=&#8221;solid&#8221; border_position=&#8221;all&#8221; spacing=&#8221;yes&#8221; background_image=&#8221;&#8221; background_repeat=&#8221;no-repeat&#8221; padding_top=&#8221;&#8221; padding_right=&#8221;&#8221; padding_bottom=&#8221;&#8221; padding_left=&#8221;&#8221; margin_top=&#8221;0px&#8221; margin_bottom=&#8221;0px&#8221; class=&#8221;&#8221; id=&#8221;&#8221; animation_type=&#8221;&#8221; animation_speed=&#8221;0.3&#8243; animation_direction=&#8221;left&#8221; hide_on_mobile=&#8221;small-visibility,medium-visibility,large-visibility&#8221; center_content=&#8221;no&#8221; last=&#8221;no&#8221; min_height=&#8221;&#8221; hover_type=&#8221;none&#8221; link=&#8221;&#8221;][fusion_text] REDACCI\u00d3N Bayer 04 Leverkusen viajar\u00e1 a M\u00e9xico desde el domingo 15 hasta el viernes 20 de mayo. Ocho semanas despu\u00e9s, en julio,\u00a0el equipo femenino del club tambi\u00e9n visitar\u00e1 suelo azteca. Ambos equipos se unen a los festejos del 100 aniversario [&hellip;]<\/p>\n","protected":false},"author":1,"featured_media":43786,"comment_status":"open","ping_status":"open","sticky":false,"template":"","format":"standard","meta":{"footnotes":""},"categories":[6,9],"tags":[],"_links":{"self":[{"href":"https:\/\/www.bitacoracdmx.com\/index.php?rest_route=\/wp\/v2\/posts\/43785"}],"collection":[{"href":"https:\/\/www.bitacoracdmx.com\/index.php?rest_route=\/wp\/v2\/posts"}],"about":[{"href":"https:\/\/www.bitacoracdmx.com\/index.php?rest_route=\/wp\/v2\/types\/post"}],"author":[{"embeddable":true,"href":"https:\/\/www.bitacoracdmx.com\/index.php?rest_route=\/wp\/v2\/users\/1"}],"replies":[{"embeddable":true,"href":"https:\/\/www.bitacoracdmx.com\/index.php?rest_route=%2Fwp%2Fv2%2Fcomments&post=43785"}],"version-history":[{"count":1,"href":"https:\/\/www.bitacoracdmx.com\/index.php?rest_route=\/wp\/v2\/posts\/43785\/revisions"}],"predecessor-version":[{"id":43789,"href":"https:\/\/www.bitacoracdmx.com\/index.php?rest_route=\/wp\/v2\/posts\/43785\/revisions\/43789"}],"wp:featuredmedia":[{"embeddable":true,"href":"https:\/\/www.bitacoracdmx.com\/index.php?rest_route=\/wp\/v2\/media\/43786"}],"wp:attachment":[{"href":"https:\/\/www.bitacoracdmx.com\/index.php?rest_route=%2Fwp%2Fv2%2Fmedia&parent=43785"}],"wp:term":[{"taxonomy":"category","embeddable":true,"href":"https:\/\/www.bitacoracdmx.com\/index.php?rest_route=%2Fwp%2Fv2%2Fcategories&post=43785"},{"taxonomy":"post_tag","embeddable":true,"href":"https:\/\/www.bitacoracdmx.com\/index.php?rest_route=%2Fwp%2Fv2%2Ftags&post=43785"}],"curies":[{"name":"wp","href":"https:\/\/api.w.org\/{rel}","templated":true}]}}