{"id":43805,"date":"2022-04-07T01:53:38","date_gmt":"2022-04-07T01:53:38","guid":{"rendered":"https:\/\/www.bitacoracdmx.com\/?p=43805"},"modified":"2022-04-07T01:53:38","modified_gmt":"2022-04-07T01:53:38","slug":"proximamente-por-temor-a-que-cantemos-libres-la-reivindicacion-de-cinco-heroicas-mujeres-mexicanas","status":"publish","type":"post","link":"https:\/\/www.bitacoracdmx.com\/?p=43805","title":{"rendered":"Pr\u00f3ximamente:  Por temor a que cantemos libres, la reivindicaci\u00f3n de cinco heroicas mujeres mexicanas"},"content":{"rendered":"<p>[fusion_builder_container hundred_percent=&#8221;no&#8221; equal_height_columns=&#8221;no&#8221; menu_anchor=&#8221;&#8221; hide_on_mobile=&#8221;small-visibility,medium-visibility,large-visibility&#8221; class=&#8221;&#8221; id=&#8221;&#8221; background_color=&#8221;&#8221; background_image=&#8221;&#8221; background_position=&#8221;center center&#8221; background_repeat=&#8221;no-repeat&#8221; fade=&#8221;no&#8221; background_parallax=&#8221;none&#8221; parallax_speed=&#8221;0.3&#8243; video_mp4=&#8221;&#8221; video_webm=&#8221;&#8221; video_ogv=&#8221;&#8221; video_url=&#8221;&#8221; video_aspect_ratio=&#8221;16:9&#8243; video_loop=&#8221;yes&#8221; video_mute=&#8221;yes&#8221; overlay_color=&#8221;&#8221; video_preview_image=&#8221;&#8221; border_size=&#8221;&#8221; border_color=&#8221;&#8221; border_style=&#8221;solid&#8221; padding_top=&#8221;&#8221; padding_bottom=&#8221;&#8221; padding_left=&#8221;&#8221; padding_right=&#8221;&#8221;][fusion_builder_row][fusion_builder_column type=&#8221;1_1&#8243; layout=&#8221;1_1&#8243; background_position=&#8221;left top&#8221; background_color=&#8221;&#8221; border_size=&#8221;&#8221; border_color=&#8221;&#8221; border_style=&#8221;solid&#8221; border_position=&#8221;all&#8221; spacing=&#8221;yes&#8221; background_image=&#8221;&#8221; background_repeat=&#8221;no-repeat&#8221; padding_top=&#8221;&#8221; padding_right=&#8221;&#8221; padding_bottom=&#8221;&#8221; padding_left=&#8221;&#8221; margin_top=&#8221;0px&#8221; margin_bottom=&#8221;0px&#8221; class=&#8221;&#8221; id=&#8221;&#8221; animation_type=&#8221;&#8221; animation_speed=&#8221;0.3&#8243; animation_direction=&#8221;left&#8221; hide_on_mobile=&#8221;small-visibility,medium-visibility,large-visibility&#8221; center_content=&#8221;no&#8221; last=&#8221;no&#8221; min_height=&#8221;&#8221; hover_type=&#8221;none&#8221; link=&#8221;&#8221;][fusion_text]<\/p>\n<p>REDACCI\u00d3N<\/p>\n<p>\u2022 Unipersonal de Lizeth Rondero.<br aria-hidden=\"true\" \/>\u2022 Dramaturgia de Felipe Rodr\u00edguez y direcci\u00f3n de Nora Manneck.<br aria-hidden=\"true\" \/>\u2022 Nominada en 2019 a Mejor Mon\u00f3logo y Mejor Obra de Teatro Cabaret por los Premios ACPT.<\/p>\n<div><em>La libertad es una virtud con la que se nace, no un derecho por el que una tenga que pagar con la vida<\/em><\/div>\n<div>\n<p>Cinco mon\u00f3logos que con canciones a piano, evocan algunos episodios en las vidas de distintas mujeres que rompieron las exigencias sociales para elegirse a s\u00ed mismas.\u00a0<strong><em>Por temor a que cantemos libres<\/em>\u00a0\u2014<\/strong>bajo la direcci\u00f3n de Nora Manneck, con la actuaci\u00f3n de Lizeth Rondero\u2014, es un espect\u00e1culo que habla sobre la liberaci\u00f3n a partir de actos de rebeld\u00eda considerados socialmente como \u201clocura femenina\u201d. Una producci\u00f3n de la compa\u00f1\u00eda Teatro de los S\u00f3tanos, agrupaci\u00f3n que cuenta con m\u00e1s de 17 a\u00f1os en las carteleras teatrales del pa\u00eds. La puesta se presentar\u00e1 del\u00a0<strong>23 de abril al 18 de junio, los s\u00e1bados a las 20:00 horas, en el Foro 4 Espacio Alternativo.\u00a0\u00a0<\/strong><\/p>\n<p>El espect\u00e1culo versa sobre el impulso de liberaci\u00f3n femenina a partir de acciones transgresoras consideradas socialmente inaceptables. Lo anterior se contextualiza desde la denigraci\u00f3n con que la sociedad \u2014de valores patriarcales\u2014 califica a quienes buscan un cambio profundo. Aunado a ello, esta puesta reflexiona entorno a la hist\u00f3rica patologizaci\u00f3n de aquellas que deciden construir caminos fuera de los mandatos de g\u00e9nero.<\/p>\n<p>Esta propuesta, de la pluma de Felipe Rodr\u00edguez, revisita breves episodios en las vidas de cinco mexicanas que fueron recluidas por su modo de pensar. Para llevar a cabo esta compleja tarea, se cuenta con el talento de la actriz y cantante Lizeth Rondero, las composiciones musicales de Omar Guzm\u00e1n y el acompa\u00f1amiento de la pianista Sara V\u00e9lez.<\/p>\n<p>En este unipersonal, Rondero interpreta a cinco mujeres diferentes \u2014Mauricia Josefa, Do\u00f1a Gertrudis, Mar\u00eda L\u00f3pez, Trinidad Ru\u00edz y una joven universitaria\u2014 en espacios at\u00edpicos como prisiones, conventos, tribunales y el propio hogar; lugares donde ellas mantuvieron una confrontaci\u00f3n constante con su sentido de ser mujeres.<\/p>\n<p><strong><em>Por temor a que cantemos libres<\/em><\/strong>\u00a0es un montaje que pone sobre la mesa una pregunta de gran trascendencia en nuestra \u00e9poca: \u00bfQu\u00e9 es la libertad y cu\u00e1l es el papel de la mujer en nuestro pa\u00eds? Se reitera que la obra se presentar\u00e1\u00a0<strong>del 23 de abril al 18 de junio,<\/strong>\u00a0los\u00a0<strong>s<\/strong><strong>\u00e1bados a las 20:00 horas,<\/strong>\u00a0en el\u00a0<strong>Foro 4 Espacio Alternativo<\/strong>.\u00a0<strong>El costo del boleto es de<\/strong>\u00a0<strong>$260<\/strong>. Esta puesta en escena cuenta con dos periodos de preventa: el primero del\u00a0<strong>50% de descuento, hasta el 17 de abril<\/strong>; y el segundo del\u00a0<strong>30% de descuento, del 18 al 30 de abril<\/strong>. Las localidades est\u00e1n disponibles en la taquilla del Centro Cultural Hel\u00e9nico, ubicado en avenida Revoluci\u00f3n 1500 y en la p\u00e1gina\u00a0<strong>helenico.gob.mx.<\/strong><\/p>\n<div>Se le recuerda al p\u00fablico que las funciones est\u00e1n supeditadas al sem\u00e1foro epidemiol\u00f3gico de la Ciudad de M\u00e9xico. Se exhorta a las y los espectadores a acudir con responsabilidad y quedarse en casa si presentan alg\u00fan s\u00edntoma (dolor de cabeza, garganta o temperatura superior a 37.5 grados).<\/div>\n<\/div>\n<p>[\/fusion_text][fusion_gallery layout=&#8221;&#8221; picture_size=&#8221;&#8221; columns=&#8221;&#8221; column_spacing=&#8221;10&#8243; gallery_masonry_grid_ratio=&#8221;&#8221; gallery_masonry_width_double=&#8221;&#8221; hover_type=&#8221;&#8221; lightbox=&#8221;yes&#8221; lightbox_content=&#8221;&#8221; bordersize=&#8221;&#8221; bordercolor=&#8221;&#8221; border_radius=&#8221;&#8221; hide_on_mobile=&#8221;small-visibility,medium-visibility,large-visibility&#8221; class=&#8221;&#8221; id=&#8221;&#8221;][fusion_gallery_image image=&#8221;https:\/\/www.bitacoracdmx.com\/wp-content\/uploads\/2022\/04\/874b4b0a-a5fd-739d-fa49-c7e3d80e96a8-300&#215;300.jpeg&#8221; image_id=&#8221;43806|medium&#8221; link=&#8221;&#8221; linktarget=&#8221;_self&#8221; \/][fusion_gallery_image image=&#8221;https:\/\/www.bitacoracdmx.com\/wp-content\/uploads\/2022\/04\/PILIPALA_PORTEMOR2-300&#215;203.jpg&#8221; image_id=&#8221;43807|medium&#8221; link=&#8221;&#8221; linktarget=&#8221;_self&#8221; \/][\/fusion_gallery][\/fusion_builder_column][\/fusion_builder_row][\/fusion_builder_container]<\/p>\n","protected":false},"excerpt":{"rendered":"<p>[fusion_builder_container hundred_percent=&#8221;no&#8221; equal_height_columns=&#8221;no&#8221; menu_anchor=&#8221;&#8221; hide_on_mobile=&#8221;small-visibility,medium-visibility,large-visibility&#8221; class=&#8221;&#8221; id=&#8221;&#8221; background_color=&#8221;&#8221; background_image=&#8221;&#8221; background_position=&#8221;center center&#8221; background_repeat=&#8221;no-repeat&#8221; fade=&#8221;no&#8221; background_parallax=&#8221;none&#8221; parallax_speed=&#8221;0.3&#8243; video_mp4=&#8221;&#8221; video_webm=&#8221;&#8221; video_ogv=&#8221;&#8221; video_url=&#8221;&#8221; video_aspect_ratio=&#8221;16:9&#8243; video_loop=&#8221;yes&#8221; video_mute=&#8221;yes&#8221; overlay_color=&#8221;&#8221; video_preview_image=&#8221;&#8221; border_size=&#8221;&#8221; border_color=&#8221;&#8221; border_style=&#8221;solid&#8221; padding_top=&#8221;&#8221; padding_bottom=&#8221;&#8221; padding_left=&#8221;&#8221; padding_right=&#8221;&#8221;][fusion_builder_row][fusion_builder_column type=&#8221;1_1&#8243; layout=&#8221;1_1&#8243; background_position=&#8221;left top&#8221; background_color=&#8221;&#8221; border_size=&#8221;&#8221; border_color=&#8221;&#8221; border_style=&#8221;solid&#8221; border_position=&#8221;all&#8221; spacing=&#8221;yes&#8221; background_image=&#8221;&#8221; background_repeat=&#8221;no-repeat&#8221; padding_top=&#8221;&#8221; padding_right=&#8221;&#8221; padding_bottom=&#8221;&#8221; padding_left=&#8221;&#8221; margin_top=&#8221;0px&#8221; margin_bottom=&#8221;0px&#8221; class=&#8221;&#8221; id=&#8221;&#8221; animation_type=&#8221;&#8221; animation_speed=&#8221;0.3&#8243; animation_direction=&#8221;left&#8221; hide_on_mobile=&#8221;small-visibility,medium-visibility,large-visibility&#8221; center_content=&#8221;no&#8221; last=&#8221;no&#8221; min_height=&#8221;&#8221; hover_type=&#8221;none&#8221; link=&#8221;&#8221;][fusion_text] REDACCI\u00d3N \u2022 Unipersonal de Lizeth Rondero.\u2022 Dramaturgia de Felipe Rodr\u00edguez y direcci\u00f3n de Nora Manneck.\u2022 Nominada en 2019 a Mejor Mon\u00f3logo y Mejor Obra de Teatro Cabaret por los Premios ACPT. La libertad es una virtud con la que se [&hellip;]<\/p>\n","protected":false},"author":1,"featured_media":43806,"comment_status":"open","ping_status":"open","sticky":false,"template":"","format":"standard","meta":{"footnotes":""},"categories":[9,14],"tags":[],"_links":{"self":[{"href":"https:\/\/www.bitacoracdmx.com\/index.php?rest_route=\/wp\/v2\/posts\/43805"}],"collection":[{"href":"https:\/\/www.bitacoracdmx.com\/index.php?rest_route=\/wp\/v2\/posts"}],"about":[{"href":"https:\/\/www.bitacoracdmx.com\/index.php?rest_route=\/wp\/v2\/types\/post"}],"author":[{"embeddable":true,"href":"https:\/\/www.bitacoracdmx.com\/index.php?rest_route=\/wp\/v2\/users\/1"}],"replies":[{"embeddable":true,"href":"https:\/\/www.bitacoracdmx.com\/index.php?rest_route=%2Fwp%2Fv2%2Fcomments&post=43805"}],"version-history":[{"count":1,"href":"https:\/\/www.bitacoracdmx.com\/index.php?rest_route=\/wp\/v2\/posts\/43805\/revisions"}],"predecessor-version":[{"id":43808,"href":"https:\/\/www.bitacoracdmx.com\/index.php?rest_route=\/wp\/v2\/posts\/43805\/revisions\/43808"}],"wp:featuredmedia":[{"embeddable":true,"href":"https:\/\/www.bitacoracdmx.com\/index.php?rest_route=\/wp\/v2\/media\/43806"}],"wp:attachment":[{"href":"https:\/\/www.bitacoracdmx.com\/index.php?rest_route=%2Fwp%2Fv2%2Fmedia&parent=43805"}],"wp:term":[{"taxonomy":"category","embeddable":true,"href":"https:\/\/www.bitacoracdmx.com\/index.php?rest_route=%2Fwp%2Fv2%2Fcategories&post=43805"},{"taxonomy":"post_tag","embeddable":true,"href":"https:\/\/www.bitacoracdmx.com\/index.php?rest_route=%2Fwp%2Fv2%2Ftags&post=43805"}],"curies":[{"name":"wp","href":"https:\/\/api.w.org\/{rel}","templated":true}]}}