{"id":43820,"date":"2022-04-08T02:10:10","date_gmt":"2022-04-08T02:10:10","guid":{"rendered":"https:\/\/www.bitacoracdmx.com\/?p=43820"},"modified":"2022-04-08T02:10:10","modified_gmt":"2022-04-08T02:10:10","slug":"los-dandys-se-incorporan-a-la-obra-de-teatro-amor-de-tres-y-anuncian-festejo-en-el-teatro-metropolitan","status":"publish","type":"post","link":"https:\/\/www.bitacoracdmx.com\/?p=43820","title":{"rendered":"LOS DANDYS se incorporan a la obra de teatro \u201cAMOR DE TRES\u201d y anuncian festejo en el Teatro Metropolitan"},"content":{"rendered":"<p>[fusion_builder_container hundred_percent=&#8221;no&#8221; equal_height_columns=&#8221;no&#8221; menu_anchor=&#8221;&#8221; hide_on_mobile=&#8221;small-visibility,medium-visibility,large-visibility&#8221; class=&#8221;&#8221; id=&#8221;&#8221; background_color=&#8221;&#8221; background_image=&#8221;&#8221; background_position=&#8221;center center&#8221; background_repeat=&#8221;no-repeat&#8221; fade=&#8221;no&#8221; background_parallax=&#8221;none&#8221; parallax_speed=&#8221;0.3&#8243; video_mp4=&#8221;&#8221; video_webm=&#8221;&#8221; video_ogv=&#8221;&#8221; video_url=&#8221;&#8221; video_aspect_ratio=&#8221;16:9&#8243; video_loop=&#8221;yes&#8221; video_mute=&#8221;yes&#8221; overlay_color=&#8221;&#8221; video_preview_image=&#8221;&#8221; border_size=&#8221;&#8221; border_color=&#8221;&#8221; border_style=&#8221;solid&#8221; padding_top=&#8221;&#8221; padding_bottom=&#8221;&#8221; padding_left=&#8221;&#8221; padding_right=&#8221;&#8221;][fusion_builder_row][fusion_builder_column type=&#8221;1_1&#8243; layout=&#8221;1_1&#8243; background_position=&#8221;left top&#8221; background_color=&#8221;&#8221; border_size=&#8221;&#8221; border_color=&#8221;&#8221; border_style=&#8221;solid&#8221; border_position=&#8221;all&#8221; spacing=&#8221;yes&#8221; background_image=&#8221;&#8221; background_repeat=&#8221;no-repeat&#8221; padding_top=&#8221;&#8221; padding_right=&#8221;&#8221; padding_bottom=&#8221;&#8221; padding_left=&#8221;&#8221; margin_top=&#8221;0px&#8221; margin_bottom=&#8221;0px&#8221; class=&#8221;&#8221; id=&#8221;&#8221; animation_type=&#8221;&#8221; animation_speed=&#8221;0.3&#8243; animation_direction=&#8221;left&#8221; hide_on_mobile=&#8221;small-visibility,medium-visibility,large-visibility&#8221; center_content=&#8221;no&#8221; last=&#8221;no&#8221; min_height=&#8221;&#8221; hover_type=&#8221;none&#8221; link=&#8221;&#8221;][fusion_text]<\/p>\n<p>REDACCI\u00d3N<\/p>\n<p><b><i>*S\u00e1bado 09 de Abril en el Foro San Rafael, como parte del gran elenco de la obra \u201cAmor de Tres\u201d, con dos funciones a las 7pm y 10pm. Boletos a la venta en taquillas del Teatro, funci\u00f3n de las 7pm al 2&#215;1 hasta agotar localidades \u00a0<\/i><\/b><\/p>\n<p><b><i>*Domingo 10 de Julio en el Teatro Metrop\u00f3litan festejar\u00e1n su 65 Aniversario con grandes invitados. Boletos a la venta en el Sistema Ticketmaster<\/i><\/b><\/p>\n<p><b>Como parte del festejo por el 65 Aniversario de Los Dandys, la licenciada Ana Mar\u00eda Navarro, representante y titular de los derechos de Los Dandy\u2019s de Armando Navarro inicia una serie de conciertos y presentaciones especiales como parte del festejo por m\u00e1s de seis d\u00e9cadas ininterrumpidas cant\u00e1ndole al amor con canciones como \u201cGema\u201d, \u201cPor fin\u201d, \u201cComo un duende\u201d, \u201cTres Regalos\u201d, entre otros \u00e9xitos. De este modo y como parte de este camino de aniversario, han anunciado dos magnas presentaciones a tomar en cuenta. La primera de ellas ser\u00e1 este S\u00e1bado 09 de Abril en el Foro San Rafael, como parte del gran elenco de la obra \u201cAmor de Tres\u201d en la que compartir\u00e1n cr\u00e9dito con Ivonne Montero, Lat\u00edn Lover, Magaly Ch\u00e1vez, Sergio Zald\u00edvar, Carlos Bonavides, entre otras figuras y con dos funciones a las 7pm (para la que hay descuento al 2&#215;1 en taquillas) y a las 10pm. La segunda cita ser\u00e1 este Domingo 10 de Julio en el Teatro Metrop\u00f3litan en el festejo mayor por el 65 aniversario de esta ic\u00f3nica agrupaci\u00f3n. \u00a0<\/b><\/p>\n<p><b>La obra de teatro-cabaret de alt\u00edsima calidad \u201cAmor de Tres\u201d, a la cual se incorporan Los Dandys este S\u00e1bado 09 de Abril en el Foro San Rafael se ha preocupado por reunir a una gran cantidad de estrellas y figuras como Ivonne Montero, Lat\u00edn Lover, Magaly Ch\u00e1vez, Sergio Zald\u00edvar, Carlos Bonavides, para ofrecer un espect\u00e1culo \u00fanico en un musical que cuenta con canciones tropicales de salsa y cumbia cl\u00e1sicas de los a\u00f1os ochenta y noventa, con la producci\u00f3n de Juan Carlos Carre\u00f1o y la Direcci\u00f3n Esc\u00e9nica de Sergio Zald\u00edvar, adem\u00e1s de la Direcci\u00f3n Musical: Israel Tlaxcaltecatl. En la sinopsis de la obra se se\u00f1ala que \u201cJuana la cubana y Carmen la de la cadenita est\u00e1n en conflicto por tener el amor y cuidado de Pedro Navajas, Sergio el bailador llega para volverse un gran cantante, la negra Tomasa encuentra en Capi un gran apoyo para sobreponerse de la muerte del negro Jos\u00e9. Sim\u00f3n el gran var\u00f3n lleva la alegr\u00eda a cada uno de los personajes, quienes se sorprenden al conocer el final de este\u201d.<\/b><\/p>\n<p><b>Por otra parte, Los Dandys llegan este Domingo 10 de Julio en el Teatro Metrop\u00f3litan en el festejo mayor por el 65 aniversario de esta ic\u00f3nica agrupaci\u00f3n, que adem\u00e1s reunir\u00e1 a una pl\u00e9yade de estrellas musicales invitadas, todas y cada una de ellas figuras imprescindibles del panorama musical en M\u00e9xico. Y es que indudablemente al evocar el bolero y el romanticismo en M\u00e9xico se debe aludir justamente a Los Dandys como una pieza central que encumbraron el g\u00e9nero en todo el mundo. Con su combinaci\u00f3n de voces, su interpretaci\u00f3n y en la gran mayor\u00eda, el famoso requinto, han logrado plasmar un sello inconfundible por el cual M\u00e9xico y su m\u00fasica ha logrado trascender generaciones completas. Se ha dicho incluso, que cuando el bolero parece quedar en el olvido, surge alguien que lo reanima y lo vuelve popular otra vez y ellos, Los Dandys, se han encargado de no dejarlo morir. Los Dandys son de los grandes artistas supremos del bolero que est\u00e1n en un nicho de honor y reclamando su posici\u00f3n de gran exponente, una posici\u00f3n que reafirmar\u00e1n justamente este Domingo 10 de Julio en el Teatro Metrop\u00f3litan.<\/b><\/p>\n<p><b>De \u00e9sa primera formaci\u00f3n que encumbr\u00f3 a los Dandys queda solo el maravilloso e imborrable recuerdo de hombres talentosos que escribieron una p\u00e1gina gloriosa para la m\u00fasica popular en M\u00e9xico. Jos\u00e9 Luis Segura Rosas era la primera voz y guitarra dotado con una tesitura inigualable que enamor\u00f3 a M\u00e9xico; Joaqu\u00edn Ruiz Mart\u00ednez era la tercera voz, con una escala contra alta que estremeci\u00f3; Armando Navarro Morales era el requinto y arreglista de todos los temas de Los Dandys ganador de numerosos premios justamente por su facultad de hacer sonar las cuerdas, e incluso nombrado como &#8220;El Mejor Requinto de M\u00e9xico ejecutado por el Brazo de Oro&#8221; en Estados Unidos y M\u00e9xico. Se integr\u00f3 a ellos el se\u00f1or Luis Cisneros Alvear o \u201cGuicho Cisneros\u201d, el compositor de cabecera cuyas canciones encumbr\u00f3 a los Dandys a la fama y que los llev\u00f3 a tener el r\u00e9cord de contar con cat\u00e1logo en todas las disqueras que existen en M\u00e9xico.<\/b><\/p>\n<p><b>La nueva generaci\u00f3n de Los Dandys de Armando Navarro est\u00e1 integrada actualmente por Ricardo Armando Navarro, nieto del fundador original y requinto; en la primera voz participa Salvador Ram\u00edrez, la segunda voz y guitarra es Javier Nader; tercera voz y bajo Juan Ruiz y finalmente en el requinto Carlos Ruiz, los cuales est\u00e1n listos para confirmar este homenaje de 60 aniversario a su trayectoria, encabezados por Ana Mar\u00eda Navarro, representante y propietaria de los derechos del nombre. Ellos tuvieron sus inicios exitosos con \u201cGema\u201d, un himno indispensable para casi cualquier momento. Formados en 1957 grabaron el tema de Gema y a partir de \u00e9se momento comenz\u00f3 la leyenda, cuando al dejarlo en las radios del D.F. y emprender una gira por el norte del pa\u00eds, regresaron convertidos en aut\u00e9nticos \u00eddolos. A partir de ese momento, un vendaval de reconocimientos y \u00e9xitos siguieron a este tr\u00edo que se ha sabido mantener en el gusto del p\u00fablico por sesenta a\u00f1os.<\/b><\/p>\n<p><b>El 19 de octubre\u00a0 de 1957 se fundan Los Dandys, que son el primer trio-cuarteto , que en el a\u00f1o de 1958 firma su primer contrato con la discogr\u00e1fica RCA Viktor convirti\u00e9ndose en un \u00e9xito total con \u00e9sos doce temas contenidos en su primer placa colocados con el paso del tiempo en joyas de la m\u00fasica mundial, todos ellos de autor\u00eda propia: Gema, Tres Regalos, Vuela Paloma, Por Fin y muchos temas m\u00e1s. A pesar de ser el \u00faltimo tr\u00edo en salir en esa \u00e9poca que estaba dominada por otros ilustres nombres como el de Los Panchos, Los Tecolines, Los Tres Reyes, Los Santos, Los Hermanos Mart\u00ednez Gil, entre otros, el mundo entero se rindi\u00f3 a sus pies gracias a sus hermosas canciones. Su nueva hegemon\u00eda qued\u00f3 patente cuando el Teatro L\u00edrico registr\u00f3 lleno total el 6 De Septiembre\u00a0 de 1957 y cuando m\u00e1s tarde reciben en 1958 su primer disco de oro por sus altas ventas y un a\u00f1o despu\u00e9s se convierten en el grupo mexicano m\u00e1s exitoso en los Estados Unidos. En \u00e9se pa\u00eds y como parte de la Caravana Corona su nombre se hace m\u00e1s grande apenas a la par de gente ya consolidada para entonces como Jose Alfredo Jim\u00e9nez y Lola Beltr\u00e1n.<\/b><\/p>\n<p><b>Su lista de premios, reconocimientos y logros es kilom\u00e9trica y sin duda sacar\u00e1n lo mejor de esta rica historia el pr\u00f3ximo S\u00e1bado 09 de Abril en el Foro San Rafael, como parte del gran elenco de la obra \u201cAmor de Tres\u201d, con dos funciones a las 7pm y 10pm. Boletos a la venta en taquillas del Teatro, funci\u00f3n de las 7pm al 2&#215;1 hasta agotar localidades. Luego, el Domingo 10 de Julio en el Teatro Metrop\u00f3litan festejar\u00e1n su 65 Aniversario con grandes invitados. Boletos a la venta en el Sistema Ticketmaster.\u00a0<\/b><\/p>\n<p>[\/fusion_text][fusion_gallery layout=&#8221;&#8221; picture_size=&#8221;&#8221; columns=&#8221;&#8221; column_spacing=&#8221;10&#8243; gallery_masonry_grid_ratio=&#8221;&#8221; gallery_masonry_width_double=&#8221;&#8221; hover_type=&#8221;&#8221; lightbox=&#8221;yes&#8221; lightbox_content=&#8221;&#8221; bordersize=&#8221;&#8221; bordercolor=&#8221;&#8221; border_radius=&#8221;&#8221; hide_on_mobile=&#8221;small-visibility,medium-visibility,large-visibility&#8221; class=&#8221;&#8221; id=&#8221;&#8221;][fusion_gallery_image image=&#8221;https:\/\/www.bitacoracdmx.com\/wp-content\/uploads\/2022\/04\/DANDYS-AMOR-DE-TRES-CARTEL-300&#215;221.jpeg&#8221; image_id=&#8221;43821|medium&#8221; link=&#8221;&#8221; linktarget=&#8221;_self&#8221; \/][fusion_gallery_image image=&#8221;https:\/\/www.bitacoracdmx.com\/wp-content\/uploads\/2022\/04\/DANDYS-AMOR-DE-TRES-CARTEL-2X1-300&#215;300.jpeg&#8221; image_id=&#8221;43822|medium&#8221; link=&#8221;&#8221; linktarget=&#8221;_self&#8221; \/][\/fusion_gallery][\/fusion_builder_column][\/fusion_builder_row][\/fusion_builder_container]<\/p>\n","protected":false},"excerpt":{"rendered":"<p>[fusion_builder_container hundred_percent=&#8221;no&#8221; equal_height_columns=&#8221;no&#8221; menu_anchor=&#8221;&#8221; hide_on_mobile=&#8221;small-visibility,medium-visibility,large-visibility&#8221; class=&#8221;&#8221; id=&#8221;&#8221; background_color=&#8221;&#8221; background_image=&#8221;&#8221; background_position=&#8221;center center&#8221; background_repeat=&#8221;no-repeat&#8221; fade=&#8221;no&#8221; background_parallax=&#8221;none&#8221; parallax_speed=&#8221;0.3&#8243; video_mp4=&#8221;&#8221; video_webm=&#8221;&#8221; video_ogv=&#8221;&#8221; video_url=&#8221;&#8221; video_aspect_ratio=&#8221;16:9&#8243; video_loop=&#8221;yes&#8221; video_mute=&#8221;yes&#8221; overlay_color=&#8221;&#8221; video_preview_image=&#8221;&#8221; border_size=&#8221;&#8221; border_color=&#8221;&#8221; border_style=&#8221;solid&#8221; padding_top=&#8221;&#8221; padding_bottom=&#8221;&#8221; padding_left=&#8221;&#8221; padding_right=&#8221;&#8221;][fusion_builder_row][fusion_builder_column type=&#8221;1_1&#8243; layout=&#8221;1_1&#8243; background_position=&#8221;left top&#8221; background_color=&#8221;&#8221; border_size=&#8221;&#8221; border_color=&#8221;&#8221; border_style=&#8221;solid&#8221; border_position=&#8221;all&#8221; spacing=&#8221;yes&#8221; background_image=&#8221;&#8221; background_repeat=&#8221;no-repeat&#8221; padding_top=&#8221;&#8221; padding_right=&#8221;&#8221; padding_bottom=&#8221;&#8221; padding_left=&#8221;&#8221; margin_top=&#8221;0px&#8221; margin_bottom=&#8221;0px&#8221; class=&#8221;&#8221; id=&#8221;&#8221; animation_type=&#8221;&#8221; animation_speed=&#8221;0.3&#8243; animation_direction=&#8221;left&#8221; hide_on_mobile=&#8221;small-visibility,medium-visibility,large-visibility&#8221; center_content=&#8221;no&#8221; last=&#8221;no&#8221; min_height=&#8221;&#8221; hover_type=&#8221;none&#8221; link=&#8221;&#8221;][fusion_text] REDACCI\u00d3N *S\u00e1bado 09 de Abril en el Foro San Rafael, como parte del gran elenco de la obra \u201cAmor de Tres\u201d, con dos funciones a las 7pm y 10pm. Boletos a la venta en taquillas del Teatro, funci\u00f3n de las [&hellip;]<\/p>\n","protected":false},"author":1,"featured_media":43821,"comment_status":"open","ping_status":"open","sticky":false,"template":"","format":"standard","meta":{"footnotes":""},"categories":[9,11],"tags":[],"_links":{"self":[{"href":"https:\/\/www.bitacoracdmx.com\/index.php?rest_route=\/wp\/v2\/posts\/43820"}],"collection":[{"href":"https:\/\/www.bitacoracdmx.com\/index.php?rest_route=\/wp\/v2\/posts"}],"about":[{"href":"https:\/\/www.bitacoracdmx.com\/index.php?rest_route=\/wp\/v2\/types\/post"}],"author":[{"embeddable":true,"href":"https:\/\/www.bitacoracdmx.com\/index.php?rest_route=\/wp\/v2\/users\/1"}],"replies":[{"embeddable":true,"href":"https:\/\/www.bitacoracdmx.com\/index.php?rest_route=%2Fwp%2Fv2%2Fcomments&post=43820"}],"version-history":[{"count":1,"href":"https:\/\/www.bitacoracdmx.com\/index.php?rest_route=\/wp\/v2\/posts\/43820\/revisions"}],"predecessor-version":[{"id":43823,"href":"https:\/\/www.bitacoracdmx.com\/index.php?rest_route=\/wp\/v2\/posts\/43820\/revisions\/43823"}],"wp:featuredmedia":[{"embeddable":true,"href":"https:\/\/www.bitacoracdmx.com\/index.php?rest_route=\/wp\/v2\/media\/43821"}],"wp:attachment":[{"href":"https:\/\/www.bitacoracdmx.com\/index.php?rest_route=%2Fwp%2Fv2%2Fmedia&parent=43820"}],"wp:term":[{"taxonomy":"category","embeddable":true,"href":"https:\/\/www.bitacoracdmx.com\/index.php?rest_route=%2Fwp%2Fv2%2Fcategories&post=43820"},{"taxonomy":"post_tag","embeddable":true,"href":"https:\/\/www.bitacoracdmx.com\/index.php?rest_route=%2Fwp%2Fv2%2Ftags&post=43820"}],"curies":[{"name":"wp","href":"https:\/\/api.w.org\/{rel}","templated":true}]}}