{"id":43840,"date":"2022-04-09T20:10:18","date_gmt":"2022-04-09T20:10:18","guid":{"rendered":"https:\/\/www.bitacoracdmx.com\/?p=43840"},"modified":"2022-04-09T20:10:18","modified_gmt":"2022-04-09T20:10:18","slug":"el-tenor-mexicano-umberto-veloz-incursiona-en-el-mundo-de-los-negocio-y-comunidades-digitales","status":"publish","type":"post","link":"https:\/\/www.bitacoracdmx.com\/?p=43840","title":{"rendered":"El tenor mexicano UMBERTO VELOZ incursiona en el mundo de los negocio y comunidades digitales"},"content":{"rendered":"<p>[fusion_builder_container hundred_percent=&#8221;no&#8221; equal_height_columns=&#8221;no&#8221; menu_anchor=&#8221;&#8221; hide_on_mobile=&#8221;small-visibility,medium-visibility,large-visibility&#8221; class=&#8221;&#8221; id=&#8221;&#8221; background_color=&#8221;&#8221; background_image=&#8221;&#8221; background_position=&#8221;center center&#8221; background_repeat=&#8221;no-repeat&#8221; fade=&#8221;no&#8221; background_parallax=&#8221;none&#8221; parallax_speed=&#8221;0.3&#8243; video_mp4=&#8221;&#8221; video_webm=&#8221;&#8221; video_ogv=&#8221;&#8221; video_url=&#8221;&#8221; video_aspect_ratio=&#8221;16:9&#8243; video_loop=&#8221;yes&#8221; video_mute=&#8221;yes&#8221; overlay_color=&#8221;&#8221; video_preview_image=&#8221;&#8221; border_size=&#8221;&#8221; border_color=&#8221;&#8221; border_style=&#8221;solid&#8221; padding_top=&#8221;&#8221; padding_bottom=&#8221;&#8221; padding_left=&#8221;&#8221; padding_right=&#8221;&#8221;][fusion_builder_row][fusion_builder_column type=&#8221;1_1&#8243; layout=&#8221;1_1&#8243; background_position=&#8221;left top&#8221; background_color=&#8221;&#8221; border_size=&#8221;&#8221; border_color=&#8221;&#8221; border_style=&#8221;solid&#8221; border_position=&#8221;all&#8221; spacing=&#8221;yes&#8221; background_image=&#8221;&#8221; background_repeat=&#8221;no-repeat&#8221; padding_top=&#8221;&#8221; padding_right=&#8221;&#8221; padding_bottom=&#8221;&#8221; padding_left=&#8221;&#8221; margin_top=&#8221;0px&#8221; margin_bottom=&#8221;0px&#8221; class=&#8221;&#8221; id=&#8221;&#8221; animation_type=&#8221;&#8221; animation_speed=&#8221;0.3&#8243; animation_direction=&#8221;left&#8221; hide_on_mobile=&#8221;small-visibility,medium-visibility,large-visibility&#8221; center_content=&#8221;no&#8221; last=&#8221;no&#8221; min_height=&#8221;&#8221; hover_type=&#8221;none&#8221; link=&#8221;&#8221;][fusion_text]<\/p>\n<p>REDACCI\u00d3N<\/p>\n<p>El tenor mexicano Umberto Veloz, considerado como una de las mejores y m\u00e1s bellas voces de la m\u00fasica mundial llega a M\u00e9xico luego de una gira por diversos pa\u00edses de Am\u00e9rica Latina como Brasil, Per\u00fa y Colombia, con la novedad de haber firmado con una discogr\u00e1fica europea originaria de Barcelona llamada El Ventilador y adem\u00e1s con la nueva visi\u00f3n que le da ser parte de EON (The Time Network) asumiendo el cargo de Consejal de Alianzas y Negocios Estrat\u00e9gicos.<\/p>\n<p>Con este nuevo enfoque para contribuir a la abundancia y riqueza de los seres humanos, Veloz se suma al grupo de artistas que entra al mundo de los negocios digitales de alto impacto, aportando su experiencia, liderazgo y relaciones al proyecto EON y a su comunidad, donde \u00e9l mismo incursiona por primera vez como parte del consejo de esta sociedad descentralizada, que tiene como finalidad la evoluci\u00f3n de la econom\u00eda mundial y la distribuci\u00f3n de riqueza de manera justa, integra y socialmente responsable.<\/p>\n<p>Umberto Veloz tiene facetas de su vida que pocos conocen, es uno de los coach m\u00e1s importantes del mundo por su fuerza y poder para transformar la vida de los seres humanos con su m\u00e9todo \u201cEl Arte de crear la vida\u201d, ha impactado a miles de personas alrededor de Am\u00e9rica Latina, es director de diversos proyectos y es presidente honorario de IPMA (International Project Management Association de Suiza) www.impa.world y ha dirigido proyectos de gobiernos federales en M\u00e9xico.<\/p>\n<p>Su esp\u00edritu de servicio lo han llevado a apoyar nuevas maneras de transformar y hacer accesible la econom\u00eda y la educaci\u00f3n para toda la gente, es un amante de las causas sociales de alto impacto en distintos \u00e1mbitos, incluido el hecho de pertenecer a la comunidad EON que est\u00e1 cambiando el mundo de la riqueza mundial y desarrollo del ser humano, con una oportunidad \u00fanica para todas las personas para el apoyo del crecimiento econ\u00f3mico y social en estos tiempos de cambios y crisis. Veloz est\u00e1 comprometido en dejar una huella y un legado lleno de su pasi\u00f3n amor por la transformaci\u00f3n del ser humano y un mejor mundo para sus hijos y las comunidades de todo el mundo.<\/p>\n<p>Umberto Veloz cuenta con tres d\u00e9cadas de experiencia en el mundo de la m\u00fasica, estudi\u00f3 en el Instituto Nacional de Bellas Artes de la ciudad de Monterrey la Licenciatura en m\u00fasica con especialidad en canto, tiene en su haber diplomados en Etnomusicolog\u00eda, Orquestaci\u00f3n y Direcci\u00f3n coral. Ha sido Maestro de canto y percusi\u00f3n latina en el Conservatorio Ruso en Madrid Espa\u00f1a. Ha producido espect\u00e1culos en M\u00e9xico, Sudam\u00e9rica, Europa y \u00c1frica.<\/p>\n<p>Su talento lo llev\u00f3 a recorrer el Mundo y a compartir el escenario con artistas de talla Internacional como: Francisco C\u00e9spedes, Placido Domingo, Celia Cruz, Amaury P\u00e9rez, M Clan, Barricada y varios grupos m\u00e1s de la m\u00fasica pop espa\u00f1ola. En su trayectoria art\u00edstica se ha presentado ante personalidades como Bill Gates, el Papa Juan Pablo II y Los Reyes de Espa\u00f1a. En el a\u00f1o 2002 se present\u00f3 ante los presidentes invitados a la convenci\u00f3n APEC 2002.<\/p>\n<p>Su excepcional y original manera de interpretar la m\u00fasica Latinoamericana al tiempo que se sumerge en el lat\u00edn jazz, balada, salsa y la m\u00fasica cl\u00e1sica lo han llevado a grabar \u201cFolkssion\u201d, con un espectacular material producido y dirigido por \u00e9l mismo de la mano de m\u00fasicos y productores de talla internacional como Geovanis Alc\u00e1ntara, ganador del Grammy Latino a la mejor producci\u00f3n en el 2013 con Eliades Ocha, El Peruano Tito Manrique nominado al Grammy 2013 y Andres Fink,\u00a0 ganador del Grammy al mejor video unplugged con Francisco C\u00e9spedes, por mencionar algunos.<\/p>\n<p>Recientemente estuvo como invitado en la gira del adi\u00f3s de Omara Portuondo, continuando adem\u00e1s con su gira mundial del concierto \u201cLatinoam\u00e9rica en la sangre\u201d y su espect\u00e1culo \u201cM\u00e9xico en el Alma\u201d, donde incluye un homenaje a Jos\u00e9 Jos\u00e9 y Juan Gabriel, en el cual hace gala de su extraordinaria voz cantando con mariachi toda la m\u00fasica con la que inici\u00f3 su carrera como cantante. Umberto Veloz y su extraordinaria manera de interpretar todos los g\u00e9neros musicales del mundo lo hacen uno de los cantantes latinos de talla mundial m\u00e1s importantes de la nueva d\u00e9cada, ahora enarbolando nuevos enfoques en el marco de EON y el mundo digital.<\/p>\n<p>[\/fusion_text][fusion_imageframe image_id=&#8221;43841|medium&#8221; max_width=&#8221;&#8221; style_type=&#8221;&#8221; blur=&#8221;&#8221; stylecolor=&#8221;&#8221; hover_type=&#8221;none&#8221; bordersize=&#8221;&#8221; bordercolor=&#8221;&#8221; borderradius=&#8221;&#8221; align=&#8221;none&#8221; lightbox=&#8221;no&#8221; gallery_id=&#8221;&#8221; lightbox_image=&#8221;&#8221; lightbox_image_id=&#8221;&#8221; alt=&#8221;&#8221; link=&#8221;&#8221; linktarget=&#8221;_self&#8221; hide_on_mobile=&#8221;small-visibility,medium-visibility,large-visibility&#8221; class=&#8221;&#8221; id=&#8221;&#8221; animation_type=&#8221;&#8221; animation_direction=&#8221;left&#8221; animation_speed=&#8221;0.3&#8243; animation_offset=&#8221;&#8221;]https:\/\/www.bitacoracdmx.com\/wp-content\/uploads\/2022\/04\/UMBERTO-VELOZ-ABR-2022-FOTO1-242&#215;300.jpg[\/fusion_imageframe][\/fusion_builder_column][\/fusion_builder_row][\/fusion_builder_container]<\/p>\n","protected":false},"excerpt":{"rendered":"<p>[fusion_builder_container hundred_percent=&#8221;no&#8221; equal_height_columns=&#8221;no&#8221; menu_anchor=&#8221;&#8221; hide_on_mobile=&#8221;small-visibility,medium-visibility,large-visibility&#8221; class=&#8221;&#8221; id=&#8221;&#8221; background_color=&#8221;&#8221; background_image=&#8221;&#8221; background_position=&#8221;center center&#8221; background_repeat=&#8221;no-repeat&#8221; fade=&#8221;no&#8221; background_parallax=&#8221;none&#8221; parallax_speed=&#8221;0.3&#8243; video_mp4=&#8221;&#8221; video_webm=&#8221;&#8221; video_ogv=&#8221;&#8221; video_url=&#8221;&#8221; video_aspect_ratio=&#8221;16:9&#8243; video_loop=&#8221;yes&#8221; video_mute=&#8221;yes&#8221; overlay_color=&#8221;&#8221; video_preview_image=&#8221;&#8221; border_size=&#8221;&#8221; border_color=&#8221;&#8221; border_style=&#8221;solid&#8221; padding_top=&#8221;&#8221; padding_bottom=&#8221;&#8221; padding_left=&#8221;&#8221; padding_right=&#8221;&#8221;][fusion_builder_row][fusion_builder_column type=&#8221;1_1&#8243; layout=&#8221;1_1&#8243; background_position=&#8221;left top&#8221; background_color=&#8221;&#8221; border_size=&#8221;&#8221; border_color=&#8221;&#8221; border_style=&#8221;solid&#8221; border_position=&#8221;all&#8221; spacing=&#8221;yes&#8221; background_image=&#8221;&#8221; background_repeat=&#8221;no-repeat&#8221; padding_top=&#8221;&#8221; padding_right=&#8221;&#8221; padding_bottom=&#8221;&#8221; padding_left=&#8221;&#8221; margin_top=&#8221;0px&#8221; margin_bottom=&#8221;0px&#8221; class=&#8221;&#8221; id=&#8221;&#8221; animation_type=&#8221;&#8221; animation_speed=&#8221;0.3&#8243; animation_direction=&#8221;left&#8221; hide_on_mobile=&#8221;small-visibility,medium-visibility,large-visibility&#8221; center_content=&#8221;no&#8221; last=&#8221;no&#8221; min_height=&#8221;&#8221; hover_type=&#8221;none&#8221; link=&#8221;&#8221;][fusion_text] REDACCI\u00d3N El tenor mexicano Umberto Veloz, considerado como una de las mejores y m\u00e1s bellas voces de la m\u00fasica mundial llega a M\u00e9xico luego de una gira por diversos pa\u00edses de Am\u00e9rica Latina como Brasil, Per\u00fa y Colombia, con la [&hellip;]<\/p>\n","protected":false},"author":1,"featured_media":43841,"comment_status":"open","ping_status":"open","sticky":false,"template":"","format":"standard","meta":{"footnotes":""},"categories":[9,11],"tags":[],"_links":{"self":[{"href":"https:\/\/www.bitacoracdmx.com\/index.php?rest_route=\/wp\/v2\/posts\/43840"}],"collection":[{"href":"https:\/\/www.bitacoracdmx.com\/index.php?rest_route=\/wp\/v2\/posts"}],"about":[{"href":"https:\/\/www.bitacoracdmx.com\/index.php?rest_route=\/wp\/v2\/types\/post"}],"author":[{"embeddable":true,"href":"https:\/\/www.bitacoracdmx.com\/index.php?rest_route=\/wp\/v2\/users\/1"}],"replies":[{"embeddable":true,"href":"https:\/\/www.bitacoracdmx.com\/index.php?rest_route=%2Fwp%2Fv2%2Fcomments&post=43840"}],"version-history":[{"count":1,"href":"https:\/\/www.bitacoracdmx.com\/index.php?rest_route=\/wp\/v2\/posts\/43840\/revisions"}],"predecessor-version":[{"id":43842,"href":"https:\/\/www.bitacoracdmx.com\/index.php?rest_route=\/wp\/v2\/posts\/43840\/revisions\/43842"}],"wp:featuredmedia":[{"embeddable":true,"href":"https:\/\/www.bitacoracdmx.com\/index.php?rest_route=\/wp\/v2\/media\/43841"}],"wp:attachment":[{"href":"https:\/\/www.bitacoracdmx.com\/index.php?rest_route=%2Fwp%2Fv2%2Fmedia&parent=43840"}],"wp:term":[{"taxonomy":"category","embeddable":true,"href":"https:\/\/www.bitacoracdmx.com\/index.php?rest_route=%2Fwp%2Fv2%2Fcategories&post=43840"},{"taxonomy":"post_tag","embeddable":true,"href":"https:\/\/www.bitacoracdmx.com\/index.php?rest_route=%2Fwp%2Fv2%2Ftags&post=43840"}],"curies":[{"name":"wp","href":"https:\/\/api.w.org\/{rel}","templated":true}]}}