{"id":43880,"date":"2022-04-12T01:31:31","date_gmt":"2022-04-12T01:31:31","guid":{"rendered":"https:\/\/www.bitacoracdmx.com\/?p=43880"},"modified":"2022-04-12T01:31:31","modified_gmt":"2022-04-12T01:31:31","slug":"la-cubana-ayra-mendez-llega-a-mexico-para-presentar-su-nuevo-sencillo-entregate-conmigo","status":"publish","type":"post","link":"https:\/\/www.bitacoracdmx.com\/?p=43880","title":{"rendered":"La cubana AYRA MENDEZ llega a M\u00e9xico para presentar su nuevo sencillo \u201cENTR\u00c9GATE CONMIGO\u201d"},"content":{"rendered":"<p>[fusion_builder_container hundred_percent=&#8221;no&#8221; equal_height_columns=&#8221;no&#8221; menu_anchor=&#8221;&#8221; hide_on_mobile=&#8221;small-visibility,medium-visibility,large-visibility&#8221; class=&#8221;&#8221; id=&#8221;&#8221; background_color=&#8221;&#8221; background_image=&#8221;&#8221; background_position=&#8221;center center&#8221; background_repeat=&#8221;no-repeat&#8221; fade=&#8221;no&#8221; background_parallax=&#8221;none&#8221; parallax_speed=&#8221;0.3&#8243; video_mp4=&#8221;&#8221; video_webm=&#8221;&#8221; video_ogv=&#8221;&#8221; video_url=&#8221;&#8221; video_aspect_ratio=&#8221;16:9&#8243; video_loop=&#8221;yes&#8221; video_mute=&#8221;yes&#8221; overlay_color=&#8221;&#8221; video_preview_image=&#8221;&#8221; border_size=&#8221;&#8221; border_color=&#8221;&#8221; border_style=&#8221;solid&#8221; padding_top=&#8221;&#8221; padding_bottom=&#8221;&#8221; padding_left=&#8221;&#8221; padding_right=&#8221;&#8221;][fusion_builder_row][fusion_builder_column type=&#8221;1_1&#8243; layout=&#8221;1_1&#8243; background_position=&#8221;left top&#8221; background_color=&#8221;&#8221; border_size=&#8221;&#8221; border_color=&#8221;&#8221; border_style=&#8221;solid&#8221; border_position=&#8221;all&#8221; spacing=&#8221;yes&#8221; background_image=&#8221;&#8221; background_repeat=&#8221;no-repeat&#8221; padding_top=&#8221;&#8221; padding_right=&#8221;&#8221; padding_bottom=&#8221;&#8221; padding_left=&#8221;&#8221; margin_top=&#8221;0px&#8221; margin_bottom=&#8221;0px&#8221; class=&#8221;&#8221; id=&#8221;&#8221; animation_type=&#8221;&#8221; animation_speed=&#8221;0.3&#8243; animation_direction=&#8221;left&#8221; hide_on_mobile=&#8221;small-visibility,medium-visibility,large-visibility&#8221; center_content=&#8221;no&#8221; last=&#8221;no&#8221; min_height=&#8221;&#8221; hover_type=&#8221;none&#8221; link=&#8221;&#8221;][fusion_text]<\/p>\n<p>REDACCI\u00d3N<\/p>\n<p><b>Dotada de una belleza que deslumbra y de una hermosa voz que cautiva a la primera escucha, la cantante y compositora cubana Ayra M\u00e9ndez se encuentra en M\u00e9xico para presentar su nuevo sencillo \u201cEntr\u00e9gate Conmigo\u201d de su propia autor\u00eda, un tema que hace gala de una fusi\u00f3n de ritmos muy amena y una calidad sonora irreprochable. El tema se estrena oficialmente el 18 de Abril en diversas emisoras de radio mexicanas y en canales de video.<\/b><\/p>\n<p><b>Ayra M\u00e9ndez naci\u00f3 en La Habana, Cuba. A los 15 a\u00f1os form\u00f3 parte de la Orquesta Cubana &#8220;Conexi\u00f3n Salsera&#8221; y m\u00e1s adelante pasa a formar parte de la reconocida banda cubana &#8220;Az\u00facar Band&#8221;. Reci\u00e9n llegada a M\u00e9xico en el a\u00f1o 2009, inicia su primera gira por todo el pa\u00eds. Su primer disco lo graba en Cuba bajo la producci\u00f3n del maestro Maikel Dinza. Ahora viene a conquistar M\u00e9xico con \u201cEntr\u00e9gate Conmigo\u201d. Y es que la cubana tiene varis sorpresas en mano pues muy pronto estar\u00e1 tambi\u00e9n lanzando diversos temas<\/b><\/p>\n<p><b>Comenz\u00f3 su andar con el grupo Conexi\u00f3n Salsera, bajo la direcci\u00f3n de Nicol\u00e1s Sirgado y en \u00e9se momento de su carrera ya se trataba de una orquesta reconocida y a los 19 a\u00f1os pas\u00f3 a formar p\u00e1rate de Az\u00facar Band, otra orquesta de gran nombre con la que tuvo la oportunidad de participar en el Telet\u00f3n de Panam\u00e1 representado a Cuba, realizando por entonces su primera gira internacional en M\u00e9xico.<\/b><\/p>\n<p><b>Con los \u00e9xitos sum\u00e1ndose y con su buena estrella, Ayra decidi\u00f3 radicar en CDMX formando parte de la Orquesta Valent\u00edn y los del Caribe y trabajando con muchos artistas reconocidos cubanos y de fama internacional como Haila Mar\u00eda Mompi\u00e9, Tania Pantoja, as\u00ed como con otras figuras como Ricardo Montaner, Jos\u00e9 Manuel Figueroa y muchos m\u00e1s.<\/b><\/p>\n<p><b>Actualmente y tras presentar el sencillo \u201cEntr\u00e9gate Conmigo\u201d, Ayra est\u00e1 lista para seguirse abriendo camino con la solvencia de su calidad, su belleza y su extraordinaria voz con su propia agrupaci\u00f3n de mujeres y una orquesta de 12 m\u00fasicos con los que se encuentra trabajando actualmente. Su camino es largo a\u00fan, pero lo transita a paso de gigante. Y su consagraci\u00f3n est\u00e1 cerca.\u00a0<\/b><\/p>\n<p>[\/fusion_text][fusion_imageframe image_id=&#8221;43881|medium&#8221; max_width=&#8221;&#8221; style_type=&#8221;&#8221; blur=&#8221;&#8221; stylecolor=&#8221;&#8221; hover_type=&#8221;none&#8221; bordersize=&#8221;&#8221; bordercolor=&#8221;&#8221; borderradius=&#8221;&#8221; align=&#8221;none&#8221; lightbox=&#8221;no&#8221; gallery_id=&#8221;&#8221; lightbox_image=&#8221;&#8221; lightbox_image_id=&#8221;&#8221; alt=&#8221;&#8221; link=&#8221;&#8221; linktarget=&#8221;_self&#8221; hide_on_mobile=&#8221;small-visibility,medium-visibility,large-visibility&#8221; class=&#8221;&#8221; id=&#8221;&#8221; animation_type=&#8221;&#8221; animation_direction=&#8221;left&#8221; animation_speed=&#8221;0.3&#8243; animation_offset=&#8221;&#8221;]https:\/\/www.bitacoracdmx.com\/wp-content\/uploads\/2022\/04\/AYRA-MENDEZ-ABR-2022-FOTO1-300&#215;200.jpg[\/fusion_imageframe][\/fusion_builder_column][\/fusion_builder_row][\/fusion_builder_container]<\/p>\n","protected":false},"excerpt":{"rendered":"<p>[fusion_builder_container hundred_percent=&#8221;no&#8221; equal_height_columns=&#8221;no&#8221; menu_anchor=&#8221;&#8221; hide_on_mobile=&#8221;small-visibility,medium-visibility,large-visibility&#8221; class=&#8221;&#8221; id=&#8221;&#8221; background_color=&#8221;&#8221; background_image=&#8221;&#8221; background_position=&#8221;center center&#8221; background_repeat=&#8221;no-repeat&#8221; fade=&#8221;no&#8221; background_parallax=&#8221;none&#8221; parallax_speed=&#8221;0.3&#8243; video_mp4=&#8221;&#8221; video_webm=&#8221;&#8221; video_ogv=&#8221;&#8221; video_url=&#8221;&#8221; video_aspect_ratio=&#8221;16:9&#8243; video_loop=&#8221;yes&#8221; video_mute=&#8221;yes&#8221; overlay_color=&#8221;&#8221; video_preview_image=&#8221;&#8221; border_size=&#8221;&#8221; border_color=&#8221;&#8221; border_style=&#8221;solid&#8221; padding_top=&#8221;&#8221; padding_bottom=&#8221;&#8221; padding_left=&#8221;&#8221; padding_right=&#8221;&#8221;][fusion_builder_row][fusion_builder_column type=&#8221;1_1&#8243; layout=&#8221;1_1&#8243; background_position=&#8221;left top&#8221; background_color=&#8221;&#8221; border_size=&#8221;&#8221; border_color=&#8221;&#8221; border_style=&#8221;solid&#8221; border_position=&#8221;all&#8221; spacing=&#8221;yes&#8221; background_image=&#8221;&#8221; background_repeat=&#8221;no-repeat&#8221; padding_top=&#8221;&#8221; padding_right=&#8221;&#8221; padding_bottom=&#8221;&#8221; padding_left=&#8221;&#8221; margin_top=&#8221;0px&#8221; margin_bottom=&#8221;0px&#8221; class=&#8221;&#8221; id=&#8221;&#8221; animation_type=&#8221;&#8221; animation_speed=&#8221;0.3&#8243; animation_direction=&#8221;left&#8221; hide_on_mobile=&#8221;small-visibility,medium-visibility,large-visibility&#8221; center_content=&#8221;no&#8221; last=&#8221;no&#8221; min_height=&#8221;&#8221; hover_type=&#8221;none&#8221; link=&#8221;&#8221;][fusion_text] REDACCI\u00d3N Dotada de una belleza que deslumbra y de una hermosa voz que cautiva a la primera escucha, la cantante y compositora cubana Ayra M\u00e9ndez se encuentra en M\u00e9xico para presentar su nuevo sencillo \u201cEntr\u00e9gate Conmigo\u201d de su propia autor\u00eda, [&hellip;]<\/p>\n","protected":false},"author":1,"featured_media":43881,"comment_status":"open","ping_status":"open","sticky":false,"template":"","format":"standard","meta":{"footnotes":""},"categories":[9,11],"tags":[],"_links":{"self":[{"href":"https:\/\/www.bitacoracdmx.com\/index.php?rest_route=\/wp\/v2\/posts\/43880"}],"collection":[{"href":"https:\/\/www.bitacoracdmx.com\/index.php?rest_route=\/wp\/v2\/posts"}],"about":[{"href":"https:\/\/www.bitacoracdmx.com\/index.php?rest_route=\/wp\/v2\/types\/post"}],"author":[{"embeddable":true,"href":"https:\/\/www.bitacoracdmx.com\/index.php?rest_route=\/wp\/v2\/users\/1"}],"replies":[{"embeddable":true,"href":"https:\/\/www.bitacoracdmx.com\/index.php?rest_route=%2Fwp%2Fv2%2Fcomments&post=43880"}],"version-history":[{"count":1,"href":"https:\/\/www.bitacoracdmx.com\/index.php?rest_route=\/wp\/v2\/posts\/43880\/revisions"}],"predecessor-version":[{"id":43882,"href":"https:\/\/www.bitacoracdmx.com\/index.php?rest_route=\/wp\/v2\/posts\/43880\/revisions\/43882"}],"wp:featuredmedia":[{"embeddable":true,"href":"https:\/\/www.bitacoracdmx.com\/index.php?rest_route=\/wp\/v2\/media\/43881"}],"wp:attachment":[{"href":"https:\/\/www.bitacoracdmx.com\/index.php?rest_route=%2Fwp%2Fv2%2Fmedia&parent=43880"}],"wp:term":[{"taxonomy":"category","embeddable":true,"href":"https:\/\/www.bitacoracdmx.com\/index.php?rest_route=%2Fwp%2Fv2%2Fcategories&post=43880"},{"taxonomy":"post_tag","embeddable":true,"href":"https:\/\/www.bitacoracdmx.com\/index.php?rest_route=%2Fwp%2Fv2%2Ftags&post=43880"}],"curies":[{"name":"wp","href":"https:\/\/api.w.org\/{rel}","templated":true}]}}