{"id":43883,"date":"2022-04-12T01:39:26","date_gmt":"2022-04-12T01:39:26","guid":{"rendered":"https:\/\/www.bitacoracdmx.com\/?p=43883"},"modified":"2022-04-12T01:39:26","modified_gmt":"2022-04-12T01:39:26","slug":"la-orquesta-femenil-colombiana-son-de-azucar-regresa-a-mexico-para-ofrecer-dos-conciertos","status":"publish","type":"post","link":"https:\/\/www.bitacoracdmx.com\/?p=43883","title":{"rendered":"La orquesta femenil colombiana SON DE AZ\u00daCAR regresa a M\u00e9xico para ofrecer dos conciertos"},"content":{"rendered":"<p>[fusion_builder_container hundred_percent=&#8221;no&#8221; equal_height_columns=&#8221;no&#8221; menu_anchor=&#8221;&#8221; hide_on_mobile=&#8221;small-visibility,medium-visibility,large-visibility&#8221; class=&#8221;&#8221; id=&#8221;&#8221; background_color=&#8221;&#8221; background_image=&#8221;&#8221; background_position=&#8221;center center&#8221; background_repeat=&#8221;no-repeat&#8221; fade=&#8221;no&#8221; background_parallax=&#8221;none&#8221; parallax_speed=&#8221;0.3&#8243; video_mp4=&#8221;&#8221; video_webm=&#8221;&#8221; video_ogv=&#8221;&#8221; video_url=&#8221;&#8221; video_aspect_ratio=&#8221;16:9&#8243; video_loop=&#8221;yes&#8221; video_mute=&#8221;yes&#8221; overlay_color=&#8221;&#8221; video_preview_image=&#8221;&#8221; border_size=&#8221;&#8221; border_color=&#8221;&#8221; border_style=&#8221;solid&#8221; padding_top=&#8221;&#8221; padding_bottom=&#8221;&#8221; padding_left=&#8221;&#8221; padding_right=&#8221;&#8221;][fusion_builder_row][fusion_builder_column type=&#8221;1_1&#8243; layout=&#8221;1_1&#8243; background_position=&#8221;left top&#8221; background_color=&#8221;&#8221; border_size=&#8221;&#8221; border_color=&#8221;&#8221; border_style=&#8221;solid&#8221; border_position=&#8221;all&#8221; spacing=&#8221;yes&#8221; background_image=&#8221;&#8221; background_repeat=&#8221;no-repeat&#8221; padding_top=&#8221;&#8221; padding_right=&#8221;&#8221; padding_bottom=&#8221;&#8221; padding_left=&#8221;&#8221; margin_top=&#8221;0px&#8221; margin_bottom=&#8221;0px&#8221; class=&#8221;&#8221; id=&#8221;&#8221; animation_type=&#8221;&#8221; animation_speed=&#8221;0.3&#8243; animation_direction=&#8221;left&#8221; hide_on_mobile=&#8221;small-visibility,medium-visibility,large-visibility&#8221; center_content=&#8221;no&#8221; last=&#8221;no&#8221; min_height=&#8221;&#8221; hover_type=&#8221;none&#8221; link=&#8221;&#8221;][fusion_text]<\/p>\n<p>REDACCI\u00d3N<\/p>\n<p><b><i>*Se presentan el pr\u00f3ximo Jueves 26 de Mayo en el Grand Mambo Caf\u00e9 de la V\u00eda Gustavo Baz, Viernes 27 de Mayo en el Havana Club de Veracruz y el S\u00e1bado 28 de mayo en el Mambo Caf\u00e9 Insurgentes<\/i><\/b><\/p>\n<p><b>La reconocida orquesta femenil Son de Az\u00facar de Colombia est\u00e1 alistando sus maletas para llegar a M\u00e9xico en una gira para seguir haciendo bailar a todo el mundo con su exitoso repertorio cl\u00e1sico de siempre y con algunos temas renovados listas para hacer suyos el Jueves 26 de Mayo el Grand Mambo Caf\u00e9 de la V\u00eda Gustavo Baz de Tlalnepantla, el Viernes 27 de Mayo en el Havana Club de Veracruz y el S\u00e1bado 28 de mayo el Mambo Caf\u00e9 Insurgentes con canciones como \u201cNo soy un juego\u201d, \u201cVuelve\u201d y muchos m\u00e1s, lanzando ahora su nuevo material discogr\u00e1fico del que se desprenden dos sencillos que salen en simult\u00e1neo: \u201cMujer Latina\u201d (Cumbia) y \u201cAmiga M\u00eda\u201d (Salsa), con un estilo fresco y alegre en el que adem\u00e1s de su belleza, estas 12 extraordinarias chicas demostrar\u00e1n porqu\u00e9 son una de las agrupaciones m\u00e1s queridas del continente.<\/b><\/p>\n<p><b>La orquesta femenina Son de Az\u00facar fu\u00e9 creada en el a\u00f1o 1988 y en su primera generaci\u00f3n realiz\u00f3 siete trabajos discogr\u00e1ficos, donde sobresalieron varios \u00e9xitos como \u00a8Vuelve\u00a8, \u00a8Son de az\u00facar\u00a8, \u00a8Cale\u00f1o\u00a8, \u00a8No soy un juego\u00a8, \u00a8Como guerreras\u00a8, entre otros. La nueva generaci\u00f3n de la orquesta Son de Az\u00facar regresa a los escenarios hace cinco a\u00f1os compuesta por 12 m\u00fasicos profesionales colombianas, 100% femenina, con su sede en Cali \u2013 Colombia. En esta nueva temporada ellas presentan nuevos temas de varios compositores entre ellos Hansel Camacho que fue tambi\u00e9n el autor de su \u00e9xito principal \u00a8No soy un juego\u00a8 y que en esta nueva temporada compuso el tema \u00a8Solas\u00a8, que fue una canci\u00f3n exclusivamente compuesta para la Orquesta.<\/b><\/p>\n<p><b>Adem\u00e1s, Son de Az\u00facar cuenta con \u00e9xitos del compositor Diego Gal\u00e9 que se grabaron en Medell\u00edn en los estudios Gale Producciones, entre los cuales se destaca \u00a8Ella no es como yo\u00a8, una canci\u00f3n que ha conseguido m\u00e1s de 1.000.000 de visitas en muy poco tiempo. Entre los nuevos ritmos que imperan en su arsenal sonoro, se encuentran la reguetanga, latita y bailando nuevos ritmos urbanos, que son la nueva propuesta de esta agrupaci\u00f3n colombiana de gran trayectoria con el fin de llegar a nuevas generaciones, pero manteniendo su base sonora de siempre respetando la salsa y la cumbia colombiana.<\/b><\/p>\n<p><b>Compuesta por 12 chicas que se han conjuntado para integrar una poderosa orquesta, est\u00e1 bajo la direcci\u00f3n de Paola Andrea S\u00e1nchez, ejecutora del Baby Bass. Son de Az\u00facar cuenta con 1\u2019800.000 seguidores en Facebook, gracias al apoyo de los fans a esta orquesta y su m\u00fasica y actualmente est\u00e1n listas para iniciar sus presentaciones multitudinarias por Ecuador, Colombia y M\u00e9xico. Son de Az\u00facar se presentan el Jueves 26 de Mayo el Grand Mambo Caf\u00e9 de la V\u00eda Gustavo Baz de Tlalnepantla, el Viernes 27 de Mayo en el Havana Club de Veracruz y el S\u00e1bado 28 de mayo el Mambo Caf\u00e9 Insurgentes.\u00a0<\/b><\/p>\n<p>[\/fusion_text][fusion_imageframe image_id=&#8221;43884|medium&#8221; max_width=&#8221;&#8221; style_type=&#8221;&#8221; blur=&#8221;&#8221; stylecolor=&#8221;&#8221; hover_type=&#8221;none&#8221; bordersize=&#8221;&#8221; bordercolor=&#8221;&#8221; borderradius=&#8221;&#8221; align=&#8221;none&#8221; lightbox=&#8221;no&#8221; gallery_id=&#8221;&#8221; lightbox_image=&#8221;&#8221; lightbox_image_id=&#8221;&#8221; alt=&#8221;&#8221; link=&#8221;&#8221; linktarget=&#8221;_self&#8221; hide_on_mobile=&#8221;small-visibility,medium-visibility,large-visibility&#8221; class=&#8221;&#8221; id=&#8221;&#8221; animation_type=&#8221;&#8221; animation_direction=&#8221;left&#8221; animation_speed=&#8221;0.3&#8243; animation_offset=&#8221;&#8221;]https:\/\/www.bitacoracdmx.com\/wp-content\/uploads\/2022\/04\/SON-DE-AZUCAR-ABRIL-2022-CARTEL-SHOWS-232&#215;300.jpg[\/fusion_imageframe][\/fusion_builder_column][\/fusion_builder_row][\/fusion_builder_container]<\/p>\n","protected":false},"excerpt":{"rendered":"<p>[fusion_builder_container hundred_percent=&#8221;no&#8221; equal_height_columns=&#8221;no&#8221; menu_anchor=&#8221;&#8221; hide_on_mobile=&#8221;small-visibility,medium-visibility,large-visibility&#8221; class=&#8221;&#8221; id=&#8221;&#8221; background_color=&#8221;&#8221; background_image=&#8221;&#8221; background_position=&#8221;center center&#8221; background_repeat=&#8221;no-repeat&#8221; fade=&#8221;no&#8221; background_parallax=&#8221;none&#8221; parallax_speed=&#8221;0.3&#8243; video_mp4=&#8221;&#8221; video_webm=&#8221;&#8221; video_ogv=&#8221;&#8221; video_url=&#8221;&#8221; video_aspect_ratio=&#8221;16:9&#8243; video_loop=&#8221;yes&#8221; video_mute=&#8221;yes&#8221; overlay_color=&#8221;&#8221; video_preview_image=&#8221;&#8221; border_size=&#8221;&#8221; border_color=&#8221;&#8221; border_style=&#8221;solid&#8221; padding_top=&#8221;&#8221; padding_bottom=&#8221;&#8221; padding_left=&#8221;&#8221; padding_right=&#8221;&#8221;][fusion_builder_row][fusion_builder_column type=&#8221;1_1&#8243; layout=&#8221;1_1&#8243; background_position=&#8221;left top&#8221; background_color=&#8221;&#8221; border_size=&#8221;&#8221; border_color=&#8221;&#8221; border_style=&#8221;solid&#8221; border_position=&#8221;all&#8221; spacing=&#8221;yes&#8221; background_image=&#8221;&#8221; background_repeat=&#8221;no-repeat&#8221; padding_top=&#8221;&#8221; padding_right=&#8221;&#8221; padding_bottom=&#8221;&#8221; padding_left=&#8221;&#8221; margin_top=&#8221;0px&#8221; margin_bottom=&#8221;0px&#8221; class=&#8221;&#8221; id=&#8221;&#8221; animation_type=&#8221;&#8221; animation_speed=&#8221;0.3&#8243; animation_direction=&#8221;left&#8221; hide_on_mobile=&#8221;small-visibility,medium-visibility,large-visibility&#8221; center_content=&#8221;no&#8221; last=&#8221;no&#8221; min_height=&#8221;&#8221; hover_type=&#8221;none&#8221; link=&#8221;&#8221;][fusion_text] REDACCI\u00d3N *Se presentan el pr\u00f3ximo Jueves 26 de Mayo en el Grand Mambo Caf\u00e9 de la V\u00eda Gustavo Baz, Viernes 27 de Mayo en el Havana Club de Veracruz y el S\u00e1bado 28 de mayo en el Mambo Caf\u00e9 Insurgentes [&hellip;]<\/p>\n","protected":false},"author":1,"featured_media":43884,"comment_status":"open","ping_status":"open","sticky":false,"template":"","format":"standard","meta":{"footnotes":""},"categories":[9,11],"tags":[],"_links":{"self":[{"href":"https:\/\/www.bitacoracdmx.com\/index.php?rest_route=\/wp\/v2\/posts\/43883"}],"collection":[{"href":"https:\/\/www.bitacoracdmx.com\/index.php?rest_route=\/wp\/v2\/posts"}],"about":[{"href":"https:\/\/www.bitacoracdmx.com\/index.php?rest_route=\/wp\/v2\/types\/post"}],"author":[{"embeddable":true,"href":"https:\/\/www.bitacoracdmx.com\/index.php?rest_route=\/wp\/v2\/users\/1"}],"replies":[{"embeddable":true,"href":"https:\/\/www.bitacoracdmx.com\/index.php?rest_route=%2Fwp%2Fv2%2Fcomments&post=43883"}],"version-history":[{"count":1,"href":"https:\/\/www.bitacoracdmx.com\/index.php?rest_route=\/wp\/v2\/posts\/43883\/revisions"}],"predecessor-version":[{"id":43885,"href":"https:\/\/www.bitacoracdmx.com\/index.php?rest_route=\/wp\/v2\/posts\/43883\/revisions\/43885"}],"wp:featuredmedia":[{"embeddable":true,"href":"https:\/\/www.bitacoracdmx.com\/index.php?rest_route=\/wp\/v2\/media\/43884"}],"wp:attachment":[{"href":"https:\/\/www.bitacoracdmx.com\/index.php?rest_route=%2Fwp%2Fv2%2Fmedia&parent=43883"}],"wp:term":[{"taxonomy":"category","embeddable":true,"href":"https:\/\/www.bitacoracdmx.com\/index.php?rest_route=%2Fwp%2Fv2%2Fcategories&post=43883"},{"taxonomy":"post_tag","embeddable":true,"href":"https:\/\/www.bitacoracdmx.com\/index.php?rest_route=%2Fwp%2Fv2%2Ftags&post=43883"}],"curies":[{"name":"wp","href":"https:\/\/api.w.org\/{rel}","templated":true}]}}