{"id":43886,"date":"2022-04-12T01:49:07","date_gmt":"2022-04-12T01:49:07","guid":{"rendered":"https:\/\/www.bitacoracdmx.com\/?p=43886"},"modified":"2022-04-12T01:49:07","modified_gmt":"2022-04-12T01:49:07","slug":"fanny-lu-llega-a-mexico-con-su-sencillo-lo-que-te-perdiste-como-adelanto-de-su-nuevo-ep-2","status":"publish","type":"post","link":"https:\/\/www.bitacoracdmx.com\/?p=43886","title":{"rendered":"FANNY LU llega a M\u00e9xico con su sencillo \u201cLO QUE TE PERDISTE\u201d como adelanto de su nuevo EP"},"content":{"rendered":"<p>[fusion_builder_container hundred_percent=&#8221;no&#8221; equal_height_columns=&#8221;no&#8221; menu_anchor=&#8221;&#8221; hide_on_mobile=&#8221;small-visibility,medium-visibility,large-visibility&#8221; class=&#8221;&#8221; id=&#8221;&#8221; background_color=&#8221;&#8221; background_image=&#8221;&#8221; background_position=&#8221;center center&#8221; background_repeat=&#8221;no-repeat&#8221; fade=&#8221;no&#8221; background_parallax=&#8221;none&#8221; parallax_speed=&#8221;0.3&#8243; video_mp4=&#8221;&#8221; video_webm=&#8221;&#8221; video_ogv=&#8221;&#8221; video_url=&#8221;&#8221; video_aspect_ratio=&#8221;16:9&#8243; video_loop=&#8221;yes&#8221; video_mute=&#8221;yes&#8221; overlay_color=&#8221;&#8221; video_preview_image=&#8221;&#8221; border_size=&#8221;&#8221; border_color=&#8221;&#8221; border_style=&#8221;solid&#8221; padding_top=&#8221;&#8221; padding_bottom=&#8221;&#8221; padding_left=&#8221;&#8221; padding_right=&#8221;&#8221;][fusion_builder_row][fusion_builder_column type=&#8221;1_1&#8243; layout=&#8221;1_1&#8243; background_position=&#8221;left top&#8221; background_color=&#8221;&#8221; border_size=&#8221;&#8221; border_color=&#8221;&#8221; border_style=&#8221;solid&#8221; border_position=&#8221;all&#8221; spacing=&#8221;yes&#8221; background_image=&#8221;&#8221; background_repeat=&#8221;no-repeat&#8221; padding_top=&#8221;&#8221; padding_right=&#8221;&#8221; padding_bottom=&#8221;&#8221; padding_left=&#8221;&#8221; margin_top=&#8221;0px&#8221; margin_bottom=&#8221;0px&#8221; class=&#8221;&#8221; id=&#8221;&#8221; animation_type=&#8221;&#8221; animation_speed=&#8221;0.3&#8243; animation_direction=&#8221;left&#8221; hide_on_mobile=&#8221;small-visibility,medium-visibility,large-visibility&#8221; center_content=&#8221;no&#8221; last=&#8221;no&#8221; min_height=&#8221;&#8221; hover_type=&#8221;none&#8221; link=&#8221;&#8221;][fusion_text]<\/p>\n<p>REDACCI\u00d3N<\/p>\n<p><b>Despu\u00e9s de estrenar \u201cYo Quiero Un Amor\u201d y \u201cLo Que Te Perdiste\u201c, la cantante colombiana Fanny Lu sigue conquistando el continente con su nueva canci\u00f3n que lleva el nombre de \u201cVali\u00f3 La Pena\u201c, fue compuesta por Fanny Lu, Karen Mart\u00ednez Moreno, Maria Cristina De Angulo, Natalia Afanador, Natalia Bautista y Raquel Sof\u00eda Borges. El video musical fue rodado en Puerto Colombia y se estren\u00f3 el mismo d\u00eda que la canci\u00f3n en el canal oficial de videos de la cantante y el recibimiento que ha tenido ha sido fenomenal. Adem\u00e1s, como dice su t\u00edtulo, es una invitaci\u00f3n a volver a creer en el amor.<\/b><\/p>\n<p><b>Est\u00e1 muy cerca un EP de Fanny Lu antes de fin de a\u00f1o con temas que ha escrito y producido de la mano con varios compositores y productores. Igualmente prepara un show para mujeres, pues en su calidad de Embajadora de Buena Voluntad por los Derechos de las Mujeres, los ni\u00f1os y las ni\u00f1as de la OEA, siente una fuerte necesidad de que su arte la siga acercando al coraz\u00f3n de las mujeres con mensajes de amor y empoderamiento, algo que dej\u00f3 claro con el sencillo anterior \u201cLo Que Te Perdiste\u201d, que por cierto acumula miles de reproducciones en todas las plataformas y cientos de comentarios.<\/b><\/p>\n<p><b>Fanny Luc\u00eda Mart\u00ednez Buenaventura naci\u00f3 en Cali, Colombia, iniciando su carrera como presentadora de un programa llamado &#8220;Siempre M\u00fasica&#8221;. Fanny Lu decidi\u00f3 presentar su primer \u00e1lbum de estudio el 8 de agosto de 2006. El t\u00edtulo de esta producci\u00f3n fue L\u00e1grimas c\u00e1lidas, cuyo tema promocional, \u201cNo te pido flores\u201d, result\u00f3 ser un \u00e9xito total en las emisoras no s\u00f3lo de Colombia, sino tambi\u00e9n de los continentes asi\u00e1tico y europeo. su segundo \u00e1lbum fue lanzado el 8 de diciembre del a\u00f1o 2008, y fue llamado Dos.<\/b><\/p>\n<p><b>Casi inmediatamente despu\u00e9s de su presentaci\u00f3n, esta producci\u00f3n discogr\u00e1fica se ubic\u00f3 en el puesto n\u00famero 5 de los discos con m\u00e1s ventas en toda Colombia. \u201cTu no eres para m\u00ed\u201d y \u201cCelos\u201d fueron los temas m\u00e1s reconocidos de este \u00e1lbum, pues gracias a su pegajoso ritmo no pasaron desapercibidas. De la mano, nuevamente, del sello discogr\u00e1fico Universal Music, Fanny Lu lanz\u00f3 otra producci\u00f3n discogr\u00e1fica bajo el nombre de \u201cFelicidad y Perpetua\u201d, que ayud\u00f3 a que la popularidad de Fanny siguiera aumentando en el continente latinoamericano.<\/b><\/p>\n<p><b>Por otra parte, la trayectoria art\u00edstica de la cantante colombiana fue su carta de presentaci\u00f3n para aparecer en La Voz Kids, un programa de concursos musicales donde participan ni\u00f1os para demostrar su talento. En este reality show Fanny Lu se encarg\u00f3 de entrenar a los peque\u00f1os, as\u00ed como tambi\u00e9n de evaluar sus participaciones desde el a\u00f1o 2014, funci\u00f3n que se extendi\u00f3 hasta el a\u00f1o 2019 en la temporada 4.<\/b><\/p>\n<p><b>Fanny Lu no se ha bajado del pedestal en que su m\u00fasica la ha colocado. Se ha presentado con lo mejor de la m\u00fasica latina, como es el caso de Carlos Vives, Noriel, Gente de Zona, Luis Enrique y Alejandro Sanz. De hecho a\u00fan se recuerda su participaci\u00f3n en la presentaci\u00f3n \u201cVives y sus amigos\u201d, de Carlos Vives, en Bogot\u00e1, interpretando juntos el tema \u201cLa tierra del olvido\u201d ante una audiencia de m\u00e1s de 40 mil personas.<\/b><\/p>\n<p><b>Fanny sigue dando de qu\u00e9 hablar con nuevos sencillos y colaboraciones que no han hecho m\u00e1s que agigantarla en todo su esplendor. Y con este nuevo tema, es la hora de que M\u00e9xico sepa a que suena \u201cVali\u00f3 la Pena\u201d, su nuevo sencillo en avanzada de lo que ser\u00e1 su EP.<\/b><\/p>\n<p>[\/fusion_text][fusion_imageframe image_id=&#8221;43887|medium&#8221; max_width=&#8221;&#8221; style_type=&#8221;&#8221; blur=&#8221;&#8221; stylecolor=&#8221;&#8221; hover_type=&#8221;none&#8221; bordersize=&#8221;&#8221; bordercolor=&#8221;&#8221; borderradius=&#8221;&#8221; align=&#8221;none&#8221; lightbox=&#8221;no&#8221; gallery_id=&#8221;&#8221; lightbox_image=&#8221;&#8221; lightbox_image_id=&#8221;&#8221; alt=&#8221;&#8221; link=&#8221;&#8221; linktarget=&#8221;_self&#8221; hide_on_mobile=&#8221;small-visibility,medium-visibility,large-visibility&#8221; class=&#8221;&#8221; id=&#8221;&#8221; animation_type=&#8221;&#8221; animation_direction=&#8221;left&#8221; animation_speed=&#8221;0.3&#8243; animation_offset=&#8221;&#8221;]https:\/\/www.bitacoracdmx.com\/wp-content\/uploads\/2022\/04\/FANNY-LU-ABR-2022-VALIO-LA-PENA-COVER-300&#215;300.jpeg[\/fusion_imageframe][\/fusion_builder_column][\/fusion_builder_row][\/fusion_builder_container]<\/p>\n","protected":false},"excerpt":{"rendered":"<p>[fusion_builder_container hundred_percent=&#8221;no&#8221; equal_height_columns=&#8221;no&#8221; menu_anchor=&#8221;&#8221; hide_on_mobile=&#8221;small-visibility,medium-visibility,large-visibility&#8221; class=&#8221;&#8221; id=&#8221;&#8221; background_color=&#8221;&#8221; background_image=&#8221;&#8221; background_position=&#8221;center center&#8221; background_repeat=&#8221;no-repeat&#8221; fade=&#8221;no&#8221; background_parallax=&#8221;none&#8221; parallax_speed=&#8221;0.3&#8243; video_mp4=&#8221;&#8221; video_webm=&#8221;&#8221; video_ogv=&#8221;&#8221; video_url=&#8221;&#8221; video_aspect_ratio=&#8221;16:9&#8243; video_loop=&#8221;yes&#8221; video_mute=&#8221;yes&#8221; overlay_color=&#8221;&#8221; video_preview_image=&#8221;&#8221; border_size=&#8221;&#8221; border_color=&#8221;&#8221; border_style=&#8221;solid&#8221; padding_top=&#8221;&#8221; padding_bottom=&#8221;&#8221; padding_left=&#8221;&#8221; padding_right=&#8221;&#8221;][fusion_builder_row][fusion_builder_column type=&#8221;1_1&#8243; layout=&#8221;1_1&#8243; background_position=&#8221;left top&#8221; background_color=&#8221;&#8221; border_size=&#8221;&#8221; border_color=&#8221;&#8221; border_style=&#8221;solid&#8221; border_position=&#8221;all&#8221; spacing=&#8221;yes&#8221; background_image=&#8221;&#8221; background_repeat=&#8221;no-repeat&#8221; padding_top=&#8221;&#8221; padding_right=&#8221;&#8221; padding_bottom=&#8221;&#8221; padding_left=&#8221;&#8221; margin_top=&#8221;0px&#8221; margin_bottom=&#8221;0px&#8221; class=&#8221;&#8221; id=&#8221;&#8221; animation_type=&#8221;&#8221; animation_speed=&#8221;0.3&#8243; animation_direction=&#8221;left&#8221; hide_on_mobile=&#8221;small-visibility,medium-visibility,large-visibility&#8221; center_content=&#8221;no&#8221; last=&#8221;no&#8221; min_height=&#8221;&#8221; hover_type=&#8221;none&#8221; link=&#8221;&#8221;][fusion_text] REDACCI\u00d3N Despu\u00e9s de estrenar \u201cYo Quiero Un Amor\u201d y \u201cLo Que Te Perdiste\u201c, la cantante colombiana Fanny Lu sigue conquistando el continente con su nueva canci\u00f3n que lleva el nombre de \u201cVali\u00f3 La Pena\u201c, fue compuesta por Fanny Lu, Karen [&hellip;]<\/p>\n","protected":false},"author":1,"featured_media":43887,"comment_status":"open","ping_status":"open","sticky":false,"template":"","format":"standard","meta":{"footnotes":""},"categories":[9,11],"tags":[],"_links":{"self":[{"href":"https:\/\/www.bitacoracdmx.com\/index.php?rest_route=\/wp\/v2\/posts\/43886"}],"collection":[{"href":"https:\/\/www.bitacoracdmx.com\/index.php?rest_route=\/wp\/v2\/posts"}],"about":[{"href":"https:\/\/www.bitacoracdmx.com\/index.php?rest_route=\/wp\/v2\/types\/post"}],"author":[{"embeddable":true,"href":"https:\/\/www.bitacoracdmx.com\/index.php?rest_route=\/wp\/v2\/users\/1"}],"replies":[{"embeddable":true,"href":"https:\/\/www.bitacoracdmx.com\/index.php?rest_route=%2Fwp%2Fv2%2Fcomments&post=43886"}],"version-history":[{"count":1,"href":"https:\/\/www.bitacoracdmx.com\/index.php?rest_route=\/wp\/v2\/posts\/43886\/revisions"}],"predecessor-version":[{"id":43888,"href":"https:\/\/www.bitacoracdmx.com\/index.php?rest_route=\/wp\/v2\/posts\/43886\/revisions\/43888"}],"wp:featuredmedia":[{"embeddable":true,"href":"https:\/\/www.bitacoracdmx.com\/index.php?rest_route=\/wp\/v2\/media\/43887"}],"wp:attachment":[{"href":"https:\/\/www.bitacoracdmx.com\/index.php?rest_route=%2Fwp%2Fv2%2Fmedia&parent=43886"}],"wp:term":[{"taxonomy":"category","embeddable":true,"href":"https:\/\/www.bitacoracdmx.com\/index.php?rest_route=%2Fwp%2Fv2%2Fcategories&post=43886"},{"taxonomy":"post_tag","embeddable":true,"href":"https:\/\/www.bitacoracdmx.com\/index.php?rest_route=%2Fwp%2Fv2%2Ftags&post=43886"}],"curies":[{"name":"wp","href":"https:\/\/api.w.org\/{rel}","templated":true}]}}