{"id":43899,"date":"2022-04-13T01:45:16","date_gmt":"2022-04-13T01:45:16","guid":{"rendered":"https:\/\/www.bitacoracdmx.com\/?p=43899"},"modified":"2022-04-13T01:45:16","modified_gmt":"2022-04-13T01:45:16","slug":"la-cantante-diana-vanoni-presenta-su-sencillo-a-donde-vayas-a-nivel-nacional","status":"publish","type":"post","link":"https:\/\/www.bitacoracdmx.com\/?p=43899","title":{"rendered":"La cantante DIANA VANONI presenta su sencillo \u201cA DONDE VAYAS\u201d a nivel nacional"},"content":{"rendered":"<p>[fusion_builder_container hundred_percent=&#8221;no&#8221; equal_height_columns=&#8221;no&#8221; menu_anchor=&#8221;&#8221; hide_on_mobile=&#8221;small-visibility,medium-visibility,large-visibility&#8221; class=&#8221;&#8221; id=&#8221;&#8221; background_color=&#8221;&#8221; background_image=&#8221;&#8221; background_position=&#8221;center center&#8221; background_repeat=&#8221;no-repeat&#8221; fade=&#8221;no&#8221; background_parallax=&#8221;none&#8221; parallax_speed=&#8221;0.3&#8243; video_mp4=&#8221;&#8221; video_webm=&#8221;&#8221; video_ogv=&#8221;&#8221; video_url=&#8221;&#8221; video_aspect_ratio=&#8221;16:9&#8243; video_loop=&#8221;yes&#8221; video_mute=&#8221;yes&#8221; overlay_color=&#8221;&#8221; video_preview_image=&#8221;&#8221; border_size=&#8221;&#8221; border_color=&#8221;&#8221; border_style=&#8221;solid&#8221; padding_top=&#8221;&#8221; padding_bottom=&#8221;&#8221; padding_left=&#8221;&#8221; padding_right=&#8221;&#8221;][fusion_builder_row][fusion_builder_column type=&#8221;1_1&#8243; layout=&#8221;1_1&#8243; background_position=&#8221;left top&#8221; background_color=&#8221;&#8221; border_size=&#8221;&#8221; border_color=&#8221;&#8221; border_style=&#8221;solid&#8221; border_position=&#8221;all&#8221; spacing=&#8221;yes&#8221; background_image=&#8221;&#8221; background_repeat=&#8221;no-repeat&#8221; padding_top=&#8221;&#8221; padding_right=&#8221;&#8221; padding_bottom=&#8221;&#8221; padding_left=&#8221;&#8221; margin_top=&#8221;0px&#8221; margin_bottom=&#8221;0px&#8221; class=&#8221;&#8221; id=&#8221;&#8221; animation_type=&#8221;&#8221; animation_speed=&#8221;0.3&#8243; animation_direction=&#8221;left&#8221; hide_on_mobile=&#8221;small-visibility,medium-visibility,large-visibility&#8221; center_content=&#8221;no&#8221; last=&#8221;no&#8221; min_height=&#8221;&#8221; hover_type=&#8221;none&#8221; link=&#8221;&#8221;][fusion_text]<\/p>\n<p>REDACCI\u00d3N<\/p>\n<p><b><i>*Se presenta el S\u00e1bado 21 de Mayo en el Foro 360 a partir de las ocho de la noche en el Centro de Espect\u00e1culos 360, ubicado en Boulevard Toluca No. 115 esquina con Perif\u00e9rico Boulevard Manuel \u00c1vila Camacho.<\/i><\/b><\/p>\n<p><b><i>*Boletos a la venta en el Sistema Hive Tickets en\u00a0<a href=\"https:\/\/thehivetickets.rocks\/\" target=\"_blank\" rel=\"noopener noreferrer\" data-auth=\"NotApplicable\" data-linkindex=\"3\">https:\/\/thehivetickets.rocks\/<\/a>\u00a0o al whatsapp 5521401879<\/i><\/b><\/p>\n<p><b>La cantante mexicana Diana Vanoni ha decidido regresar a los escenarios para presentar su nuevo sencillo titulado \u201cA Donde Vayas\u201d de Marco Antonio Sol\u00eds, el cual sale de forma paralela junto a \u201cM\u00edo\u201d de Manolo Marroqu\u00edn, siendo el antecedente perfecto para embarcarse en dos potentes shows que llaman poderosamente la atenci\u00f3n de todos sus fans. De este modo, Diana Vanoni se presenta el S\u00e1bado 21 de Mayo en el Foro 360 a partir de las ocho de la noche en el Centro de Espect\u00e1culos 360, ubicado en Boulevard Toluca No. 115 esquina con Perif\u00e9rico Boulevard Manuel \u00c1vila Camacho. Boletos a la venta en el Sistema Hive Tickets en <a href=\"https:\/\/thehivetickets.rocks\/\" target=\"_blank\" rel=\"noopener noreferrer\" data-auth=\"NotApplicable\" data-linkindex=\"4\">https:\/\/thehivetickets.rocks\/<\/a>\u00a0o al whatsapp 5521401879.<\/b><\/p>\n<p><b>Vanoni es desde sus or\u00edgenes una cantante mexicana comprometida totalmente con la mujer, defensora del amor, del romanticismo, los valores y los sue\u00f1os y que pese a la post-pandemia logr\u00f3 mantenerse vigente al colocar en las plataformas digitales de m\u00fasica los sencillos \u201cA donde vayas\u201d de Marco Antonio Sol\u00eds El Buki y \u201cM\u00edo\u201d de Manolo Sabre Marroqu\u00edn, que ya est\u00e1n disponibles para escucharse en la radio nacional. Su carrera comenz\u00f3 a los 17 a\u00f1os, al concursar en La Voz del Heraldo y Valores Juveniles Bacard\u00ed con el tema \u201cSolo llam\u00e9 para decirte que te amo\u201d, convierti\u00e9ndola en un \u00e9xito rotundo.<\/b><\/p>\n<p><b>Tras una avalancha imparable de conciertos y con una base de fans que crec\u00eda d\u00eda tras d\u00eda, Diana decidi\u00f3 firmar con el sello Star Records donde grab\u00f3 tres \u00e1lbumes que despertaron el inter\u00e9s de Juan Pablo Manzanero con temas de su padre. Despu\u00e9s de esto graba un \u00e1lbum con el maestro Armando Manzanero titulado \u201cHoy Soy\u201d que le da salto definitivo a su carrera. Fue en el 2016 cuando Diana Vanoni lanza el \u00e1lbum \u201cCon todas mis ganas\u201d producido por Javier Calder\u00f3n con el cual hace presentaciones en escenarios como El Lunario, El Centro Cultural Roberto Cantoral con el compositor Gil Rivera, Foro Viena, El Batacl\u00e1n, entre otros.<\/b><\/p>\n<p><b>En el 2019 lanza su EP ac\u00fastico llamado \u201cMis Favoritas\u201d producido por Beto Fortis. Durante el inicio de la pandemia junto a su Director musical Alex Flores inician un programa de revista llamado \u201cCon Diana Vanoni\u201d que se transmite los d\u00edas viernes a las 8pm por su canal de youtube, en donde tiene como invitados a famosos del espect\u00e1culo, ciencia y salud. Este a\u00f1o lanza sus nuevos sencillos \u201cA donde vayas\u201d canci\u00f3n de Marco Antonio Sol\u00eds que ya est\u00e1 sonando en la radio en estos momentos y \u201cM\u00edo\u201d, una canci\u00f3n de Manolo Marroqu\u00edn producido y dirigido por Alex Flores, lista ya para presentarlo en el Foro 360 en el estado de M\u00e9xico.<\/b><\/p>\n<p><b>Diana Vanoni presenta su nuevo espect\u00e1culo el pr\u00f3ximo S\u00e1bado 21 de Mayo en el Foro 360 a partir de las ocho de la noche en el Centro de Espect\u00e1culos 360, ubicado en Boulevard Toluca No. 115 esquina con Perif\u00e9rico Boulevard Manuel \u00c1vila Camacho. Boletos a la venta en el Sistema Hive Tickets en <a href=\"https:\/\/thehivetickets.rocks\/\" target=\"_blank\" rel=\"noopener noreferrer\" data-auth=\"NotApplicable\" data-linkindex=\"5\">https:\/\/thehivetickets.rocks\/<\/a>\u00a0o al whatsapp 5521401879.\u00a0<\/b><b>\u00a0<\/b><\/p>\n<p>[\/fusion_text][fusion_imageframe image_id=&#8221;43900|medium&#8221; max_width=&#8221;&#8221; style_type=&#8221;&#8221; blur=&#8221;&#8221; stylecolor=&#8221;&#8221; hover_type=&#8221;none&#8221; bordersize=&#8221;&#8221; bordercolor=&#8221;&#8221; borderradius=&#8221;&#8221; align=&#8221;none&#8221; lightbox=&#8221;no&#8221; gallery_id=&#8221;&#8221; lightbox_image=&#8221;&#8221; lightbox_image_id=&#8221;&#8221; alt=&#8221;&#8221; link=&#8221;&#8221; linktarget=&#8221;_self&#8221; hide_on_mobile=&#8221;small-visibility,medium-visibility,large-visibility&#8221; class=&#8221;&#8221; id=&#8221;&#8221; animation_type=&#8221;&#8221; animation_direction=&#8221;left&#8221; animation_speed=&#8221;0.3&#8243; animation_offset=&#8221;&#8221;]https:\/\/www.bitacoracdmx.com\/wp-content\/uploads\/2022\/04\/DIANA-VANONI-MAY-2022-FOTO1-200&#215;300.jpg[\/fusion_imageframe][\/fusion_builder_column][\/fusion_builder_row][\/fusion_builder_container]<\/p>\n","protected":false},"excerpt":{"rendered":"<p>[fusion_builder_container hundred_percent=&#8221;no&#8221; equal_height_columns=&#8221;no&#8221; menu_anchor=&#8221;&#8221; hide_on_mobile=&#8221;small-visibility,medium-visibility,large-visibility&#8221; class=&#8221;&#8221; id=&#8221;&#8221; background_color=&#8221;&#8221; background_image=&#8221;&#8221; background_position=&#8221;center center&#8221; background_repeat=&#8221;no-repeat&#8221; fade=&#8221;no&#8221; background_parallax=&#8221;none&#8221; parallax_speed=&#8221;0.3&#8243; video_mp4=&#8221;&#8221; video_webm=&#8221;&#8221; video_ogv=&#8221;&#8221; video_url=&#8221;&#8221; video_aspect_ratio=&#8221;16:9&#8243; video_loop=&#8221;yes&#8221; video_mute=&#8221;yes&#8221; overlay_color=&#8221;&#8221; video_preview_image=&#8221;&#8221; border_size=&#8221;&#8221; border_color=&#8221;&#8221; border_style=&#8221;solid&#8221; padding_top=&#8221;&#8221; padding_bottom=&#8221;&#8221; padding_left=&#8221;&#8221; padding_right=&#8221;&#8221;][fusion_builder_row][fusion_builder_column type=&#8221;1_1&#8243; layout=&#8221;1_1&#8243; background_position=&#8221;left top&#8221; background_color=&#8221;&#8221; border_size=&#8221;&#8221; border_color=&#8221;&#8221; border_style=&#8221;solid&#8221; border_position=&#8221;all&#8221; spacing=&#8221;yes&#8221; background_image=&#8221;&#8221; background_repeat=&#8221;no-repeat&#8221; padding_top=&#8221;&#8221; padding_right=&#8221;&#8221; padding_bottom=&#8221;&#8221; padding_left=&#8221;&#8221; margin_top=&#8221;0px&#8221; margin_bottom=&#8221;0px&#8221; class=&#8221;&#8221; id=&#8221;&#8221; animation_type=&#8221;&#8221; animation_speed=&#8221;0.3&#8243; animation_direction=&#8221;left&#8221; hide_on_mobile=&#8221;small-visibility,medium-visibility,large-visibility&#8221; center_content=&#8221;no&#8221; last=&#8221;no&#8221; min_height=&#8221;&#8221; hover_type=&#8221;none&#8221; link=&#8221;&#8221;][fusion_text] REDACCI\u00d3N *Se presenta el S\u00e1bado 21 de Mayo en el Foro 360 a partir de las ocho de la noche en el Centro de Espect\u00e1culos 360, ubicado en Boulevard Toluca No. 115 esquina con Perif\u00e9rico Boulevard Manuel \u00c1vila Camacho. *Boletos [&hellip;]<\/p>\n","protected":false},"author":1,"featured_media":43900,"comment_status":"open","ping_status":"open","sticky":false,"template":"","format":"standard","meta":{"footnotes":""},"categories":[9,11],"tags":[],"_links":{"self":[{"href":"https:\/\/www.bitacoracdmx.com\/index.php?rest_route=\/wp\/v2\/posts\/43899"}],"collection":[{"href":"https:\/\/www.bitacoracdmx.com\/index.php?rest_route=\/wp\/v2\/posts"}],"about":[{"href":"https:\/\/www.bitacoracdmx.com\/index.php?rest_route=\/wp\/v2\/types\/post"}],"author":[{"embeddable":true,"href":"https:\/\/www.bitacoracdmx.com\/index.php?rest_route=\/wp\/v2\/users\/1"}],"replies":[{"embeddable":true,"href":"https:\/\/www.bitacoracdmx.com\/index.php?rest_route=%2Fwp%2Fv2%2Fcomments&post=43899"}],"version-history":[{"count":1,"href":"https:\/\/www.bitacoracdmx.com\/index.php?rest_route=\/wp\/v2\/posts\/43899\/revisions"}],"predecessor-version":[{"id":43901,"href":"https:\/\/www.bitacoracdmx.com\/index.php?rest_route=\/wp\/v2\/posts\/43899\/revisions\/43901"}],"wp:featuredmedia":[{"embeddable":true,"href":"https:\/\/www.bitacoracdmx.com\/index.php?rest_route=\/wp\/v2\/media\/43900"}],"wp:attachment":[{"href":"https:\/\/www.bitacoracdmx.com\/index.php?rest_route=%2Fwp%2Fv2%2Fmedia&parent=43899"}],"wp:term":[{"taxonomy":"category","embeddable":true,"href":"https:\/\/www.bitacoracdmx.com\/index.php?rest_route=%2Fwp%2Fv2%2Fcategories&post=43899"},{"taxonomy":"post_tag","embeddable":true,"href":"https:\/\/www.bitacoracdmx.com\/index.php?rest_route=%2Fwp%2Fv2%2Ftags&post=43899"}],"curies":[{"name":"wp","href":"https:\/\/api.w.org\/{rel}","templated":true}]}}