{"id":43902,"date":"2022-04-13T01:57:08","date_gmt":"2022-04-13T01:57:08","guid":{"rendered":"https:\/\/www.bitacoracdmx.com\/?p=43902"},"modified":"2022-04-13T01:57:08","modified_gmt":"2022-04-13T01:57:08","slug":"celebra-la-filarmonica-de-las-artes-85-anos-del-raton-vaquero","status":"publish","type":"post","link":"https:\/\/www.bitacoracdmx.com\/?p=43902","title":{"rendered":"Celebra LA FILARM\u00d3NICA DE LAS ARTES 85 A\u00d1OS del RAT\u00d3N VAQUERO."},"content":{"rendered":"<p>[fusion_builder_container hundred_percent=&#8221;no&#8221; equal_height_columns=&#8221;no&#8221; menu_anchor=&#8221;&#8221; hide_on_mobile=&#8221;small-visibility,medium-visibility,large-visibility&#8221; class=&#8221;&#8221; id=&#8221;&#8221; background_color=&#8221;&#8221; background_image=&#8221;&#8221; background_position=&#8221;center center&#8221; background_repeat=&#8221;no-repeat&#8221; fade=&#8221;no&#8221; background_parallax=&#8221;none&#8221; parallax_speed=&#8221;0.3&#8243; video_mp4=&#8221;&#8221; video_webm=&#8221;&#8221; video_ogv=&#8221;&#8221; video_url=&#8221;&#8221; video_aspect_ratio=&#8221;16:9&#8243; video_loop=&#8221;yes&#8221; video_mute=&#8221;yes&#8221; overlay_color=&#8221;&#8221; video_preview_image=&#8221;&#8221; border_size=&#8221;&#8221; border_color=&#8221;&#8221; border_style=&#8221;solid&#8221; padding_top=&#8221;&#8221; padding_bottom=&#8221;&#8221; padding_left=&#8221;&#8221; padding_right=&#8221;&#8221;][fusion_builder_row][fusion_builder_column type=&#8221;1_1&#8243; layout=&#8221;1_1&#8243; background_position=&#8221;left top&#8221; background_color=&#8221;&#8221; border_size=&#8221;&#8221; border_color=&#8221;&#8221; border_style=&#8221;solid&#8221; border_position=&#8221;all&#8221; spacing=&#8221;yes&#8221; background_image=&#8221;&#8221; background_repeat=&#8221;no-repeat&#8221; padding_top=&#8221;&#8221; padding_right=&#8221;&#8221; padding_bottom=&#8221;&#8221; padding_left=&#8221;&#8221; margin_top=&#8221;0px&#8221; margin_bottom=&#8221;0px&#8221; class=&#8221;&#8221; id=&#8221;&#8221; animation_type=&#8221;&#8221; animation_speed=&#8221;0.3&#8243; animation_direction=&#8221;left&#8221; hide_on_mobile=&#8221;small-visibility,medium-visibility,large-visibility&#8221; center_content=&#8221;no&#8221; last=&#8221;no&#8221; min_height=&#8221;&#8221; hover_type=&#8221;none&#8221; link=&#8221;&#8221;][fusion_text]<\/p>\n<p>REDACCI\u00d3N<\/p>\n<p class=\"x_gmail-MsoListParagraphCxSpFirst\"><span lang=\"ES\">\u00b7\u00a0\u00a0\u00a0\u00a0\u00a0\u00a0\u00a0\u00a0\u00a0<\/span><i><span lang=\"ES\">El Perro de Cuerda,\u00a0<\/span><\/i><span lang=\"ES\">una canci\u00f3n de Cri-Cri que solamente ha sido grabada por la Filarm\u00f3nica de las Artes<i><\/i><\/span><\/p>\n<p class=\"x_gmail-MsoListParagraphCxSpMiddle\"><span lang=\"ES\">\u00b7\u00a0\u00a0\u00a0\u00a0\u00a0\u00a0\u00a0\u00a0\u00a0<\/span><span lang=\"ES\">85 a<\/span><span lang=\"ES\">\u00f1os de la creaci\u00f3n del\u00a0<i>Rat\u00f3n Vaquero<\/i><\/span><\/p>\n<p class=\"x_gmail-MsoListParagraphCxSpMiddle\"><span lang=\"ES\">\u00b7\u00a0\u00a0\u00a0\u00a0\u00a0\u00a0\u00a0\u00a0\u00a0<\/span><span lang=\"ES\">Un viaje a trav\u00e9s del tiempo con la Filarm\u00f3nica de las Artes y la primera actriz Evangelina Mart\u00ednez<\/span><\/p>\n<p class=\"x_gmail-MsoListParagraphCxSpMiddle\"><span lang=\"ES\">La celebraci\u00f3n de los XV a\u00f1os de\u00a0<b>La Filarm\u00f3nica de las Artes\u00a0<\/b>continua<b>\u00a0<\/b>con el espect\u00e1culo<i>\u00a0Cri-Cri\u2026 Por siempre<\/i>, concierto esc\u00e9nico, que conmemora los 85 a\u00f1os de la creaci\u00f3n del\u00a0<i>Rat\u00f3n Vaquero<\/i>, pieza musical representativa, ilustrativa y m\u00e1s popular del c\u00e9lebre mexicano Francisco Gabilondo Soler, tambi\u00e9n, se interpretar\u00e1\u00a0<i>El Perro de Cuerda\u00a0<\/i>con copias de las\u00a0partituras originales proporcionadas por el hijo de Cri Cri, Tiburcio Gabilondo, adem\u00e1s de contar con la licencia de GabSol lo que le garantiza la fidelidad a su interpretaci\u00f3n.<\/span><\/p>\n<p class=\"x_MsoNormal\"><span lang=\"ES\">Con\u00a0<i>Cri-Cri\u2026 Por siempre<\/i>, la\u00a0<b>Filarm\u00f3nica de las Artes\u00a0<\/b>te invita a vivir un extraordinario viaje musical con m\u00e1s de 30 m\u00fasicos en escena, de la mano de Evangelina Mart\u00ednez, primera actriz, quien encarnar\u00e1 dentro de esta historia a la abuela del compositor, Do\u00f1a Emilia Fern\u00e1ndez de Soler. Idea concebida por la guionista Mar\u00eda Teresa Careaga exclusivamente para el espect\u00e1culo que produce la Filarm\u00f3nica, tambi\u00e9n, se contar\u00e1 en escena con la Compa\u00f1\u00eda de Teatro de las Artes y en las voces con Mayte De Samaniego, Luc\u00eda Huacuja, Juan Pablo Ru\u00edz y Ricardo Cort\u00e9s.<\/span><\/p>\n<p class=\"x_MsoNormal\"><span lang=\"ES\">Do\u00f1a Emilia Fern\u00e1ndez de Soler viaja en el tiempo en busca de su nieto Panchito y cuenta c\u00f3mo este ni\u00f1o encontr\u00f3 inspiraci\u00f3n en la m\u00fasica para crear historias y personajes que se convertir\u00edan en cl\u00e1sicos infantiles como \u201cLa patita\u201d, \u201cEl negrito bailar\u00edn\u201d y \u201cLa marcha de las letras\u201d. Un emocionante recorrido por el repertorio de Francisco Gabilondo Soler que har\u00e1 recordar, re\u00edr y llorar.<\/span><\/p>\n<p class=\"x_MsoNormal\"><span lang=\"ES\">Para este concierto, estar\u00e1 como invitado el Maestro Jorge Barradas Garc\u00eda a cargo de la batuta del espect\u00e1culo, como Director Art\u00edstico y director de la Filarm\u00f3nica de las Artes, Enrique Abraham V\u00e9lez Godoy; Director de Escena, Omar Olvera Calder\u00f3n; Producci\u00f3n ejecutiva, Abraham Velez, Diego Careaga Medina y David Dohi M\u00e1rquez y en la Producci\u00f3n General La Filarm\u00f3nica de las Artes y DunkelArts.<\/span><\/p>\n<p class=\"x_MsoNormal\"><span lang=\"ES\">La\u00a0<b>Filarm\u00f3nica de las Artes<\/b>, desde su creaci\u00f3n en el 2007, se ha mantenido de manera aut\u00f3noma y autogestiva, innovando la forma de compartir espect\u00e1culos que permitan acercarse a todo tipo de p\u00fablicos. Su objetivo es la excelencia musical y compartirla a trav\u00e9s de proyectos multidisciplinarios en teatros, plazas y espacios p\u00fablicos donde la ciudadan\u00eda tiene un mejor acercamiento al arte.<\/span><\/p>\n<p class=\"x_MsoNormal\"><span lang=\"ES\">El concierto familiar de la\u00a0<b>Filarm\u00f3nica de las Artes\u00a0<\/b>se presentar\u00e1 el pr\u00f3ximo s\u00e1bado 30 a las 13:00 y 18 horas en el Auditorio Fra Ang\u00e9lico del Centro Universitario Cultural (Odontolog\u00eda 35, Copilco Universidad).<\/span><\/p>\n<p class=\"x_MsoNormal\"><span lang=\"ES\">Los boletos tienen un costo de $350. Se pueden adquirir en l\u00ednea:\u00a0\u00a0<\/span><span lang=\"ES\"><a href=\"http:\/\/filarmonicadelasartes.com\/boletos.html\" target=\"_blank\" rel=\"noopener noreferrer\" data-auth=\"NotApplicable\" data-linkindex=\"3\">http:\/\/filarmonicadelasartes.com\/boletos.html<\/a><\/span><span lang=\"ES\">.<\/span><\/p>\n<p>[\/fusion_text][fusion_imageframe image_id=&#8221;43903|medium&#8221; max_width=&#8221;&#8221; style_type=&#8221;&#8221; blur=&#8221;&#8221; stylecolor=&#8221;&#8221; hover_type=&#8221;none&#8221; bordersize=&#8221;&#8221; bordercolor=&#8221;&#8221; borderradius=&#8221;&#8221; align=&#8221;none&#8221; lightbox=&#8221;no&#8221; gallery_id=&#8221;&#8221; lightbox_image=&#8221;&#8221; lightbox_image_id=&#8221;&#8221; alt=&#8221;&#8221; link=&#8221;&#8221; linktarget=&#8221;_self&#8221; hide_on_mobile=&#8221;small-visibility,medium-visibility,large-visibility&#8221; class=&#8221;&#8221; id=&#8221;&#8221; animation_type=&#8221;&#8221; animation_direction=&#8221;left&#8221; animation_speed=&#8221;0.3&#8243; animation_offset=&#8221;&#8221;]https:\/\/www.bitacoracdmx.com\/wp-content\/uploads\/2022\/04\/Cricri-300&#215;300.jpeg[\/fusion_imageframe][\/fusion_builder_column][\/fusion_builder_row][\/fusion_builder_container]<\/p>\n","protected":false},"excerpt":{"rendered":"<p>[fusion_builder_container hundred_percent=&#8221;no&#8221; equal_height_columns=&#8221;no&#8221; menu_anchor=&#8221;&#8221; hide_on_mobile=&#8221;small-visibility,medium-visibility,large-visibility&#8221; class=&#8221;&#8221; id=&#8221;&#8221; background_color=&#8221;&#8221; background_image=&#8221;&#8221; background_position=&#8221;center center&#8221; background_repeat=&#8221;no-repeat&#8221; fade=&#8221;no&#8221; background_parallax=&#8221;none&#8221; parallax_speed=&#8221;0.3&#8243; video_mp4=&#8221;&#8221; video_webm=&#8221;&#8221; video_ogv=&#8221;&#8221; video_url=&#8221;&#8221; video_aspect_ratio=&#8221;16:9&#8243; video_loop=&#8221;yes&#8221; video_mute=&#8221;yes&#8221; overlay_color=&#8221;&#8221; video_preview_image=&#8221;&#8221; border_size=&#8221;&#8221; border_color=&#8221;&#8221; border_style=&#8221;solid&#8221; padding_top=&#8221;&#8221; padding_bottom=&#8221;&#8221; padding_left=&#8221;&#8221; padding_right=&#8221;&#8221;][fusion_builder_row][fusion_builder_column type=&#8221;1_1&#8243; layout=&#8221;1_1&#8243; background_position=&#8221;left top&#8221; background_color=&#8221;&#8221; border_size=&#8221;&#8221; border_color=&#8221;&#8221; border_style=&#8221;solid&#8221; border_position=&#8221;all&#8221; spacing=&#8221;yes&#8221; background_image=&#8221;&#8221; background_repeat=&#8221;no-repeat&#8221; padding_top=&#8221;&#8221; padding_right=&#8221;&#8221; padding_bottom=&#8221;&#8221; padding_left=&#8221;&#8221; margin_top=&#8221;0px&#8221; margin_bottom=&#8221;0px&#8221; class=&#8221;&#8221; id=&#8221;&#8221; animation_type=&#8221;&#8221; animation_speed=&#8221;0.3&#8243; animation_direction=&#8221;left&#8221; hide_on_mobile=&#8221;small-visibility,medium-visibility,large-visibility&#8221; center_content=&#8221;no&#8221; last=&#8221;no&#8221; min_height=&#8221;&#8221; hover_type=&#8221;none&#8221; link=&#8221;&#8221;][fusion_text] REDACCI\u00d3N \u00b7\u00a0\u00a0\u00a0\u00a0\u00a0\u00a0\u00a0\u00a0\u00a0El Perro de Cuerda,\u00a0una canci\u00f3n de Cri-Cri que solamente ha sido grabada por la Filarm\u00f3nica de las Artes \u00b7\u00a0\u00a0\u00a0\u00a0\u00a0\u00a0\u00a0\u00a0\u00a085 a\u00f1os de la creaci\u00f3n del\u00a0Rat\u00f3n Vaquero \u00b7\u00a0\u00a0\u00a0\u00a0\u00a0\u00a0\u00a0\u00a0\u00a0Un viaje a trav\u00e9s del tiempo con la Filarm\u00f3nica de las Artes y la [&hellip;]<\/p>\n","protected":false},"author":1,"featured_media":43903,"comment_status":"open","ping_status":"open","sticky":false,"template":"","format":"standard","meta":{"footnotes":""},"categories":[9,11],"tags":[],"_links":{"self":[{"href":"https:\/\/www.bitacoracdmx.com\/index.php?rest_route=\/wp\/v2\/posts\/43902"}],"collection":[{"href":"https:\/\/www.bitacoracdmx.com\/index.php?rest_route=\/wp\/v2\/posts"}],"about":[{"href":"https:\/\/www.bitacoracdmx.com\/index.php?rest_route=\/wp\/v2\/types\/post"}],"author":[{"embeddable":true,"href":"https:\/\/www.bitacoracdmx.com\/index.php?rest_route=\/wp\/v2\/users\/1"}],"replies":[{"embeddable":true,"href":"https:\/\/www.bitacoracdmx.com\/index.php?rest_route=%2Fwp%2Fv2%2Fcomments&post=43902"}],"version-history":[{"count":1,"href":"https:\/\/www.bitacoracdmx.com\/index.php?rest_route=\/wp\/v2\/posts\/43902\/revisions"}],"predecessor-version":[{"id":43904,"href":"https:\/\/www.bitacoracdmx.com\/index.php?rest_route=\/wp\/v2\/posts\/43902\/revisions\/43904"}],"wp:featuredmedia":[{"embeddable":true,"href":"https:\/\/www.bitacoracdmx.com\/index.php?rest_route=\/wp\/v2\/media\/43903"}],"wp:attachment":[{"href":"https:\/\/www.bitacoracdmx.com\/index.php?rest_route=%2Fwp%2Fv2%2Fmedia&parent=43902"}],"wp:term":[{"taxonomy":"category","embeddable":true,"href":"https:\/\/www.bitacoracdmx.com\/index.php?rest_route=%2Fwp%2Fv2%2Fcategories&post=43902"},{"taxonomy":"post_tag","embeddable":true,"href":"https:\/\/www.bitacoracdmx.com\/index.php?rest_route=%2Fwp%2Fv2%2Ftags&post=43902"}],"curies":[{"name":"wp","href":"https:\/\/api.w.org\/{rel}","templated":true}]}}