{"id":43905,"date":"2022-04-13T02:16:14","date_gmt":"2022-04-13T02:16:14","guid":{"rendered":"https:\/\/www.bitacoracdmx.com\/?p=43905"},"modified":"2022-04-13T02:16:14","modified_gmt":"2022-04-13T02:16:14","slug":"mexico-expropiado-una-deconstruccion-del-ballet-folklorico","status":"publish","type":"post","link":"https:\/\/www.bitacoracdmx.com\/?p=43905","title":{"rendered":"M\u00c9XICO (EXPROPIADO), una deconstrucci\u00f3n del BALLET FOLKL\u00d3RICO."},"content":{"rendered":"<p>[fusion_builder_container hundred_percent=&#8221;no&#8221; equal_height_columns=&#8221;no&#8221; menu_anchor=&#8221;&#8221; hide_on_mobile=&#8221;small-visibility,medium-visibility,large-visibility&#8221; class=&#8221;&#8221; id=&#8221;&#8221; background_color=&#8221;&#8221; background_image=&#8221;&#8221; background_position=&#8221;center center&#8221; background_repeat=&#8221;no-repeat&#8221; fade=&#8221;no&#8221; background_parallax=&#8221;none&#8221; parallax_speed=&#8221;0.3&#8243; video_mp4=&#8221;&#8221; video_webm=&#8221;&#8221; video_ogv=&#8221;&#8221; video_url=&#8221;&#8221; video_aspect_ratio=&#8221;16:9&#8243; video_loop=&#8221;yes&#8221; video_mute=&#8221;yes&#8221; overlay_color=&#8221;&#8221; video_preview_image=&#8221;&#8221; border_size=&#8221;&#8221; border_color=&#8221;&#8221; border_style=&#8221;solid&#8221; padding_top=&#8221;&#8221; padding_bottom=&#8221;&#8221; padding_left=&#8221;&#8221; padding_right=&#8221;&#8221;][fusion_builder_row][fusion_builder_column type=&#8221;1_1&#8243; layout=&#8221;1_1&#8243; background_position=&#8221;left top&#8221; background_color=&#8221;&#8221; border_size=&#8221;&#8221; border_color=&#8221;&#8221; border_style=&#8221;solid&#8221; border_position=&#8221;all&#8221; spacing=&#8221;yes&#8221; background_image=&#8221;&#8221; background_repeat=&#8221;no-repeat&#8221; padding_top=&#8221;&#8221; padding_right=&#8221;&#8221; padding_bottom=&#8221;&#8221; padding_left=&#8221;&#8221; margin_top=&#8221;0px&#8221; margin_bottom=&#8221;0px&#8221; class=&#8221;&#8221; id=&#8221;&#8221; animation_type=&#8221;&#8221; animation_speed=&#8221;0.3&#8243; animation_direction=&#8221;left&#8221; hide_on_mobile=&#8221;small-visibility,medium-visibility,large-visibility&#8221; center_content=&#8221;no&#8221; last=&#8221;no&#8221; min_height=&#8221;&#8221; hover_type=&#8221;none&#8221; link=&#8221;&#8221;][fusion_text]<\/p>\n<p>REDACCI\u00d3N<\/p>\n<p class=\"x_gmail-MsoListParagraph\">\u00b7 <b>La compa\u00f1\u00eda Coctel Explosivo presentar\u00e1 el espect\u00e1culo de danza, teatro y cabaret, del 21 de abril al 1\u00b0 de mayo en el Teatro Benito Ju\u00e1rez<\/b><\/p>\n<p class=\"x_gmail-MsoListParagraph\">El\u00a0<b>Teatro Benito Ju\u00e1rez<\/b>\u00a0de la colonia Cuauht\u00e9moc, recinto de la\u00a0<b>Direcci\u00f3n del Sistema de Teatros de la Secretar\u00eda de Cultura de la Ciudad de M\u00e9xico<\/b>, recibir\u00e1 a la compa\u00f1\u00eda Coctel Explosivo con su espect\u00e1culo de teatro, danza y cabaret titulado\u00a0<b><i>M\u00e9xico (expropiado)<\/i><\/b>, bajo la direcci\u00f3n de Jessica Pe\u00f1a Torres. Las presentaciones se llevar\u00e1n a cabo del 21 de abril al 1\u00b0 de mayo, de jueves a domingo.<\/p>\n<p class=\"x_MsoNormal\"><b><i>M\u00e9xico (expropiado)<\/i><\/b><b>\u00a0<\/b>es una propuesta danc\u00edstica\/dram\u00e1tica que deconstruye el ballet folcl\u00f3rico con el prop\u00f3sito de reflejar una imagen m\u00e1s honesta e inclusiva de la \u201cmexicanidad\u201d. El proyecto surgi\u00f3 como una tesis de maestr\u00eda y tiene como fundamento la investigaci\u00f3n acad\u00e9mica del periodo post-revolucionario en M\u00e9xico. Dicha investigaci\u00f3n revel\u00f3 \u2013afirman sus integrantes\u2013 prejuicios en el imaginario social de lo que significa \u201cser mexicano\u201d.<\/p>\n<p class=\"x_MsoNormal\">El montaje est\u00e1 a cargo de la compa\u00f1\u00eda Coctel Explosivo que re\u00fane a bailarines, actores, directores, core\u00f3grafos, guionistas, dise\u00f1adores, vide\u00f3grafos y fot\u00f3grafos de muy diversas partes de la Rep\u00fablica Mexicana, quienes a trav\u00e9s de la danza, el teatro y el cabaret exponen los resultados de sus investigaciones en materia de g\u00e9nero, sexo, color de piel, estrato socioecon\u00f3mico y dem\u00e1s factores que inciden en lo que se denomina identidad nacional.<\/p>\n<p class=\"x_MsoNormal\">Con su trabajo, el colectivo reflexiona sobre temas como la conquista de M\u00e9xico, la historia de La China Poblana o el carnaval de Veracruz, para profundizar un poco sobre sus significados e implicaciones en la vida actual.<\/p>\n<p class=\"x_MsoNormal\">\u201cNuestra misi\u00f3n es hacer cr\u00edticas sociales pertinentes que ayuden a mejorar la realidad de nuestra sociedad. Amamos la danza contempor\u00e1nea, el folclor mexicano, los ritmos latinos, la m\u00fasica electr\u00f3nica, el son jarocho, el zapateado, el hip-hop, las faldas, las mallas de red, los zapatos de tac\u00f3n, el tul, las crinolinas, el maquillaje, las pelucas, las marionetas y\u2026 ser nosotros mismos\u201d, dice la compa\u00f1\u00eda.<\/p>\n<p class=\"x_MsoNormal\">En ese sentido, zapateado, baile burlesco, danza contempor\u00e1nea y una mezcla de mariachi, son jarocho y m\u00fasica electr\u00f3nica dan forma al proyecto multidisciplinario que recorre tres regiones de M\u00e9xico (Sonora, Veracruz y Jalisco), a trav\u00e9s de una dramatizaci\u00f3n acerca de los or\u00edgenes del ballet folcl\u00f3rico.<\/p>\n<p class=\"x_MsoNormal\">Con piezas como el\u00a0<i>Son de la negra<\/i>,\u00a0<i>La bruja<\/i>\u00a0y\u00a0<i>La bamba<\/i>, la compa\u00f1\u00eda presenta aqu\u00ed la di\u00e1spora folcl\u00f3rica de M\u00e9xico, mientras invita al p\u00fablico a reflexionar sobre una herencia que ha sido \u201ctan apropiada como la \u00faltima colecci\u00f3n de Carolina Herrera\u201d.<\/p>\n<p class=\"x_MsoNormal\">\u201cEn el periodo postrevolucionario \u2013expone Jessica Pe\u00f1a\u2013, el pa\u00eds se propuso establecer una fuerte identidad nacional a trav\u00e9s de las artes. Los core\u00f3grafos de la \u00e9poca tomaron danzas de comunidades ind\u00edgenas y de las provincias y las combinaron con la t\u00e9cnica del ballet y la danza moderna para crear una nueva forma de danza: el ballet folcl\u00f3rico.<\/p>\n<p class=\"x_MsoNormal\">\u201cAl exotizar las danzas del pa\u00eds y convertirlas en un refinado producto, el ballet folkl\u00f3rico promet\u00eda atraer un p\u00fablico extranjero para vender la imagen del M\u00e9xico moderno ante el mundo. Hoy en d\u00eda, seguimos presentando a M\u00e9xico como el proyecto nacionalista lo concibi\u00f3 hace m\u00e1s de sesenta a\u00f1os. Adem\u00e1s de establecer fuertes problemas de identidad nacional, esta visi\u00f3n de M\u00e9xico tambi\u00e9n nos condena a existir en un pa\u00eds no se permite ser diferente\u201d.<\/p>\n<p class=\"x_MsoNormal\">Con ello, agrega la directora, inadvertidamente, el ballet folkl\u00f3rico presenta \u201cun M\u00e9xico heteronormado, machista, racista y colorista.\u00a0<b><i>M\u00e9xico (expropiado<\/i>)\u00a0<\/b>re\u00fane una variedad de n\u00fameros musicales mientras se abre un espacio para la improvisaci\u00f3n y el lugar propicio para recrear algunas de las m\u00e1s famosas piezas de ballet folcl\u00f3rico. Con la propuesta, buscamos romper con los conceptos hegem\u00f3nicos de mexicanidad y abrir espacios de inclusi\u00f3n\u201d.<\/p>\n<p class=\"x_MsoNormal\">Bajo la direcci\u00f3n, producci\u00f3n y coreograf\u00eda de Jessica Pe\u00f1a Torres, participa un elenco formado por Miriam Garma, Daniel Loyola, Ileana (Ily) Manzur, Roberto Mosqueda, Jos\u00e9 David Carrera Pi\u00f1\u00f3n, Samantha Romero Pe\u00f1a, Andrea Rub\u00ed y la propia directora. La direcci\u00f3n t\u00e9cnica y el dise\u00f1o de iluminaci\u00f3n es de Pedro Pazar\u00e1n T., el dise\u00f1o de escenograf\u00eda es de Gisselle G\u00f3mez Rivera, mientras que el vestuario es de Edurne Fern\u00e1ndez. Participan tambi\u00e9n Nina Ch\u00e1vez G\u00f3ngora en el gui\u00f3n y Claudia Varela Fr\u00edas en la asesor\u00eda dramat\u00fargica, as\u00ed como Sandra Narv\u00e1ez en las relaciones p\u00fablicas.<\/p>\n<p class=\"x_MsoNormal\"><b><i>M\u00e9xico (expropiado)<\/i><\/b>\u00a0se presentar\u00e1 del 21 de abril al 1\u00b0 de mayo, jueves y viernes a las 20:00 horas, s\u00e1bados a las 19:00 y domingos a las 18:00 horas, en el\u00a0<b>Teatro Benito Ju\u00e1rez<\/b>\u00a0(Villalong\u00edn 15, colonia Cuauht\u00e9moc, Metrob\u00fas Reforma), con las disposiciones del sem\u00e1foro epidemiol\u00f3gico vigente: uso permanente de cubre-bocas, gel anti-bacterial y registro de c\u00f3digo QR por parte tanto del personal del teatro como de los espectadores.<\/p>\n<p class=\"x_MsoNormal\"><b>Localidades: entrada general, $168<\/b>. Los boletos se pueden adquirir en la taquilla del teatro y en las plataformas digitales de Ticketmaster.<\/p>\n<p class=\"x_MsoNormal\">Para conocer la programaci\u00f3n de la\u00a0<b>Direcci\u00f3n del Sistema de Teatros de la Ciudad de M\u00e9xico<\/b>, visite la p\u00e1gina:\u00a0<a href=\"http:\/\/www.teatros.cultura.cdmx.gob.mx\/\" target=\"_blank\" rel=\"noopener noreferrer\" data-auth=\"NotApplicable\" data-linkindex=\"1\"><i>www.teatros.cultura.cdmx.gob.mx<\/i><\/a>\u00a0o la aplicaci\u00f3n\u00a0<b>TeatrosCDMX<\/b>, disponible en los sistemas operativos Android e IOS y en las\u00a0redes sociales: Facebook @TeatrosCdMexico, Twitter @TeatrosCdMexico e Instagram @teatroscdmexico.<\/p>\n<p class=\"x_gmail-MsoNoSpacing\"><span class=\"x_gmail-Ninguno\">\u00a0<\/span><span class=\"x_gmail-Ninguno\">La oferta en l\u00ednea de la Secretar\u00eda de Cultura de la Ciudad de M\u00e9xico se puede conocer en su p\u00e1gina oficial (<\/span><a href=\"https:\/\/cultura.cdmx.gob.mx\/\" target=\"_blank\" rel=\"noopener noreferrer\" data-auth=\"NotApplicable\" data-linkindex=\"2\"><span class=\"x_gmail-Hyperlink0\">https:\/\/cultura.cdmx.gob.mx\/<\/span><\/a><span class=\"x_gmail-Ninguno\">), en la plataforma digital\u00a0<\/span><a href=\"http:\/\/www.capitalculturalennuestracasa.cdmx.gob.mx\/\" target=\"_blank\" rel=\"noopener noreferrer\" data-auth=\"NotApplicable\" data-linkindex=\"3\"><span class=\"x_gmail-Hyperlink0\">Capital Cultural en Nuestra Casa<\/span><\/a><span class=\"x_gmail-Ninguno\">\u00a0y a trav\u00e9s de sus\u00a0<b>redes<\/b>\u00a0sociales\u00a0<\/span><a href=\"https:\/\/www.facebook.com\/Cultura.Ciudad.de.Mexico\" target=\"_blank\" rel=\"noopener noreferrer\" data-auth=\"NotApplicable\" data-linkindex=\"4\"><span class=\"x_gmail-Hyperlink0\">Facebook<\/span><\/a><span class=\"x_gmail-Ninguno\">,\u00a0<\/span><a href=\"https:\/\/twitter.com\/CulturaCiudadMx\" target=\"_blank\" rel=\"noopener noreferrer\" data-auth=\"NotApplicable\" data-linkindex=\"5\"><span class=\"x_gmail-Hyperlink0\">Twitter<\/span><\/a><span class=\"x_gmail-Ninguno\">,\u00a0<\/span><a href=\"https:\/\/www.instagram.com\/culturaciudadmx\/?hl=es-la\" target=\"_blank\" rel=\"noopener noreferrer\" data-auth=\"NotApplicable\" data-linkindex=\"6\"><span class=\"x_gmail-Hyperlink0\">Instagram<\/span><\/a><span class=\"x_gmail-Ninguno\">\u00a0y\u00a0<\/span><a href=\"https:\/\/www.youtube.com\/user\/culturamadf\" target=\"_blank\" rel=\"noopener noreferrer\" data-auth=\"NotApplicable\" data-linkindex=\"7\"><span class=\"x_gmail-Hyperlink0\">YouTube<\/span><\/a><span class=\"x_gmail-Ninguno\">).<\/span><b><\/b><\/p>\n<p class=\"x_gmail-Predeterminado\"><span class=\"x_gmail-Ninguno\">\u00a0<\/span><\/p>\n<p>[\/fusion_text][fusion_imageframe image_id=&#8221;43907|medium&#8221; max_width=&#8221;&#8221; style_type=&#8221;&#8221; blur=&#8221;&#8221; stylecolor=&#8221;&#8221; hover_type=&#8221;none&#8221; bordersize=&#8221;&#8221; bordercolor=&#8221;&#8221; borderradius=&#8221;&#8221; align=&#8221;none&#8221; lightbox=&#8221;no&#8221; gallery_id=&#8221;&#8221; lightbox_image=&#8221;&#8221; lightbox_image_id=&#8221;&#8221; alt=&#8221;&#8221; link=&#8221;&#8221; linktarget=&#8221;_self&#8221; hide_on_mobile=&#8221;small-visibility,medium-visibility,large-visibility&#8221; class=&#8221;&#8221; id=&#8221;&#8221; animation_type=&#8221;&#8221; animation_direction=&#8221;left&#8221; animation_speed=&#8221;0.3&#8243; animation_offset=&#8221;&#8221;]https:\/\/www.bitacoracdmx.com\/wp-content\/uploads\/2022\/04\/descargar-2022-04-12T211034.753-216&#215;300.png[\/fusion_imageframe][\/fusion_builder_column][\/fusion_builder_row][\/fusion_builder_container]<\/p>\n","protected":false},"excerpt":{"rendered":"<p>[fusion_builder_container hundred_percent=&#8221;no&#8221; equal_height_columns=&#8221;no&#8221; menu_anchor=&#8221;&#8221; hide_on_mobile=&#8221;small-visibility,medium-visibility,large-visibility&#8221; class=&#8221;&#8221; id=&#8221;&#8221; background_color=&#8221;&#8221; background_image=&#8221;&#8221; background_position=&#8221;center center&#8221; background_repeat=&#8221;no-repeat&#8221; fade=&#8221;no&#8221; background_parallax=&#8221;none&#8221; parallax_speed=&#8221;0.3&#8243; video_mp4=&#8221;&#8221; video_webm=&#8221;&#8221; video_ogv=&#8221;&#8221; video_url=&#8221;&#8221; video_aspect_ratio=&#8221;16:9&#8243; video_loop=&#8221;yes&#8221; video_mute=&#8221;yes&#8221; overlay_color=&#8221;&#8221; video_preview_image=&#8221;&#8221; border_size=&#8221;&#8221; border_color=&#8221;&#8221; border_style=&#8221;solid&#8221; padding_top=&#8221;&#8221; padding_bottom=&#8221;&#8221; padding_left=&#8221;&#8221; padding_right=&#8221;&#8221;][fusion_builder_row][fusion_builder_column type=&#8221;1_1&#8243; layout=&#8221;1_1&#8243; background_position=&#8221;left top&#8221; background_color=&#8221;&#8221; border_size=&#8221;&#8221; border_color=&#8221;&#8221; border_style=&#8221;solid&#8221; border_position=&#8221;all&#8221; spacing=&#8221;yes&#8221; background_image=&#8221;&#8221; background_repeat=&#8221;no-repeat&#8221; padding_top=&#8221;&#8221; padding_right=&#8221;&#8221; padding_bottom=&#8221;&#8221; padding_left=&#8221;&#8221; margin_top=&#8221;0px&#8221; margin_bottom=&#8221;0px&#8221; class=&#8221;&#8221; id=&#8221;&#8221; animation_type=&#8221;&#8221; animation_speed=&#8221;0.3&#8243; animation_direction=&#8221;left&#8221; hide_on_mobile=&#8221;small-visibility,medium-visibility,large-visibility&#8221; center_content=&#8221;no&#8221; last=&#8221;no&#8221; min_height=&#8221;&#8221; hover_type=&#8221;none&#8221; link=&#8221;&#8221;][fusion_text] REDACCI\u00d3N \u00b7 La compa\u00f1\u00eda Coctel Explosivo presentar\u00e1 el espect\u00e1culo de danza, teatro y cabaret, del 21 de abril al 1\u00b0 de mayo en el Teatro Benito Ju\u00e1rez El\u00a0Teatro Benito Ju\u00e1rez\u00a0de la colonia Cuauht\u00e9moc, recinto de la\u00a0Direcci\u00f3n del Sistema de Teatros [&hellip;]<\/p>\n","protected":false},"author":1,"featured_media":43907,"comment_status":"open","ping_status":"open","sticky":false,"template":"","format":"standard","meta":{"footnotes":""},"categories":[9,14],"tags":[],"_links":{"self":[{"href":"https:\/\/www.bitacoracdmx.com\/index.php?rest_route=\/wp\/v2\/posts\/43905"}],"collection":[{"href":"https:\/\/www.bitacoracdmx.com\/index.php?rest_route=\/wp\/v2\/posts"}],"about":[{"href":"https:\/\/www.bitacoracdmx.com\/index.php?rest_route=\/wp\/v2\/types\/post"}],"author":[{"embeddable":true,"href":"https:\/\/www.bitacoracdmx.com\/index.php?rest_route=\/wp\/v2\/users\/1"}],"replies":[{"embeddable":true,"href":"https:\/\/www.bitacoracdmx.com\/index.php?rest_route=%2Fwp%2Fv2%2Fcomments&post=43905"}],"version-history":[{"count":1,"href":"https:\/\/www.bitacoracdmx.com\/index.php?rest_route=\/wp\/v2\/posts\/43905\/revisions"}],"predecessor-version":[{"id":43908,"href":"https:\/\/www.bitacoracdmx.com\/index.php?rest_route=\/wp\/v2\/posts\/43905\/revisions\/43908"}],"wp:featuredmedia":[{"embeddable":true,"href":"https:\/\/www.bitacoracdmx.com\/index.php?rest_route=\/wp\/v2\/media\/43907"}],"wp:attachment":[{"href":"https:\/\/www.bitacoracdmx.com\/index.php?rest_route=%2Fwp%2Fv2%2Fmedia&parent=43905"}],"wp:term":[{"taxonomy":"category","embeddable":true,"href":"https:\/\/www.bitacoracdmx.com\/index.php?rest_route=%2Fwp%2Fv2%2Fcategories&post=43905"},{"taxonomy":"post_tag","embeddable":true,"href":"https:\/\/www.bitacoracdmx.com\/index.php?rest_route=%2Fwp%2Fv2%2Ftags&post=43905"}],"curies":[{"name":"wp","href":"https:\/\/api.w.org\/{rel}","templated":true}]}}