{"id":43922,"date":"2022-04-14T03:32:48","date_gmt":"2022-04-14T03:32:48","guid":{"rendered":"https:\/\/www.bitacoracdmx.com\/?p=43922"},"modified":"2022-04-14T03:32:48","modified_gmt":"2022-04-14T03:32:48","slug":"vive-tus-vacaciones-al-maximo-en-el-centro-cultural-helenico","status":"publish","type":"post","link":"https:\/\/www.bitacoracdmx.com\/?p=43922","title":{"rendered":"Vive tus vacaciones al m\u00e1ximo en el Centro Cultural Hel\u00e9nico"},"content":{"rendered":"<p>[fusion_builder_container hundred_percent=&#8221;no&#8221; equal_height_columns=&#8221;no&#8221; menu_anchor=&#8221;&#8221; hide_on_mobile=&#8221;small-visibility,medium-visibility,large-visibility&#8221; class=&#8221;&#8221; id=&#8221;&#8221; background_color=&#8221;&#8221; background_image=&#8221;&#8221; background_position=&#8221;center center&#8221; background_repeat=&#8221;no-repeat&#8221; fade=&#8221;no&#8221; background_parallax=&#8221;none&#8221; parallax_speed=&#8221;0.3&#8243; video_mp4=&#8221;&#8221; video_webm=&#8221;&#8221; video_ogv=&#8221;&#8221; video_url=&#8221;&#8221; video_aspect_ratio=&#8221;16:9&#8243; video_loop=&#8221;yes&#8221; video_mute=&#8221;yes&#8221; overlay_color=&#8221;&#8221; video_preview_image=&#8221;&#8221; border_size=&#8221;&#8221; border_color=&#8221;&#8221; border_style=&#8221;solid&#8221; padding_top=&#8221;&#8221; padding_bottom=&#8221;&#8221; padding_left=&#8221;&#8221; padding_right=&#8221;&#8221;][fusion_builder_row][fusion_builder_column type=&#8221;1_1&#8243; layout=&#8221;1_1&#8243; background_position=&#8221;left top&#8221; background_color=&#8221;&#8221; border_size=&#8221;&#8221; border_color=&#8221;&#8221; border_style=&#8221;solid&#8221; border_position=&#8221;all&#8221; spacing=&#8221;yes&#8221; background_image=&#8221;&#8221; background_repeat=&#8221;no-repeat&#8221; padding_top=&#8221;&#8221; padding_right=&#8221;&#8221; padding_bottom=&#8221;&#8221; padding_left=&#8221;&#8221; margin_top=&#8221;0px&#8221; margin_bottom=&#8221;0px&#8221; class=&#8221;&#8221; id=&#8221;&#8221; animation_type=&#8221;&#8221; animation_speed=&#8221;0.3&#8243; animation_direction=&#8221;left&#8221; hide_on_mobile=&#8221;small-visibility,medium-visibility,large-visibility&#8221; center_content=&#8221;no&#8221; last=&#8221;no&#8221; min_height=&#8221;&#8221; hover_type=&#8221;none&#8221; link=&#8221;&#8221;][fusion_text]<\/p>\n<p>REDACCI\u00d3N<\/p>\n<p>\u2022 Se podr\u00e1n encontrar obras de t\u00edteres, teatro cl\u00e1sico y propuestas de vanguardia<br aria-hidden=\"true\" \/>\u2022 Habr\u00e1 distintas promociones, descuentos y preventas especiales<\/p>\n<p>Con una atractiva cartelera para todas las edades y grandes descuentos, el Centro Cultural Hel\u00e9nico, instituci\u00f3n de la Secretar\u00eda de Cultura, mantendr\u00e1 sus telones abiertos para la diversi\u00f3n de chicos y grandes. Propuestas esc\u00e9nicas de lunes a domingo con formatos como el\u00a0<em>performance<\/em>, el teatro de objetos y los t\u00edteres son el men\u00fa esc\u00e9nico que se podr\u00e1 disfrutar en el Hel\u00e9nico durante este periodo vacacional.<br aria-hidden=\"true\" \/><br aria-hidden=\"true\" \/><strong>Para consentir a las ni\u00f1as y los ni\u00f1os<\/strong>. Astillero Teatro presenta\u00a0<em>La flauta de Hamelin,<\/em>\u00a0el famoso cuento de los hermanos Grimm; esta adaptaci\u00f3n con t\u00edteres monumentales sorprender\u00e1 a todo el p\u00fablico. La obra se presenta los s\u00e1bados y los domingos a las 13:00 horas en el Teatro Hel\u00e9nico.<br aria-hidden=\"true\" \/><br aria-hidden=\"true\" \/>Por otro lado, Quir\u00f3fano Esc\u00e9nico recupera el encanto de la riqueza de la lengua n\u00e1huatl con la obra\u00a0<em>Ikuika Noyulo. El canto de mi coraz\u00f3n<\/em>, una traves\u00eda donde la memoria se sobrepone al olvido para continuar el legado de nuestros ancestros. Esta puesta se lleva a cabo los s\u00e1bados y los domingos, a las 13:00 horas, en el Foro La Gruta.<br aria-hidden=\"true\" \/><br aria-hidden=\"true\" \/>De la misma forma, para celebrar a las infancias durante todo el mes de abril, en la compra de un boleto para adulto el p\u00fablico obtendr\u00e1 un 2&#215;1 para ni\u00f1as y ni\u00f1os.<br aria-hidden=\"true\" \/><br aria-hidden=\"true\" \/><strong>Teatro para adultos<\/strong>. Asiste al cierre de\u00a0<em>Dramaturgias ambulantes,<\/em>\u00a0con la obra\u00a0<em>Iba a ser ingeniero, pero no me dejaron<\/em>, un\u00a0<em>performance\u00a0<\/em>donde se experimentar\u00e1n divergentes estilos teatrales. Las y los interesados podr\u00e1n utilizar el c\u00f3digo CUPDRAM30 al comprar en l\u00ednea para recibir un 30% de descuento. La \u00faltima funci\u00f3n ser\u00e1 el lunes 18 de abril, a las 20:00 horas, en el Foro La Gruta.<br aria-hidden=\"true\" \/><br aria-hidden=\"true\" \/><em>Damiana y Carola<\/em>\u00a0es una intrigante puesta en escena de la compa\u00f1\u00eda Teatro Bocanegra sobre la venganza dentro de la familia y el deseo oscuro de perpetuar la ambici\u00f3n. V\u00edvela los martes a las 20:00 horas en el Foro La Gruta, hasta el 26 de abril.<br aria-hidden=\"true\" \/><br aria-hidden=\"true\" \/>\u00bfQu\u00e9 palabras se le dicen a un padre antes de partir? El colectivo \u00c9ramos Osos presenta:\u00a0<em>Antes de que te vayas<\/em>, una conmovedora puesta en escena para reconciliarse con quienes ya no est\u00e1n; con funciones los mi\u00e9rcoles a las 20:00 horas en el Foro La Gruta.<br aria-hidden=\"true\" \/><br aria-hidden=\"true\" \/>Si de re\u00edr se trata, Producci\u00f3n Esc\u00e9nica S.E. presenta\u00a0<em>\u00a1Que arda Tebas!<\/em>, una propuesta donde la osad\u00eda tiene un entretenido enfrentamiento con la prudencia. Disfruta de esta comedia de lunes a mi\u00e9rcoles a las 20:00 horas en el Teatro Hel\u00e9nico.<br aria-hidden=\"true\" \/><br aria-hidden=\"true\" \/>Asimismo, el Teatro Hel\u00e9nico se engalana con la presentaci\u00f3n de\u00a0<em>Madre Coraje y sus hijos<\/em>, con la versi\u00f3n y direcci\u00f3n de Luis de Tavira, a cargo de la compa\u00f1\u00eda fronteriza Tel\u00f3n de Arena. El ic\u00f3nico drama de Bertolt Brecht dejar\u00e1 at\u00f3nito al p\u00fablico que se d\u00e9 cita en el recinto del sur de la Ciudad de M\u00e9xico. Esta propuesta esc\u00e9nica engalanar\u00e1 al Teatro Hel\u00e9nico los jueves y viernes a las 19:00 horas, y los s\u00e1bados y domingos a las 18:00 horas.<br aria-hidden=\"true\" \/><br aria-hidden=\"true\" \/>Por su parte, \u00d3scar Serrano Cot\u00e1n hace una excepcional actuaci\u00f3n en\u00a0<em>Otto<\/em>, una obra donde a trav\u00e9s del teatro de objetos se cuenta una historia atronadora que dejar\u00e1 enmudecido al p\u00fablico. Las \u00faltimas funciones de esta siniestra puesta se realizar\u00e1n el s\u00e1bado 16 a las 21:00 horas y el domingo 17 de abril a las 20:00 horas.<br aria-hidden=\"true\" \/><br aria-hidden=\"true\" \/>Adem\u00e1s, los mi\u00e9rcoles son de 2&#215;1 al comprar entradas para estas obras. Aplica \u00fanicamente en la taquilla.<br aria-hidden=\"true\" \/><br aria-hidden=\"true\" \/><strong>Preventas. <\/strong>Silvia Ortega Vettoretti escribe y dirige\u00a0<em>Lo que el viento a Ju\u00e1rez<\/em>, obra de temporada grande en el Foro La Gruta. Disfr\u00fatala de viernes a domingo, del 22 de abril al 12 de junio con una preventa del 50% hasta el 22 de abril.<br aria-hidden=\"true\" \/><br aria-hidden=\"true\" \/><em>Por temor a que cantemos libres<\/em>\u00a0regresa al Foro 4 Espacio Alternativo. Este es un unipersonal de Lizeth Rondero, quien cautivar\u00e1 con la magia de su voz. Es una propuesta para descubrir por qu\u00e9 la libertad es una virtud con la que se nace, no un derecho por el que se tenga que pagar con la vida. Disfr\u00fatala del 23 de abril al 18 de junio. La preventa del 50% estar\u00e1 disponible hasta el 17 de abril, y habr\u00e1 una segunda fase del 30% de descuento, del 18 al 30 de abril.<br aria-hidden=\"true\" \/><br aria-hidden=\"true\" \/>Dentro del ciclo \u00d3pera Prima llega al Foro La Gruta\u00a0<em>Esta no es una obra de Ionesco<\/em>, creada a partir del cuento\u00a0<em>El rinoceronte<\/em>, de Eugene Ionesco. Una puesta donde todas y todos se convertir\u00e1n en animales. Las funciones son los mi\u00e9rcoles a las 20:00 horas, del 27 de abril al 15 de junio. Aprovecha la preventa del 50% hasta el 26 de abril.<br aria-hidden=\"true\" \/><br aria-hidden=\"true\" \/>A 25 a\u00f1os de la muerte del actor Alejandro Reyes, Teatro de Arena cre\u00f3 una versi\u00f3n teatral de sus memorias en la puesta en escena\u00a0<em>Junio en el 93<\/em>. Esta obra regresa tras el \u00e9xito obtenido en 2021.\u00a0 El montaje ofrecer\u00e1 temporada del 3 de mayo al 14 de junio, los lunes y martes a las 20:00 horas, en el Foro La Gruta. Los boletos se pueden comprar con un descuento del 30% hasta el 3 de mayo.<br aria-hidden=\"true\" \/><br aria-hidden=\"true\" \/>Finalmente, las y los espectadores podr\u00e1n adquirir en preventa sus boletos para\u00a0<em>Serie de encarnaciones filos\u00f3ficas.<\/em>\u00a0Se trata de tres espect\u00e1culos \u2014cada uno sobre un autor: Artaud, Kafka y Fernando Pessoa\u2014 que dan pie a un encuentro personal, con sus textos y sus vidas. Del 6 al 29 de mayo, cada semana se presentar\u00e1 una obra diferente en el Teatro Hel\u00e9nico. Los boletos se pueden comprar con 30% de descuento hasta el 29 de abril. De igual manera, hay dos promociones adicionales: el Combo universitario compuesto de tres espect\u00e1culos por $240 (v\u00e1lido en la taquilla y con credencial vigente) y el Combo filos\u00f3fico, integrado por tres espect\u00e1culos con un costo de $390 (v\u00e1lido en l\u00ednea).<br aria-hidden=\"true\" \/><br aria-hidden=\"true\" \/>Con presentaciones como estas, la Secretar\u00eda de Cultura del Gobierno de M\u00e9xico y el Centro Cultural Hel\u00e9nico diversifican la oferta cultural y acercan a nuevos p\u00fablicos al teatro. Las localidades est\u00e1n disponibles en la taquilla del Centro Cultural Hel\u00e9nico, ubicado en avenida Revoluci\u00f3n 1500, y en la p\u00e1gina helenico.gob.mx.<br aria-hidden=\"true\" \/><br aria-hidden=\"true\" \/>Se le recuerda al p\u00fablico que las funciones est\u00e1n supeditadas al sem\u00e1foro epidemiol\u00f3gico de la Ciudad de M\u00e9xico. Se exhorta a las y los espectadores a acudir con responsabilidad y quedarse en casa si presentan alg\u00fan s\u00edntoma (dolor de cabeza, garganta o temperatura superior a 37.5 grados).<\/p>\n<p>[\/fusion_text][fusion_gallery layout=&#8221;&#8221; picture_size=&#8221;&#8221; columns=&#8221;&#8221; column_spacing=&#8221;10&#8243; gallery_masonry_grid_ratio=&#8221;&#8221; gallery_masonry_width_double=&#8221;&#8221; hover_type=&#8221;&#8221; lightbox=&#8221;yes&#8221; lightbox_content=&#8221;&#8221; bordersize=&#8221;&#8221; bordercolor=&#8221;&#8221; border_radius=&#8221;&#8221; hide_on_mobile=&#8221;small-visibility,medium-visibility,large-visibility&#8221; class=&#8221;&#8221; id=&#8221;&#8221;][fusion_gallery_image image=&#8221;https:\/\/www.bitacoracdmx.com\/wp-content\/uploads\/2022\/04\/Sabados-2&#215;1-1-300&#215;300.jpeg&#8221; image_id=&#8221;43923|medium&#8221; link=&#8221;&#8221; linktarget=&#8221;_self&#8221; \/][fusion_gallery_image image=&#8221;https:\/\/www.bitacoracdmx.com\/wp-content\/uploads\/2022\/04\/PromoMaestros-300&#215;300.jpg&#8221; image_id=&#8221;43924|medium&#8221; link=&#8221;&#8221; linktarget=&#8221;_self&#8221; \/][fusion_gallery_image image=&#8221;https:\/\/www.bitacoracdmx.com\/wp-content\/uploads\/2022\/04\/PromoCumpleanos2022-300&#215;300.jpg&#8221; image_id=&#8221;43925|medium&#8221; link=&#8221;&#8221; linktarget=&#8221;_self&#8221; \/][fusion_gallery_image image=&#8221;https:\/\/www.bitacoracdmx.com\/wp-content\/uploads\/2022\/04\/Preventa-Por-temor-a-que-cantemos-libres1-1-300&#215;300.jpg&#8221; image_id=&#8221;43926|medium&#8221; link=&#8221;&#8221; linktarget=&#8221;_self&#8221; \/][fusion_gallery_image image=&#8221;https:\/\/www.bitacoracdmx.com\/wp-content\/uploads\/2022\/04\/Preventa-Lo-que-el-viento-a-juarez-1-1-300&#215;300.jpg&#8221; image_id=&#8221;43927|medium&#8221; link=&#8221;&#8221; linktarget=&#8221;_self&#8221; \/][fusion_gallery_image image=&#8221;https:\/\/www.bitacoracdmx.com\/wp-content\/uploads\/2022\/04\/PREVENTA-ESTA-NO-ES-UNA-OBRA-DE-IONESCO-1-1-300&#215;300.jpg&#8221; image_id=&#8221;43928|medium&#8221; link=&#8221;&#8221; linktarget=&#8221;_self&#8221; \/][fusion_gallery_image image=&#8221;https:\/\/www.bitacoracdmx.com\/wp-content\/uploads\/2022\/04\/personal-de-salud-300&#215;300.jpg&#8221; image_id=&#8221;43929|medium&#8221; link=&#8221;&#8221; linktarget=&#8221;_self&#8221; \/][fusion_gallery_image image=&#8221;https:\/\/www.bitacoracdmx.com\/wp-content\/uploads\/2022\/04\/Otto-m2x1-1-300&#215;300.jpg&#8221; image_id=&#8221;43930|medium&#8221; link=&#8221;&#8221; linktarget=&#8221;_self&#8221; \/][fusion_gallery_image image=&#8221;https:\/\/www.bitacoracdmx.com\/wp-content\/uploads\/2022\/04\/dramaturgias-ambulantes-300&#215;300.jpg&#8221; image_id=&#8221;43931|medium&#8221; link=&#8221;&#8221; linktarget=&#8221;_self&#8221; \/][fusion_gallery_image image=&#8221;https:\/\/www.bitacoracdmx.com\/wp-content\/uploads\/2022\/04\/DAMIANA-Y-CAROLA-M2X1-300&#215;300.jpg&#8221; image_id=&#8221;43932|medium&#8221; link=&#8221;&#8221; linktarget=&#8221;_self&#8221; \/][fusion_gallery_image image=&#8221;https:\/\/www.bitacoracdmx.com\/wp-content\/uploads\/2022\/04\/DAMIANA-Y-CAROLA-300&#215;300.jpg&#8221; image_id=&#8221;43933|medium&#8221; link=&#8221;&#8221; linktarget=&#8221;_self&#8221; \/][fusion_gallery_image image=&#8221;https:\/\/www.bitacoracdmx.com\/wp-content\/uploads\/2022\/04\/Combo_Universitario_ENCARNACIONES-FILOSOFICAS-1024&#215;1024-1-300&#215;300.jpg&#8221; image_id=&#8221;43934|medium&#8221; link=&#8221;&#8221; linktarget=&#8221;_self&#8221; \/][fusion_gallery_image image=&#8221;https:\/\/www.bitacoracdmx.com\/wp-content\/uploads\/2022\/04\/Combo_Filosofico_ENCARNACIONES-FILOSOFICAS-300&#215;300.jpg&#8221; image_id=&#8221;43935|medium&#8221; link=&#8221;&#8221; linktarget=&#8221;_self&#8221; \/][fusion_gallery_image image=&#8221;https:\/\/www.bitacoracdmx.com\/wp-content\/uploads\/2022\/04\/antes-de-que-te-vayas-300&#215;300.jpg&#8221; image_id=&#8221;43936|medium&#8221; link=&#8221;&#8221; linktarget=&#8221;_self&#8221; \/][fusion_gallery_image image=&#8221;https:\/\/www.bitacoracdmx.com\/wp-content\/uploads\/2022\/04\/2x1AntesDEQueteVayas-300&#215;300.jpg&#8221; image_id=&#8221;43937|medium&#8221; link=&#8221;&#8221; linktarget=&#8221;_self&#8221; \/][\/fusion_gallery][\/fusion_builder_column][\/fusion_builder_row][\/fusion_builder_container]<\/p>\n","protected":false},"excerpt":{"rendered":"<p>[fusion_builder_container hundred_percent=&#8221;no&#8221; equal_height_columns=&#8221;no&#8221; menu_anchor=&#8221;&#8221; hide_on_mobile=&#8221;small-visibility,medium-visibility,large-visibility&#8221; class=&#8221;&#8221; id=&#8221;&#8221; background_color=&#8221;&#8221; background_image=&#8221;&#8221; background_position=&#8221;center center&#8221; background_repeat=&#8221;no-repeat&#8221; fade=&#8221;no&#8221; background_parallax=&#8221;none&#8221; parallax_speed=&#8221;0.3&#8243; video_mp4=&#8221;&#8221; video_webm=&#8221;&#8221; video_ogv=&#8221;&#8221; video_url=&#8221;&#8221; video_aspect_ratio=&#8221;16:9&#8243; video_loop=&#8221;yes&#8221; video_mute=&#8221;yes&#8221; overlay_color=&#8221;&#8221; video_preview_image=&#8221;&#8221; border_size=&#8221;&#8221; border_color=&#8221;&#8221; border_style=&#8221;solid&#8221; padding_top=&#8221;&#8221; padding_bottom=&#8221;&#8221; padding_left=&#8221;&#8221; padding_right=&#8221;&#8221;][fusion_builder_row][fusion_builder_column type=&#8221;1_1&#8243; layout=&#8221;1_1&#8243; background_position=&#8221;left top&#8221; background_color=&#8221;&#8221; border_size=&#8221;&#8221; border_color=&#8221;&#8221; border_style=&#8221;solid&#8221; border_position=&#8221;all&#8221; spacing=&#8221;yes&#8221; background_image=&#8221;&#8221; background_repeat=&#8221;no-repeat&#8221; padding_top=&#8221;&#8221; padding_right=&#8221;&#8221; padding_bottom=&#8221;&#8221; padding_left=&#8221;&#8221; margin_top=&#8221;0px&#8221; margin_bottom=&#8221;0px&#8221; class=&#8221;&#8221; id=&#8221;&#8221; animation_type=&#8221;&#8221; animation_speed=&#8221;0.3&#8243; animation_direction=&#8221;left&#8221; hide_on_mobile=&#8221;small-visibility,medium-visibility,large-visibility&#8221; center_content=&#8221;no&#8221; last=&#8221;no&#8221; min_height=&#8221;&#8221; hover_type=&#8221;none&#8221; link=&#8221;&#8221;][fusion_text] REDACCI\u00d3N \u2022 Se podr\u00e1n encontrar obras de t\u00edteres, teatro cl\u00e1sico y propuestas de vanguardia\u2022 Habr\u00e1 distintas promociones, descuentos y preventas especiales Con una atractiva cartelera para todas las edades y grandes descuentos, el Centro Cultural Hel\u00e9nico, instituci\u00f3n de la Secretar\u00eda [&hellip;]<\/p>\n","protected":false},"author":1,"featured_media":43923,"comment_status":"open","ping_status":"open","sticky":false,"template":"","format":"standard","meta":{"footnotes":""},"categories":[9,14],"tags":[],"_links":{"self":[{"href":"https:\/\/www.bitacoracdmx.com\/index.php?rest_route=\/wp\/v2\/posts\/43922"}],"collection":[{"href":"https:\/\/www.bitacoracdmx.com\/index.php?rest_route=\/wp\/v2\/posts"}],"about":[{"href":"https:\/\/www.bitacoracdmx.com\/index.php?rest_route=\/wp\/v2\/types\/post"}],"author":[{"embeddable":true,"href":"https:\/\/www.bitacoracdmx.com\/index.php?rest_route=\/wp\/v2\/users\/1"}],"replies":[{"embeddable":true,"href":"https:\/\/www.bitacoracdmx.com\/index.php?rest_route=%2Fwp%2Fv2%2Fcomments&post=43922"}],"version-history":[{"count":1,"href":"https:\/\/www.bitacoracdmx.com\/index.php?rest_route=\/wp\/v2\/posts\/43922\/revisions"}],"predecessor-version":[{"id":43938,"href":"https:\/\/www.bitacoracdmx.com\/index.php?rest_route=\/wp\/v2\/posts\/43922\/revisions\/43938"}],"wp:featuredmedia":[{"embeddable":true,"href":"https:\/\/www.bitacoracdmx.com\/index.php?rest_route=\/wp\/v2\/media\/43923"}],"wp:attachment":[{"href":"https:\/\/www.bitacoracdmx.com\/index.php?rest_route=%2Fwp%2Fv2%2Fmedia&parent=43922"}],"wp:term":[{"taxonomy":"category","embeddable":true,"href":"https:\/\/www.bitacoracdmx.com\/index.php?rest_route=%2Fwp%2Fv2%2Fcategories&post=43922"},{"taxonomy":"post_tag","embeddable":true,"href":"https:\/\/www.bitacoracdmx.com\/index.php?rest_route=%2Fwp%2Fv2%2Ftags&post=43922"}],"curies":[{"name":"wp","href":"https:\/\/api.w.org\/{rel}","templated":true}]}}