{"id":43943,"date":"2022-04-18T01:39:51","date_gmt":"2022-04-18T01:39:51","guid":{"rendered":"https:\/\/www.bitacoracdmx.com\/?p=43943"},"modified":"2022-04-18T01:39:51","modified_gmt":"2022-04-18T01:39:51","slug":"benjamin-walker-lanza-ultimo-track-de-su-disco-libro-abierto","status":"publish","type":"post","link":"https:\/\/www.bitacoracdmx.com\/?p=43943","title":{"rendered":"Benjam\u00edn Walker lanza \u00faltimo track de su disco \u201cLibro Abierto\u201d"},"content":{"rendered":"<p>[fusion_builder_container hundred_percent=&#8221;no&#8221; equal_height_columns=&#8221;no&#8221; menu_anchor=&#8221;&#8221; hide_on_mobile=&#8221;small-visibility,medium-visibility,large-visibility&#8221; class=&#8221;&#8221; id=&#8221;&#8221; background_color=&#8221;&#8221; background_image=&#8221;&#8221; background_position=&#8221;center center&#8221; background_repeat=&#8221;no-repeat&#8221; fade=&#8221;no&#8221; background_parallax=&#8221;none&#8221; parallax_speed=&#8221;0.3&#8243; video_mp4=&#8221;&#8221; video_webm=&#8221;&#8221; video_ogv=&#8221;&#8221; video_url=&#8221;&#8221; video_aspect_ratio=&#8221;16:9&#8243; video_loop=&#8221;yes&#8221; video_mute=&#8221;yes&#8221; overlay_color=&#8221;&#8221; video_preview_image=&#8221;&#8221; border_size=&#8221;&#8221; border_color=&#8221;&#8221; border_style=&#8221;solid&#8221; padding_top=&#8221;&#8221; padding_bottom=&#8221;&#8221; padding_left=&#8221;&#8221; padding_right=&#8221;&#8221;][fusion_builder_row][fusion_builder_column type=&#8221;1_1&#8243; layout=&#8221;1_1&#8243; background_position=&#8221;left top&#8221; background_color=&#8221;&#8221; border_size=&#8221;&#8221; border_color=&#8221;&#8221; border_style=&#8221;solid&#8221; border_position=&#8221;all&#8221; spacing=&#8221;yes&#8221; background_image=&#8221;&#8221; background_repeat=&#8221;no-repeat&#8221; padding_top=&#8221;&#8221; padding_right=&#8221;&#8221; padding_bottom=&#8221;&#8221; padding_left=&#8221;&#8221; margin_top=&#8221;0px&#8221; margin_bottom=&#8221;0px&#8221; class=&#8221;&#8221; id=&#8221;&#8221; animation_type=&#8221;&#8221; animation_speed=&#8221;0.3&#8243; animation_direction=&#8221;left&#8221; hide_on_mobile=&#8221;small-visibility,medium-visibility,large-visibility&#8221; center_content=&#8221;no&#8221; last=&#8221;no&#8221; min_height=&#8221;&#8221; hover_type=&#8221;none&#8221; link=&#8221;&#8221;][fusion_text]<\/p>\n<p>REDACCI\u00d3N<\/p>\n<h4 id=\"x_gmail-m_2497687687176465164m_5327532290682450255gmail-m_-6726935975793681626E97\"><em>El single \u201cD\u00edas que no lloro\u201d corresponde a una colaboraci\u00f3n con la destacada cantautora mexicana Silvana Estrada.<\/em><\/h4>\n<h4><em>A fines de abril, el artista nacional comenzar\u00e1 el tour de \u201cLibro Abierto\u201d que lo tendr\u00e1 recorriendo Chile, M\u00e9xico, Per\u00fa y por primera vez, Espa\u00f1a.<\/em><\/h4>\n<p id=\"x_gmail-m_2497687687176465164m_5327532290682450255gmail-m_-6726935975793681626E108\">Luego de su exitosa gira de verano en Chile y Argentina,\u00a0<strong>Benjam\u00edn Walker\u00a0<\/strong>estrena\u00a0<strong>\u201cD\u00edas que no lloro\u201d<\/strong>, el \u00faltimo single de su \u00e1lbum\u00a0<strong>\u201cLibro Abierto\u201d.<\/strong>\u00a0Este hidden track o track oculto es una canci\u00f3n que grab\u00f3 en 2019 junto a la connotada artista mexicana, Silvana Estrada, la cual presenta a d\u00edas del inicio de su nueva gira, que comienza en M\u00e9xico el 29 de abril y que incluye fechas en Espa\u00f1a, Per\u00fa y Chile.<\/p>\n<p id=\"x_gmail-m_2497687687176465164m_5327532290682450255gmail-m_-6726935975793681626E125\">El estreno de\u00a0<strong>\u201cD\u00edas que no lloro\u201d<\/strong>\u00a0tiene particularmente emocionado a\u00a0<strong>Benjam\u00edn Walker<\/strong>, primero, porque lo interpreta con Silvana Estada, que de acuerdo a lo que se\u00f1ala el cantante chileno, \u201ces una de las cantautoras m\u00e1s importantes de nuestra generaci\u00f3n y una de las que m\u00e1s me inspira en mi oficio\u201d, y tambi\u00e9n, porque es el single que cierra el trabajo de su \u00faltimo disco \u201cLibro Abierto\u201d.<\/p>\n<p>Sobre este tema, grabado en El Desierto CasaEstudio en Ciudad de M\u00e9xico, Benjam\u00edn comenta que tiene una estructura diferente y al mismo tiempo muy poderosa en su argumento y su intensidad musical.\u00a0<br aria-hidden=\"true\" \/><br aria-hidden=\"true\" \/><strong><em>\u201cHabla de patrones, de circularidad, de volver a revivir sentimientos que hab\u00edamos dado por superados, pero que cuando uno menos lo espera toman forma de nuevo, es una canci\u00f3n muy sensible, la hice en un estado de mucha vulnerabilidad, y la vulnerabilidad y la sensibilidad son aspectos que Silvana Estrada embellece e interpreta como ninguna otra persona hoy en d\u00eda\u201d<\/em><\/strong>, expresa.<\/p>\n<p>Por estos d\u00edas, el cantautor chileno se encuentra en M\u00e9xico -donde est\u00e1 radicado-, dise\u00f1ando lo que ser\u00e1 su nuevo tour. Para Benjam\u00edn, la gira de verano que realiz\u00f3 en Chile y Argentina,\u00a0<strong><em>\u201cfue clave desde el punto de vista emocional para enfrentar lo que viene en el a\u00f1o, que es muy ambicioso y requiere mucho compromiso y energ\u00eda\u201d<\/em><\/strong>.<br aria-hidden=\"true\" \/><br aria-hidden=\"true\" \/>En esta l\u00ednea, agrega\u00a0<em><strong>\u201csiempre ir a lugares nuevos es una motivaci\u00f3n extra y llegar a Espa\u00f1a por primera vez va a ser un hito muy importante, me tiene muy emocionado empezar a relacionarme con el medio espa\u00f1ol, con su audiencia, y ojal\u00e1 poder encontrarme con mis colegas espa\u00f1oles como lo he hecho en mis giras anteriores con mis pares latinoamericanos\u201d<\/strong><\/em><\/p>\n<h2 id=\"x_gmail-m_2497687687176465164m_5327532290682450255gmail-m_-6726935975793681626E166\"><strong>Benjam\u00edn Walker<br aria-hidden=\"true\" \/>Gira de conciertos \u201cLibro Abierto\u201d<\/strong><\/h2>\n<div><strong>*Junto a Diego Lorenzini<\/strong><\/div>\n<p id=\"x_gmail-m_2497687687176465164m_5327532290682450255gmail-m_-6726935975793681626E170\"><strong>Abril &#8211; M\u00e9xico<\/strong><\/p>\n<p id=\"x_gmail-m_2497687687176465164m_5327532290682450255gmail-m_-6726935975793681626E172\">29: Puebla &#8211; Breve Espacio<\/p>\n<p id=\"x_gmail-m_2497687687176465164m_5327532290682450255gmail-m_-6726935975793681626E174\">30: Ciudad de M\u00e9xico &#8211; Bajo Circuito<\/p>\n<p id=\"x_gmail-m_2497687687176465164m_5327532290682450255gmail-m_-6726935975793681626E178\"><strong>Mayo &#8211; M\u00e9xico<\/strong><\/p>\n<p id=\"x_gmail-m_2497687687176465164m_5327532290682450255gmail-m_-6726935975793681626E180\">1: Quer\u00e9taro &#8211; La glotoner\u00eda, abriendo a Alex Ferreira<\/p>\n<p id=\"x_gmail-m_2497687687176465164m_5327532290682450255gmail-m_-6726935975793681626E182\">5: Orizaba \u2013 Colectivo DOS28<\/p>\n<p id=\"x_gmail-m_2497687687176465164m_5327532290682450255gmail-m_-6726935975793681626E188\">6: Veracruz &#8211; Miraloco<\/p>\n<p id=\"x_gmail-m_2497687687176465164m_5327532290682450255gmail-m_-6726935975793681626E190\">7: Xalapa &#8211; Cervecer\u00eda La Br\u00fajula<\/p>\n<p id=\"x_gmail-m_2497687687176465164m_5327532290682450255gmail-m_-6726935975793681626E192\"><strong>Mayo &#8211; Espa\u00f1a<\/strong><\/p>\n<p id=\"x_gmail-m_2497687687176465164m_5327532290682450255gmail-m_-6726935975793681626E195\">14: Madrid &#8211; Sound Isidro en Intrusos Bar con Diego Lorenzini<\/p>\n<p id=\"x_gmail-m_2497687687176465164m_5327532290682450255gmail-m_-6726935975793681626E201\">Barcelona &#8211; D\u00eda y lugar por confirmar<\/p>\n<p id=\"x_gmail-m_2497687687176465164m_5327532290682450255gmail-m_-6726935975793681626E203\"><strong>Julio &#8211; Chile<\/strong><\/p>\n<p id=\"x_gmail-m_2497687687176465164m_5327532290682450255gmail-m_-6726935975793681626E207\">1: Valdivia &#8211; Teatro Cervantes<\/p>\n<p id=\"x_gmail-m_2497687687176465164m_5327532290682450255gmail-m_-6726935975793681626E211\">2: Concepci\u00f3n &#8211; Teatro Regional del Biob\u00edo<\/p>\n<p id=\"x_gmail-m_2497687687176465164m_5327532290682450255gmail-m_-6726935975793681626E219\">7: Talca &#8211; Teatro Regional del Maule<\/p>\n<p id=\"x_gmail-m_2497687687176465164m_5327532290682450255gmail-m_-6726935975793681626E225\">8: Quilpu\u00e9 &#8211; Trotamundos<\/p>\n<p id=\"x_gmail-m_2497687687176465164m_5327532290682450255gmail-m_-6726935975793681626E228\">9: Santiago &#8211; Centro de Extensi\u00f3n Ceina<\/p>\n<p id=\"x_gmail-m_2497687687176465164m_5327532290682450255gmail-m_-6726935975793681626E232\">14: Antofagasta &#8211; Teatro Municipal<\/p>\n<p id=\"x_gmail-m_2497687687176465164m_5327532290682450255gmail-m_-6726935975793681626E235\"><strong>Julio &#8211; Per\u00fa<\/strong><\/p>\n<p id=\"x_gmail-m_2497687687176465164m_5327532290682450255gmail-m_-6726935975793681626E237\">20: Lima. Noches de Barranco.<\/p>\n<p>[\/fusion_text][fusion_imageframe image_id=&#8221;43944|medium&#8221; max_width=&#8221;&#8221; style_type=&#8221;&#8221; blur=&#8221;&#8221; stylecolor=&#8221;&#8221; hover_type=&#8221;none&#8221; bordersize=&#8221;&#8221; bordercolor=&#8221;&#8221; borderradius=&#8221;&#8221; align=&#8221;none&#8221; lightbox=&#8221;no&#8221; gallery_id=&#8221;&#8221; lightbox_image=&#8221;&#8221; lightbox_image_id=&#8221;&#8221; alt=&#8221;&#8221; link=&#8221;&#8221; linktarget=&#8221;_self&#8221; hide_on_mobile=&#8221;small-visibility,medium-visibility,large-visibility&#8221; class=&#8221;&#8221; id=&#8221;&#8221; animation_type=&#8221;&#8221; animation_direction=&#8221;left&#8221; animation_speed=&#8221;0.3&#8243; animation_offset=&#8221;&#8221;]https:\/\/www.bitacoracdmx.com\/wp-content\/uploads\/2022\/04\/9a215ae4-a72f-07f0-5a02-40f7cb023448-300&#215;192.jpg[\/fusion_imageframe][\/fusion_builder_column][\/fusion_builder_row][\/fusion_builder_container]<\/p>\n","protected":false},"excerpt":{"rendered":"<p>[fusion_builder_container hundred_percent=&#8221;no&#8221; equal_height_columns=&#8221;no&#8221; menu_anchor=&#8221;&#8221; hide_on_mobile=&#8221;small-visibility,medium-visibility,large-visibility&#8221; class=&#8221;&#8221; id=&#8221;&#8221; background_color=&#8221;&#8221; background_image=&#8221;&#8221; background_position=&#8221;center center&#8221; background_repeat=&#8221;no-repeat&#8221; fade=&#8221;no&#8221; background_parallax=&#8221;none&#8221; parallax_speed=&#8221;0.3&#8243; video_mp4=&#8221;&#8221; video_webm=&#8221;&#8221; video_ogv=&#8221;&#8221; video_url=&#8221;&#8221; video_aspect_ratio=&#8221;16:9&#8243; video_loop=&#8221;yes&#8221; video_mute=&#8221;yes&#8221; overlay_color=&#8221;&#8221; video_preview_image=&#8221;&#8221; border_size=&#8221;&#8221; border_color=&#8221;&#8221; border_style=&#8221;solid&#8221; padding_top=&#8221;&#8221; padding_bottom=&#8221;&#8221; padding_left=&#8221;&#8221; padding_right=&#8221;&#8221;][fusion_builder_row][fusion_builder_column type=&#8221;1_1&#8243; layout=&#8221;1_1&#8243; background_position=&#8221;left top&#8221; background_color=&#8221;&#8221; border_size=&#8221;&#8221; border_color=&#8221;&#8221; border_style=&#8221;solid&#8221; border_position=&#8221;all&#8221; spacing=&#8221;yes&#8221; background_image=&#8221;&#8221; background_repeat=&#8221;no-repeat&#8221; padding_top=&#8221;&#8221; padding_right=&#8221;&#8221; padding_bottom=&#8221;&#8221; padding_left=&#8221;&#8221; margin_top=&#8221;0px&#8221; margin_bottom=&#8221;0px&#8221; class=&#8221;&#8221; id=&#8221;&#8221; animation_type=&#8221;&#8221; animation_speed=&#8221;0.3&#8243; animation_direction=&#8221;left&#8221; hide_on_mobile=&#8221;small-visibility,medium-visibility,large-visibility&#8221; center_content=&#8221;no&#8221; last=&#8221;no&#8221; min_height=&#8221;&#8221; hover_type=&#8221;none&#8221; link=&#8221;&#8221;][fusion_text] REDACCI\u00d3N El single \u201cD\u00edas que no lloro\u201d corresponde a una colaboraci\u00f3n con la destacada cantautora mexicana Silvana Estrada. A fines de abril, el artista nacional comenzar\u00e1 el tour de \u201cLibro Abierto\u201d que lo tendr\u00e1 recorriendo Chile, M\u00e9xico, Per\u00fa y por [&hellip;]<\/p>\n","protected":false},"author":1,"featured_media":43944,"comment_status":"open","ping_status":"open","sticky":false,"template":"","format":"standard","meta":{"footnotes":""},"categories":[9,11],"tags":[],"_links":{"self":[{"href":"https:\/\/www.bitacoracdmx.com\/index.php?rest_route=\/wp\/v2\/posts\/43943"}],"collection":[{"href":"https:\/\/www.bitacoracdmx.com\/index.php?rest_route=\/wp\/v2\/posts"}],"about":[{"href":"https:\/\/www.bitacoracdmx.com\/index.php?rest_route=\/wp\/v2\/types\/post"}],"author":[{"embeddable":true,"href":"https:\/\/www.bitacoracdmx.com\/index.php?rest_route=\/wp\/v2\/users\/1"}],"replies":[{"embeddable":true,"href":"https:\/\/www.bitacoracdmx.com\/index.php?rest_route=%2Fwp%2Fv2%2Fcomments&post=43943"}],"version-history":[{"count":1,"href":"https:\/\/www.bitacoracdmx.com\/index.php?rest_route=\/wp\/v2\/posts\/43943\/revisions"}],"predecessor-version":[{"id":43945,"href":"https:\/\/www.bitacoracdmx.com\/index.php?rest_route=\/wp\/v2\/posts\/43943\/revisions\/43945"}],"wp:featuredmedia":[{"embeddable":true,"href":"https:\/\/www.bitacoracdmx.com\/index.php?rest_route=\/wp\/v2\/media\/43944"}],"wp:attachment":[{"href":"https:\/\/www.bitacoracdmx.com\/index.php?rest_route=%2Fwp%2Fv2%2Fmedia&parent=43943"}],"wp:term":[{"taxonomy":"category","embeddable":true,"href":"https:\/\/www.bitacoracdmx.com\/index.php?rest_route=%2Fwp%2Fv2%2Fcategories&post=43943"},{"taxonomy":"post_tag","embeddable":true,"href":"https:\/\/www.bitacoracdmx.com\/index.php?rest_route=%2Fwp%2Fv2%2Ftags&post=43943"}],"curies":[{"name":"wp","href":"https:\/\/api.w.org\/{rel}","templated":true}]}}