{"id":43949,"date":"2022-04-20T01:03:16","date_gmt":"2022-04-20T01:03:16","guid":{"rendered":"https:\/\/www.bitacoracdmx.com\/?p=43949"},"modified":"2022-04-20T01:03:16","modified_gmt":"2022-04-20T01:03:16","slug":"diablos-rojos-se-toma-la-foto-oficial-para-la-temporada-2022","status":"publish","type":"post","link":"https:\/\/www.bitacoracdmx.com\/?p=43949","title":{"rendered":"DIABLOS ROJOS se toma la foto oficial para la temporada 2022"},"content":{"rendered":"<p>[fusion_builder_container hundred_percent=&#8221;no&#8221; equal_height_columns=&#8221;no&#8221; menu_anchor=&#8221;&#8221; hide_on_mobile=&#8221;small-visibility,medium-visibility,large-visibility&#8221; class=&#8221;&#8221; id=&#8221;&#8221; background_color=&#8221;&#8221; background_image=&#8221;&#8221; background_position=&#8221;center center&#8221; background_repeat=&#8221;no-repeat&#8221; fade=&#8221;no&#8221; background_parallax=&#8221;none&#8221; parallax_speed=&#8221;0.3&#8243; video_mp4=&#8221;&#8221; video_webm=&#8221;&#8221; video_ogv=&#8221;&#8221; video_url=&#8221;&#8221; video_aspect_ratio=&#8221;16:9&#8243; video_loop=&#8221;yes&#8221; video_mute=&#8221;yes&#8221; overlay_color=&#8221;&#8221; video_preview_image=&#8221;&#8221; border_size=&#8221;&#8221; border_color=&#8221;&#8221; border_style=&#8221;solid&#8221; padding_top=&#8221;&#8221; padding_bottom=&#8221;&#8221; padding_left=&#8221;&#8221; padding_right=&#8221;&#8221;][fusion_builder_row][fusion_builder_column type=&#8221;1_1&#8243; layout=&#8221;1_1&#8243; background_position=&#8221;left top&#8221; background_color=&#8221;&#8221; border_size=&#8221;&#8221; border_color=&#8221;&#8221; border_style=&#8221;solid&#8221; border_position=&#8221;all&#8221; spacing=&#8221;yes&#8221; background_image=&#8221;&#8221; background_repeat=&#8221;no-repeat&#8221; padding_top=&#8221;&#8221; padding_right=&#8221;&#8221; padding_bottom=&#8221;&#8221; padding_left=&#8221;&#8221; margin_top=&#8221;0px&#8221; margin_bottom=&#8221;0px&#8221; class=&#8221;&#8221; id=&#8221;&#8221; animation_type=&#8221;&#8221; animation_speed=&#8221;0.3&#8243; animation_direction=&#8221;left&#8221; hide_on_mobile=&#8221;small-visibility,medium-visibility,large-visibility&#8221; center_content=&#8221;no&#8221; last=&#8221;no&#8221; min_height=&#8221;&#8221; hover_type=&#8221;none&#8221; link=&#8221;&#8221;][fusion_text]<\/p>\n<p>REDACCI\u00d3N<\/p>\n<div>Los\u00a0<strong>Diablos Rojos del M\u00e9xico<\/strong>\u00a0se preparan para la Temporada 2022 de la Liga Mexicana de Beisbol con un roster armado de poder y experiencia en todas las \u00e1reas de juego, elementos con los que arrancar\u00e1n la Misi\u00f3n 17.<\/div>\n<div aria-hidden=\"true\"><\/div>\n<div>Este martes, la \u2018Pandilla Escarlata\u2019 se tom\u00f3 la foto oficial en las instalaciones del Estadio Alfredo Harp Hel\u00fa, a la par de definir el roster con el que comenzar\u00e1 la campa\u00f1a regular, cuando enfrente como visitante a los Toros de Tijuana del jueves 21 al s\u00e1bado 23 de abril.<\/div>\n<div aria-hidden=\"true\"><\/div>\n<div>El \u00e1rea deportiva del equipo y el manager del conjunto rojo, Juan Gabriel Castro, delinearon el roster en el que se encuentran 14 jugadores de campo y 16 lanzadores.<\/div>\n<div aria-hidden=\"true\"><\/div>\n<div>Para esta primera serie el equipo no contar\u00e1 con la presencia del jardinero Khris Davis, ya que todav\u00eda est\u00e1 a la espera de recibir su pasaporte mexicano.<\/div>\n<div aria-hidden=\"true\"><\/div>\n<div>El manejador confirm\u00f3 que para la primera serie de la temporada enviar\u00e1 a dos zurdos y a un derecho al centro del diamante, comenzando con el estadunidense David Huff, quien ser\u00e1 el encargado de abrir el juego inaugural de la campa\u00f1a.<\/div>\n<div aria-hidden=\"true\"><\/div>\n<div><strong>ROTACI\u00d3N ABRIDORA<\/strong><\/div>\n<div>Jueves 21 de abril en Toros de Tijuana:\u00a0<strong>David Huff (PZ)<\/strong><\/div>\n<div>Viernes 22 de abril en Toros de Tijuana:\u00a0<strong>Francis Martes (PD)<\/strong><\/div>\n<div>S\u00e1bado 23 de abril en Toros de Tijuana:\u00a0<strong>Arturo L\u00f3pez (PZ)<\/strong><\/div>\n<div>Martes 26 de abril vs Mariachis de Guadalajara:\u00a0<strong>\u00c9dgar Torres (PZ)<\/strong><\/div>\n<div aria-hidden=\"true\"><\/div>\n<div><strong>EXTRANJEROS<\/strong><\/div>\n<div>Justin Bour (Estados Unidos)<\/div>\n<div>Ram\u00f3n Flores (Venezuela)<\/div>\n<div>David Huff (Estados Unidos)<\/div>\n<div>Francis Martes (Rep\u00fablica Dominicana)<\/div>\n<div>Jeremy Jeffress (Estados Unidos)<\/div>\n<div>Gerson Bautista (Rep\u00fablica Dominicana)<\/div>\n<div>Jumbo Diaz (Rep\u00fablica Dominicana)<\/div>\n<p>[\/fusion_text][fusion_imageframe image_id=&#8221;43950|medium&#8221; max_width=&#8221;&#8221; style_type=&#8221;&#8221; blur=&#8221;&#8221; stylecolor=&#8221;&#8221; hover_type=&#8221;none&#8221; bordersize=&#8221;&#8221; bordercolor=&#8221;&#8221; borderradius=&#8221;&#8221; align=&#8221;none&#8221; lightbox=&#8221;no&#8221; gallery_id=&#8221;&#8221; lightbox_image=&#8221;&#8221; lightbox_image_id=&#8221;&#8221; alt=&#8221;&#8221; link=&#8221;&#8221; linktarget=&#8221;_self&#8221; hide_on_mobile=&#8221;small-visibility,medium-visibility,large-visibility&#8221; class=&#8221;&#8221; id=&#8221;&#8221; animation_type=&#8221;&#8221; animation_direction=&#8221;left&#8221; animation_speed=&#8221;0.3&#8243; animation_offset=&#8221;&#8221;]https:\/\/www.bitacoracdmx.com\/wp-content\/uploads\/2022\/04\/278381944_2126895670803132_4401023754678367105_n-300&#215;166.jpg[\/fusion_imageframe][\/fusion_builder_column][\/fusion_builder_row][\/fusion_builder_container]<\/p>\n","protected":false},"excerpt":{"rendered":"<p>[fusion_builder_container hundred_percent=&#8221;no&#8221; equal_height_columns=&#8221;no&#8221; menu_anchor=&#8221;&#8221; hide_on_mobile=&#8221;small-visibility,medium-visibility,large-visibility&#8221; class=&#8221;&#8221; id=&#8221;&#8221; background_color=&#8221;&#8221; background_image=&#8221;&#8221; background_position=&#8221;center center&#8221; background_repeat=&#8221;no-repeat&#8221; fade=&#8221;no&#8221; background_parallax=&#8221;none&#8221; parallax_speed=&#8221;0.3&#8243; video_mp4=&#8221;&#8221; video_webm=&#8221;&#8221; video_ogv=&#8221;&#8221; video_url=&#8221;&#8221; video_aspect_ratio=&#8221;16:9&#8243; video_loop=&#8221;yes&#8221; video_mute=&#8221;yes&#8221; overlay_color=&#8221;&#8221; video_preview_image=&#8221;&#8221; border_size=&#8221;&#8221; border_color=&#8221;&#8221; border_style=&#8221;solid&#8221; padding_top=&#8221;&#8221; padding_bottom=&#8221;&#8221; padding_left=&#8221;&#8221; padding_right=&#8221;&#8221;][fusion_builder_row][fusion_builder_column type=&#8221;1_1&#8243; layout=&#8221;1_1&#8243; background_position=&#8221;left top&#8221; background_color=&#8221;&#8221; border_size=&#8221;&#8221; border_color=&#8221;&#8221; border_style=&#8221;solid&#8221; border_position=&#8221;all&#8221; spacing=&#8221;yes&#8221; background_image=&#8221;&#8221; background_repeat=&#8221;no-repeat&#8221; padding_top=&#8221;&#8221; padding_right=&#8221;&#8221; padding_bottom=&#8221;&#8221; padding_left=&#8221;&#8221; margin_top=&#8221;0px&#8221; margin_bottom=&#8221;0px&#8221; class=&#8221;&#8221; id=&#8221;&#8221; animation_type=&#8221;&#8221; animation_speed=&#8221;0.3&#8243; animation_direction=&#8221;left&#8221; hide_on_mobile=&#8221;small-visibility,medium-visibility,large-visibility&#8221; center_content=&#8221;no&#8221; last=&#8221;no&#8221; min_height=&#8221;&#8221; hover_type=&#8221;none&#8221; link=&#8221;&#8221;][fusion_text] REDACCI\u00d3N Los\u00a0Diablos Rojos del M\u00e9xico\u00a0se preparan para la Temporada 2022 de la Liga Mexicana de Beisbol con un roster armado de poder y experiencia en todas las \u00e1reas de juego, elementos con los que arrancar\u00e1n la Misi\u00f3n 17. Este martes, [&hellip;]<\/p>\n","protected":false},"author":1,"featured_media":43950,"comment_status":"open","ping_status":"open","sticky":false,"template":"","format":"standard","meta":{"footnotes":""},"categories":[6,9],"tags":[],"_links":{"self":[{"href":"https:\/\/www.bitacoracdmx.com\/index.php?rest_route=\/wp\/v2\/posts\/43949"}],"collection":[{"href":"https:\/\/www.bitacoracdmx.com\/index.php?rest_route=\/wp\/v2\/posts"}],"about":[{"href":"https:\/\/www.bitacoracdmx.com\/index.php?rest_route=\/wp\/v2\/types\/post"}],"author":[{"embeddable":true,"href":"https:\/\/www.bitacoracdmx.com\/index.php?rest_route=\/wp\/v2\/users\/1"}],"replies":[{"embeddable":true,"href":"https:\/\/www.bitacoracdmx.com\/index.php?rest_route=%2Fwp%2Fv2%2Fcomments&post=43949"}],"version-history":[{"count":1,"href":"https:\/\/www.bitacoracdmx.com\/index.php?rest_route=\/wp\/v2\/posts\/43949\/revisions"}],"predecessor-version":[{"id":43951,"href":"https:\/\/www.bitacoracdmx.com\/index.php?rest_route=\/wp\/v2\/posts\/43949\/revisions\/43951"}],"wp:featuredmedia":[{"embeddable":true,"href":"https:\/\/www.bitacoracdmx.com\/index.php?rest_route=\/wp\/v2\/media\/43950"}],"wp:attachment":[{"href":"https:\/\/www.bitacoracdmx.com\/index.php?rest_route=%2Fwp%2Fv2%2Fmedia&parent=43949"}],"wp:term":[{"taxonomy":"category","embeddable":true,"href":"https:\/\/www.bitacoracdmx.com\/index.php?rest_route=%2Fwp%2Fv2%2Fcategories&post=43949"},{"taxonomy":"post_tag","embeddable":true,"href":"https:\/\/www.bitacoracdmx.com\/index.php?rest_route=%2Fwp%2Fv2%2Ftags&post=43949"}],"curies":[{"name":"wp","href":"https:\/\/api.w.org\/{rel}","templated":true}]}}