{"id":43955,"date":"2022-04-20T01:19:28","date_gmt":"2022-04-20T01:19:28","guid":{"rendered":"https:\/\/www.bitacoracdmx.com\/?p=43955"},"modified":"2022-04-20T01:19:28","modified_gmt":"2022-04-20T01:19:28","slug":"plan-anual-2022-el-helenico-en-vinculacion-con-los-estados","status":"publish","type":"post","link":"https:\/\/www.bitacoracdmx.com\/?p=43955","title":{"rendered":"Plan anual 2022: el Hel\u00e9nico en vinculaci\u00f3n con los estados"},"content":{"rendered":"<p>[fusion_builder_container hundred_percent=&#8221;no&#8221; equal_height_columns=&#8221;no&#8221; menu_anchor=&#8221;&#8221; hide_on_mobile=&#8221;small-visibility,medium-visibility,large-visibility&#8221; class=&#8221;&#8221; id=&#8221;&#8221; background_color=&#8221;&#8221; background_image=&#8221;&#8221; background_position=&#8221;center center&#8221; background_repeat=&#8221;no-repeat&#8221; fade=&#8221;no&#8221; background_parallax=&#8221;none&#8221; parallax_speed=&#8221;0.3&#8243; video_mp4=&#8221;&#8221; video_webm=&#8221;&#8221; video_ogv=&#8221;&#8221; video_url=&#8221;&#8221; video_aspect_ratio=&#8221;16:9&#8243; video_loop=&#8221;yes&#8221; video_mute=&#8221;yes&#8221; overlay_color=&#8221;&#8221; video_preview_image=&#8221;&#8221; border_size=&#8221;&#8221; border_color=&#8221;&#8221; border_style=&#8221;solid&#8221; padding_top=&#8221;&#8221; padding_bottom=&#8221;&#8221; padding_left=&#8221;&#8221; padding_right=&#8221;&#8221;][fusion_builder_row][fusion_builder_column type=&#8221;1_1&#8243; layout=&#8221;1_1&#8243; background_position=&#8221;left top&#8221; background_color=&#8221;&#8221; border_size=&#8221;&#8221; border_color=&#8221;&#8221; border_style=&#8221;solid&#8221; border_position=&#8221;all&#8221; spacing=&#8221;yes&#8221; background_image=&#8221;&#8221; background_repeat=&#8221;no-repeat&#8221; padding_top=&#8221;&#8221; padding_right=&#8221;&#8221; padding_bottom=&#8221;&#8221; padding_left=&#8221;&#8221; margin_top=&#8221;0px&#8221; margin_bottom=&#8221;0px&#8221; class=&#8221;&#8221; id=&#8221;&#8221; animation_type=&#8221;&#8221; animation_speed=&#8221;0.3&#8243; animation_direction=&#8221;left&#8221; hide_on_mobile=&#8221;small-visibility,medium-visibility,large-visibility&#8221; center_content=&#8221;no&#8221; last=&#8221;no&#8221; min_height=&#8221;&#8221; hover_type=&#8221;none&#8221; link=&#8221;&#8221;][fusion_text]<\/p>\n<p>REDACCI\u00d3N<\/p>\n<p>\u2022\u00a0Se presentaron una serie de convocatorias que promueven, profesionalizan y reactivan la econom\u00eda de las artes esc\u00e9nicas y consolidan el proyecto descentralizador de los bienes culturales, una apuesta instruida por la<br aria-hidden=\"true\" \/>Secretar\u00eda de Cultura del Gobierno de M\u00e9xico.<br aria-hidden=\"true\" \/>\u2022 Se mantiene la programaci\u00f3n regular de todos los espacios del Hel\u00e9nico.<\/p>\n<p>El Centro Cultural Hel\u00e9nico fue la sede de una conferencia de prensa organizada para celebrar las acciones realizadas en concordancia con el proyecto descentralizador de la Secretar\u00eda de Cultura del Gobierno de M\u00e9xico.<br aria-hidden=\"true\" \/><br aria-hidden=\"true\" \/>En dicho evento se cont\u00f3 con la presencia del director del Centro Cultural Hel\u00e9nico, Antonio Z\u00fa\u00f1iga Chaparro; la secretaria de Cultura del Estado de Jalisco, Lourdes Ariadna Gonz\u00e1lez P\u00e9rez; la directora de vinculaci\u00f3n institucional del Complejo Cultural Los Pinos, Amalia Galv\u00e1n Trejo; la directora general del Consejo Estatal para las Culturas y las Artes de Chiapas (Coneculta), Maritsa Concepci\u00f3n Maranto Zepeda; el subdirector de Artes y Patrimonio del Instituto Veracruzano de la Cultura, Sergio Rosete Xotlanihua; el director del Teatro Polivalente del Centro Estatal de las Artes de San Luis Potos\u00ed, Gustavo Betancourt Segura; el director de Difusi\u00f3n y Patrimonio Cultural de la Secretar\u00eda de Cultura de Quer\u00e9taro, Jos\u00e9 Manuel Naredo; la subdirectora de Teatros de la Secretar\u00eda de Turismo y Cultura del Estado de Morelos, Mara C\u00e1rdenas Villag\u00f3mez; el\u00a0 Coordinador general del Centro de las Artes de Tlaxcala, Marco Venchierutti;\u00a0 y el representante de la Secretar\u00eda de Cultura de Chihuahua en la Ciudad de M\u00e9xico, Carlos Zamora Reyes.<br aria-hidden=\"true\" \/><br aria-hidden=\"true\" \/>De esta forma se anunci\u00f3 la puesta en marcha del Hel\u00e9nico en l\u00ednea 2022 y el ciclo de conversatorios \u201cDerechos Humanos\u201d y \u201cDerechos Humanos de los Pueblos y Comunidades Ind\u00edgenas\u201d, dos propuestas para la profesionalizaci\u00f3n en artes esc\u00e9nicas. De igual manera se ahond\u00f3 en los objetivos y el sentido de las excepcionales convocatorias: \u00a0Premios Nacionales de Dramaturgia, Premiaci\u00f3n a proyectos de producci\u00f3n esc\u00e9nica en Coahuila y Veracruz, Programaci\u00f3n art\u00edstica de los festivales, Rutas esc\u00e9nicas estatales, Saberes sobre la escena, as\u00ed como el Circuito Nacional de Artes Esc\u00e9nicas Chapultepec: Teatro y Espacios Independientes.<br aria-hidden=\"true\" \/><br aria-hidden=\"true\" \/>Se trata de una serie de propuestas gestadas en colaboraci\u00f3n con las autoridades culturales de Chihuahua, Chiapas, la Ciudad de M\u00e9xico, Coahuila, Jalisco, Morelos, Quer\u00e9taro, San Luis Potos\u00ed, Sinaloa, Tamaulipas, Tlaxcala y Veracruz. Asimismo, se continu\u00f3 con la colaboraci\u00f3n interinstitucional con el Complejo Cultural Los Pinos, al tiempo que se crearon alianzas con instituciones como la Comisi\u00f3n Nacional de los Derechos Humanos (CNDH) y el Centro Nacional de las Artes (Cenart). Esto representa otro paso importante para entretejer acciones s\u00f3lidas que garanticen la diversificaci\u00f3n de las artes en M\u00e9xico.<br aria-hidden=\"true\" \/><br aria-hidden=\"true\" \/>Para Antonio Z\u00fa\u00f1iga Chaparro, director del Centro Cultural Hel\u00e9nico, es importante hablar abiertamente sobre los procesos que hacen posible una escena contempor\u00e1nea al alcance de todos y todas: \u201cApostamos por la diversidad, por el arte cr\u00edtico y por las personas, quienes son el motor de cada programa. Nos importan las historias de la gente, abrir la conversaci\u00f3n y llevar nuestra oferta art\u00edstica a los lugares donde la cultura no llegaba. Por ello, hemos construido nuevas alternativas para la promoci\u00f3n, la profesionalizaci\u00f3n, la movilidad y la reactivaci\u00f3n econ\u00f3mica de las artes esc\u00e9nicas. Nuestras convocatorias dejan en claro que nos interesa crear un tejido circular, comunitario y sostenible a favor de la comunidad teatral y el p\u00fablico\u201d.<br aria-hidden=\"true\" \/><br aria-hidden=\"true\" \/>Estas convocatorias son instrumentos dise\u00f1ados para generar un puente de comunicaci\u00f3n entre las instituciones culturales, las y los artistas esc\u00e9nicos, el p\u00fablico y los medios de comunicaci\u00f3n. De esta manera se fortalece el horizonte art\u00edstico del pa\u00eds, pues se crean condiciones \u00f3ptimas para el di\u00e1logo y la generaci\u00f3n de propuestas de calidad abiertas a la diversidad humana.<\/p>\n<p>[\/fusion_text][fusion_imageframe image_id=&#8221;43956|medium&#8221; max_width=&#8221;&#8221; style_type=&#8221;&#8221; blur=&#8221;&#8221; stylecolor=&#8221;&#8221; hover_type=&#8221;none&#8221; bordersize=&#8221;&#8221; bordercolor=&#8221;&#8221; borderradius=&#8221;&#8221; align=&#8221;none&#8221; lightbox=&#8221;no&#8221; gallery_id=&#8221;&#8221; lightbox_image=&#8221;&#8221; lightbox_image_id=&#8221;&#8221; alt=&#8221;&#8221; link=&#8221;&#8221; linktarget=&#8221;_self&#8221; hide_on_mobile=&#8221;small-visibility,medium-visibility,large-visibility&#8221; class=&#8221;&#8221; id=&#8221;&#8221; animation_type=&#8221;&#8221; animation_direction=&#8221;left&#8221; animation_speed=&#8221;0.3&#8243; animation_offset=&#8221;&#8221;]https:\/\/www.bitacoracdmx.com\/wp-content\/uploads\/2022\/04\/4223e5fe-81bd-e777-db85-7faa2ca5fd3f-300&#215;231.jpeg[\/fusion_imageframe][\/fusion_builder_column][\/fusion_builder_row][\/fusion_builder_container]<\/p>\n","protected":false},"excerpt":{"rendered":"<p>[fusion_builder_container hundred_percent=&#8221;no&#8221; equal_height_columns=&#8221;no&#8221; menu_anchor=&#8221;&#8221; hide_on_mobile=&#8221;small-visibility,medium-visibility,large-visibility&#8221; class=&#8221;&#8221; id=&#8221;&#8221; background_color=&#8221;&#8221; background_image=&#8221;&#8221; background_position=&#8221;center center&#8221; background_repeat=&#8221;no-repeat&#8221; fade=&#8221;no&#8221; background_parallax=&#8221;none&#8221; parallax_speed=&#8221;0.3&#8243; video_mp4=&#8221;&#8221; video_webm=&#8221;&#8221; video_ogv=&#8221;&#8221; video_url=&#8221;&#8221; video_aspect_ratio=&#8221;16:9&#8243; video_loop=&#8221;yes&#8221; video_mute=&#8221;yes&#8221; overlay_color=&#8221;&#8221; video_preview_image=&#8221;&#8221; border_size=&#8221;&#8221; border_color=&#8221;&#8221; border_style=&#8221;solid&#8221; padding_top=&#8221;&#8221; padding_bottom=&#8221;&#8221; padding_left=&#8221;&#8221; padding_right=&#8221;&#8221;][fusion_builder_row][fusion_builder_column type=&#8221;1_1&#8243; layout=&#8221;1_1&#8243; background_position=&#8221;left top&#8221; background_color=&#8221;&#8221; border_size=&#8221;&#8221; border_color=&#8221;&#8221; border_style=&#8221;solid&#8221; border_position=&#8221;all&#8221; spacing=&#8221;yes&#8221; background_image=&#8221;&#8221; background_repeat=&#8221;no-repeat&#8221; padding_top=&#8221;&#8221; padding_right=&#8221;&#8221; padding_bottom=&#8221;&#8221; padding_left=&#8221;&#8221; margin_top=&#8221;0px&#8221; margin_bottom=&#8221;0px&#8221; class=&#8221;&#8221; id=&#8221;&#8221; animation_type=&#8221;&#8221; animation_speed=&#8221;0.3&#8243; animation_direction=&#8221;left&#8221; hide_on_mobile=&#8221;small-visibility,medium-visibility,large-visibility&#8221; center_content=&#8221;no&#8221; last=&#8221;no&#8221; min_height=&#8221;&#8221; hover_type=&#8221;none&#8221; link=&#8221;&#8221;][fusion_text] REDACCI\u00d3N \u2022\u00a0Se presentaron una serie de convocatorias que promueven, profesionalizan y reactivan la econom\u00eda de las artes esc\u00e9nicas y consolidan el proyecto descentralizador de los bienes culturales, una apuesta instruida por laSecretar\u00eda de Cultura del Gobierno de M\u00e9xico.\u2022 Se mantiene [&hellip;]<\/p>\n","protected":false},"author":1,"featured_media":43956,"comment_status":"open","ping_status":"open","sticky":false,"template":"","format":"standard","meta":{"footnotes":""},"categories":[9,14],"tags":[],"_links":{"self":[{"href":"https:\/\/www.bitacoracdmx.com\/index.php?rest_route=\/wp\/v2\/posts\/43955"}],"collection":[{"href":"https:\/\/www.bitacoracdmx.com\/index.php?rest_route=\/wp\/v2\/posts"}],"about":[{"href":"https:\/\/www.bitacoracdmx.com\/index.php?rest_route=\/wp\/v2\/types\/post"}],"author":[{"embeddable":true,"href":"https:\/\/www.bitacoracdmx.com\/index.php?rest_route=\/wp\/v2\/users\/1"}],"replies":[{"embeddable":true,"href":"https:\/\/www.bitacoracdmx.com\/index.php?rest_route=%2Fwp%2Fv2%2Fcomments&post=43955"}],"version-history":[{"count":1,"href":"https:\/\/www.bitacoracdmx.com\/index.php?rest_route=\/wp\/v2\/posts\/43955\/revisions"}],"predecessor-version":[{"id":43957,"href":"https:\/\/www.bitacoracdmx.com\/index.php?rest_route=\/wp\/v2\/posts\/43955\/revisions\/43957"}],"wp:featuredmedia":[{"embeddable":true,"href":"https:\/\/www.bitacoracdmx.com\/index.php?rest_route=\/wp\/v2\/media\/43956"}],"wp:attachment":[{"href":"https:\/\/www.bitacoracdmx.com\/index.php?rest_route=%2Fwp%2Fv2%2Fmedia&parent=43955"}],"wp:term":[{"taxonomy":"category","embeddable":true,"href":"https:\/\/www.bitacoracdmx.com\/index.php?rest_route=%2Fwp%2Fv2%2Fcategories&post=43955"},{"taxonomy":"post_tag","embeddable":true,"href":"https:\/\/www.bitacoracdmx.com\/index.php?rest_route=%2Fwp%2Fv2%2Ftags&post=43955"}],"curies":[{"name":"wp","href":"https:\/\/api.w.org\/{rel}","templated":true}]}}