{"id":43967,"date":"2022-04-22T03:14:00","date_gmt":"2022-04-22T03:14:00","guid":{"rendered":"https:\/\/www.bitacoracdmx.com\/?p=43967"},"modified":"2022-04-22T03:14:00","modified_gmt":"2022-04-22T03:14:00","slug":"baile-social-y-danza-unidas-en-city-quiero-baile-y-concierto-inmersivo","status":"publish","type":"post","link":"https:\/\/www.bitacoracdmx.com\/?p=43967","title":{"rendered":"Baile social y danza unidas en City Quiero (Baile y concierto inmersivo)"},"content":{"rendered":"<p>[fusion_builder_container hundred_percent=&#8221;no&#8221; equal_height_columns=&#8221;no&#8221; menu_anchor=&#8221;&#8221; hide_on_mobile=&#8221;small-visibility,medium-visibility,large-visibility&#8221; class=&#8221;&#8221; id=&#8221;&#8221; background_color=&#8221;&#8221; background_image=&#8221;&#8221; background_position=&#8221;center center&#8221; background_repeat=&#8221;no-repeat&#8221; fade=&#8221;no&#8221; background_parallax=&#8221;none&#8221; parallax_speed=&#8221;0.3&#8243; video_mp4=&#8221;&#8221; video_webm=&#8221;&#8221; video_ogv=&#8221;&#8221; video_url=&#8221;&#8221; video_aspect_ratio=&#8221;16:9&#8243; video_loop=&#8221;yes&#8221; video_mute=&#8221;yes&#8221; overlay_color=&#8221;&#8221; video_preview_image=&#8221;&#8221; border_size=&#8221;&#8221; border_color=&#8221;&#8221; border_style=&#8221;solid&#8221; padding_top=&#8221;&#8221; padding_bottom=&#8221;&#8221; padding_left=&#8221;&#8221; padding_right=&#8221;&#8221;][fusion_builder_row][fusion_builder_column type=&#8221;1_1&#8243; layout=&#8221;1_1&#8243; background_position=&#8221;left top&#8221; background_color=&#8221;&#8221; border_size=&#8221;&#8221; border_color=&#8221;&#8221; border_style=&#8221;solid&#8221; border_position=&#8221;all&#8221; spacing=&#8221;yes&#8221; background_image=&#8221;&#8221; background_repeat=&#8221;no-repeat&#8221; padding_top=&#8221;&#8221; padding_right=&#8221;&#8221; padding_bottom=&#8221;&#8221; padding_left=&#8221;&#8221; margin_top=&#8221;0px&#8221; margin_bottom=&#8221;0px&#8221; class=&#8221;&#8221; id=&#8221;&#8221; animation_type=&#8221;&#8221; animation_speed=&#8221;0.3&#8243; animation_direction=&#8221;left&#8221; hide_on_mobile=&#8221;small-visibility,medium-visibility,large-visibility&#8221; center_content=&#8221;no&#8221; last=&#8221;no&#8221; min_height=&#8221;&#8221; hover_type=&#8221;none&#8221; link=&#8221;&#8221;][fusion_text]<\/p>\n<p>REDACCI\u00d3N<\/p>\n<p>\u00b7 <b>Se presentar\u00e1n dos \u00fanicas funciones los d\u00edas jueves 28 y viernes 29 de abril en el Teatro de la Ciudad Esperanza Iris<\/b><\/p>\n<p>\u00b7 <b>La propuesta del core\u00f3grafo Ra\u00fal Tamez contar\u00e1 con la participaci\u00f3n especial de Rodrigo de la Cadena<\/b><\/p>\n<p><span lang=\"EN-US\">Pieza multidisciplinaria con m\u00fasica, canto, teatro, baile, danza y performance, <b><i>City Quiero (Baile y concierto inmersivo)\u00a0<\/i><\/b>es un proyecto comunitario, diverso e inclusivo de la agrupaci\u00f3n danc\u00edstica La Infinita Compa\u00f1\u00eda, en el que los int\u00e9rpretes se fundir\u00e1n con el p\u00fablico tras una cita a un baile de sonidero.<\/span><\/p>\n<p class=\"x_MsoNormal\"><span lang=\"EN-US\">La nueva propuesta del core\u00f3grafo Ra\u00fal Tamez, que se presentar\u00e1 el jueves 28 y viernes 29 de abril en el\u00a0<b>Teatro de la Ciudad Esperanza Iris\u00a0<\/b>de la\u00a0<b>Direcci\u00f3n del Sistema de Teatros de la Secretar\u00eda de Cultura de la Ciudad de M\u00e9xico<\/b>, integra a bailarines profesionales y bailadores de la vida cotidiana.<\/span><\/p>\n<p class=\"x_MsoNormal\"><span lang=\"EN-US\">Para el montaje se hizo una convocatoria abierta para amantes del baile social; a partir de esta se conform\u00f3 un elenco de 50 personas, varios de ellos que frecuentan salones de baile, eventos de sonidero y fiestas cumbiancheras de barrio.<\/span><\/p>\n<p class=\"x_MsoNormal\"><span lang=\"EN-US\">La dramaturgia se basa en la biograf\u00eda del autor, cuya madre biol\u00f3gica termin\u00f3 en situaci\u00f3n de calle. As\u00ed como en el drama latente que se vive en las fiestas, relaciones amorosas, familiares, de seducci\u00f3n, as\u00ed como en rituales sociales de liberaci\u00f3n a trav\u00e9s del baile social y la danza.<\/span><\/p>\n<p class=\"x_MsoNormal\"><span lang=\"EN-US\">Al proyecto se integr\u00f3 el cantante Rodrigo de la Cadena que funge como narrador, as\u00ed como su participaci\u00f3n con intervenciones musicales.<\/span><\/p>\n<p class=\"x_MsoNormal\"><span lang=\"EN-US\">Adem\u00e1s del reconocido bolerista, participar\u00e1n Ana Graci\u00e1n, Bryan Mondrag\u00f3n, Zuleika G\u00f3mez Castillo, Adriana Marroqu\u00edn, Alaide Pe\u00f1aloza, Andrea Anaya, Bernardo Kasis Galan, Carolina Torres, C\u00e9sar S\u00e1nchez, Cinthya Azucena, Columba Garc\u00eda, Cucar\u00e1ngel, Daena Ramirez, Daniel Alcaraz, Diana Munive, Eden Carrillo, Giovana Urquieta, Hanani Palomares Rivera, Helena Hern\u00e1ndez, Karla Figueroa Montero, Lessly Ochoa Flores y Leta Ram\u00edrez Olivos.<\/span><\/p>\n<p class=\"x_MsoNormal\"><span lang=\"EN-US\">Completan el elenco: Alejandra Legorreta, Lissette Castro, Luis Valencia, Mar\u00eda de Lourdes Res\u00e9ndiz G\u00f3mez, Mar\u00eda Mar Urbina, Mar\u00eda Guadalupe Garc\u00eda Rodriguez, Maribel Flores, Marisol Franco, Maya Ochoa Montes, Melissa Castillo, Michelle Ortega, Miriam Onofre, M\u00f3nica Mateos, Raquel Garc\u00eda Rodriguez, Ra\u00fal Onofre Reyes, Santiago de Jes\u00fas Arcineaga Quintero, Yadira Itzel Arrollo Luna, Zayra A. Renter\u00eda Olivares, Mar\u00eda Alexa Mora Perez, Montserrat Payr\u00f3, Ilse Orozco, Yokoyani Arreola, Erika M\u00e9ndez y \u00c1ngel Garnica.<\/span><\/p>\n<p class=\"x_MsoNormal\"><span lang=\"EN-US\">Rodrigo de la Cadena es un reconocido\u00a0<\/span><span lang=\"EN-US\">m\u00fasico, cantante, compositor, conductor de radio y televisi\u00f3n, investigador y director art\u00edstico. Secretario fundador del Instituto para la Preservaci\u00f3n y el Fomento del Bolero en M\u00e9xico A.C., as\u00ed como director del Festival y el Congreso Mundial del Bolero en M\u00e9xico. Ha representado a M\u00e9xico en festivales y conciertos de m\u00e1s de 12 pa\u00edses.<\/span><\/p>\n<p class=\"x_MsoNormal\"><span lang=\"EN-US\">Core\u00f3grafo invitado en la Lim\u00f3n Dance Company para la temporada 2022 en el Joyce Theater de Nueva York, Ra\u00fal T\u00e1mez, en 2017 y 2018, se hizo acreedor al galard\u00f3n \u201cLunas del Auditorio\u201d por la creaci\u00f3n del Festival Internacional de Danza Contempor\u00e1nea de la Ciudad de M\u00e9xico. Asimismo, en 2016 gan\u00f3 el Premio Nacional de Danza \u201cGuillermo Arriaga\u201d. Ha realizado m\u00e1s de 20 obras que se han presentado en los principales teatros del pa\u00eds as\u00ed como en Colombia, Cuba, Eslovenia, Espa\u00f1a, Estados Unidos, Holanda, Jap\u00f3n, Suecia y Turqu\u00eda. Actualmente, al lado de Rodrigo Gonz\u00e1lez, es director de La Infinita Compa\u00f1\u00eda.<\/span><\/p>\n<p class=\"x_MsoNormal\"><b><i>City Quiero (Baile y concierto inmersivo)<\/i><\/b>\u00a0<span lang=\"ES-MX\">se presentar\u00e1n los d\u00edas\u00a0<b>jueves 28 y viernes 29 de abril<\/b>\u00a0a las\u00a0<b>20:30 horas<\/b>\u00a0en\u00a0<\/span><span lang=\"ES-MX\">el\u00a0<\/span><b><span lang=\"ES-MX\">Teatro de la Ciudad Esperanza Iris<\/span><\/b><span lang=\"ES-MX\">\u00a0(Donceles 36, Centro Hist\u00f3rico<\/span><span lang=\"ES-MX\">, Metro Allende<\/span><span lang=\"ES-MX\">), con las disposiciones del sem\u00e1foro epidemiol\u00f3gico vigente: uso permanente de cubre-bocas, gel anti-bacterial y registro de c\u00f3digo QR por parte tanto del personal del teatro como de los espectadores.<\/span><\/p>\n<p><b><span lang=\"ES-MX\">Admisi\u00f3n:<\/span><\/b><span lang=\"ES-MX\">\u00a0Luneta<\/span><span lang=\"ES-MX\">, $<\/span><span lang=\"ES-MX\">5<\/span><span lang=\"ES-MX\">0<\/span><span lang=\"ES-MX\">0<\/span><span lang=\"ES-MX\">;<\/span><span lang=\"ES-MX\">\u00a0<\/span><span lang=\"ES-MX\">P<\/span><span lang=\"ES-MX\">rimer\u00a0<\/span><span lang=\"ES-MX\">P<\/span><span lang=\"ES-MX\">iso<\/span><span lang=\"ES-MX\">\u00a0Central, $3<\/span><span lang=\"ES-MX\">00<\/span><span lang=\"ES-MX\">;<\/span><span lang=\"ES-MX\">\u00a0<\/span><span lang=\"ES-MX\">P<\/span><span lang=\"ES-MX\">rimer\u00a0<\/span><span lang=\"ES-MX\">P<\/span><span lang=\"ES-MX\">iso<\/span><span lang=\"ES-MX\">\u00a0Laretal, $3<\/span><span lang=\"ES-MX\">00<\/span><span lang=\"ES-MX\">;<\/span><span lang=\"ES-MX\">\u00a0<\/span><span lang=\"ES-MX\">A<\/span><span lang=\"ES-MX\">nfiteatro<\/span><span lang=\"ES-MX\">, $2<\/span><span lang=\"ES-MX\">00<\/span><span lang=\"ES-MX\">, y G<\/span><span lang=\"ES-MX\">aler<\/span><span lang=\"ES-MX\">\u00ed<\/span><span lang=\"ES-MX\">a<\/span><span lang=\"ES-MX\">, $10<\/span><span lang=\"ES-MX\">0<\/span><span lang=\"ES-MX\">.\u00a0<\/span><span lang=\"ES-MX\">Los boletos se pueden adquirir en la taquilla del teatro y en las plataformas digitales de Ticketmaster.<\/span><\/p>\n<p><span lang=\"ES-MX\">Para conocer la programaci\u00f3n de la Direcci\u00f3n del Sistema de Teatros de la Ciudad de M\u00e9xico visite las redes sociales: Facebook @TeatrosCdMexico, Twitter @TeatrosCdMexico e Instagram @teatroscdmexico.<\/span><\/p>\n<p><span lang=\"ES-MX\">\u00a0Siga a la Secretar\u00eda de Cultura de la Ciudad de M\u00e9xico a trav\u00e9s de su p\u00e1gina oficial (<a href=\"https:\/\/cultura.cdmx.gob.mx\/\" target=\"_blank\" rel=\"noopener noreferrer\" data-auth=\"NotApplicable\" data-linkindex=\"2\">https:\/\/cultura.cdmx.gob.mx\/<\/a>), sus redes sociales (Facebook, Twitter, Instagram y YouTube) y en la plataforma digital Capital Cultural en Nuestra Casa<\/span><\/p>\n<p>[\/fusion_text][\/fusion_builder_column][\/fusion_builder_row][\/fusion_builder_container]<\/p>\n","protected":false},"excerpt":{"rendered":"<p>[fusion_builder_container hundred_percent=&#8221;no&#8221; equal_height_columns=&#8221;no&#8221; menu_anchor=&#8221;&#8221; hide_on_mobile=&#8221;small-visibility,medium-visibility,large-visibility&#8221; class=&#8221;&#8221; id=&#8221;&#8221; background_color=&#8221;&#8221; background_image=&#8221;&#8221; background_position=&#8221;center center&#8221; background_repeat=&#8221;no-repeat&#8221; fade=&#8221;no&#8221; background_parallax=&#8221;none&#8221; parallax_speed=&#8221;0.3&#8243; video_mp4=&#8221;&#8221; video_webm=&#8221;&#8221; video_ogv=&#8221;&#8221; video_url=&#8221;&#8221; video_aspect_ratio=&#8221;16:9&#8243; video_loop=&#8221;yes&#8221; video_mute=&#8221;yes&#8221; overlay_color=&#8221;&#8221; video_preview_image=&#8221;&#8221; border_size=&#8221;&#8221; border_color=&#8221;&#8221; border_style=&#8221;solid&#8221; padding_top=&#8221;&#8221; padding_bottom=&#8221;&#8221; padding_left=&#8221;&#8221; padding_right=&#8221;&#8221;][fusion_builder_row][fusion_builder_column type=&#8221;1_1&#8243; layout=&#8221;1_1&#8243; background_position=&#8221;left top&#8221; background_color=&#8221;&#8221; border_size=&#8221;&#8221; border_color=&#8221;&#8221; border_style=&#8221;solid&#8221; border_position=&#8221;all&#8221; spacing=&#8221;yes&#8221; background_image=&#8221;&#8221; background_repeat=&#8221;no-repeat&#8221; padding_top=&#8221;&#8221; padding_right=&#8221;&#8221; padding_bottom=&#8221;&#8221; padding_left=&#8221;&#8221; margin_top=&#8221;0px&#8221; margin_bottom=&#8221;0px&#8221; class=&#8221;&#8221; id=&#8221;&#8221; animation_type=&#8221;&#8221; animation_speed=&#8221;0.3&#8243; animation_direction=&#8221;left&#8221; hide_on_mobile=&#8221;small-visibility,medium-visibility,large-visibility&#8221; center_content=&#8221;no&#8221; last=&#8221;no&#8221; min_height=&#8221;&#8221; hover_type=&#8221;none&#8221; link=&#8221;&#8221;][fusion_text] REDACCI\u00d3N \u00b7 Se presentar\u00e1n dos \u00fanicas funciones los d\u00edas jueves 28 y viernes 29 de abril en el Teatro de la Ciudad Esperanza Iris \u00b7 La propuesta del core\u00f3grafo Ra\u00fal Tamez contar\u00e1 con la participaci\u00f3n especial de Rodrigo de la [&hellip;]<\/p>\n","protected":false},"author":1,"featured_media":43968,"comment_status":"open","ping_status":"open","sticky":false,"template":"","format":"standard","meta":{"footnotes":""},"categories":[9,11],"tags":[],"_links":{"self":[{"href":"https:\/\/www.bitacoracdmx.com\/index.php?rest_route=\/wp\/v2\/posts\/43967"}],"collection":[{"href":"https:\/\/www.bitacoracdmx.com\/index.php?rest_route=\/wp\/v2\/posts"}],"about":[{"href":"https:\/\/www.bitacoracdmx.com\/index.php?rest_route=\/wp\/v2\/types\/post"}],"author":[{"embeddable":true,"href":"https:\/\/www.bitacoracdmx.com\/index.php?rest_route=\/wp\/v2\/users\/1"}],"replies":[{"embeddable":true,"href":"https:\/\/www.bitacoracdmx.com\/index.php?rest_route=%2Fwp%2Fv2%2Fcomments&post=43967"}],"version-history":[{"count":1,"href":"https:\/\/www.bitacoracdmx.com\/index.php?rest_route=\/wp\/v2\/posts\/43967\/revisions"}],"predecessor-version":[{"id":43969,"href":"https:\/\/www.bitacoracdmx.com\/index.php?rest_route=\/wp\/v2\/posts\/43967\/revisions\/43969"}],"wp:featuredmedia":[{"embeddable":true,"href":"https:\/\/www.bitacoracdmx.com\/index.php?rest_route=\/wp\/v2\/media\/43968"}],"wp:attachment":[{"href":"https:\/\/www.bitacoracdmx.com\/index.php?rest_route=%2Fwp%2Fv2%2Fmedia&parent=43967"}],"wp:term":[{"taxonomy":"category","embeddable":true,"href":"https:\/\/www.bitacoracdmx.com\/index.php?rest_route=%2Fwp%2Fv2%2Fcategories&post=43967"},{"taxonomy":"post_tag","embeddable":true,"href":"https:\/\/www.bitacoracdmx.com\/index.php?rest_route=%2Fwp%2Fv2%2Ftags&post=43967"}],"curies":[{"name":"wp","href":"https:\/\/api.w.org\/{rel}","templated":true}]}}