{"id":43970,"date":"2022-04-22T03:22:23","date_gmt":"2022-04-22T03:22:23","guid":{"rendered":"https:\/\/www.bitacoracdmx.com\/?p=43970"},"modified":"2022-04-22T03:22:23","modified_gmt":"2022-04-22T03:22:23","slug":"silvana-estrada-lanza-clandestina-su-version-de-clandestino-de-manu-chao-para-spotify-singles-tambien-estrena-una-nueva-version-de-tristeza-original-de-su-album-marchita","status":"publish","type":"post","link":"https:\/\/www.bitacoracdmx.com\/?p=43970","title":{"rendered":"Silvana Estrada lanza &#8220;Clandestina&#8221;, su versi\u00f3n de &#8220;Clandestino&#8221; de Manu Chao para Spotify Singles  Tambi\u00e9n estrena una nueva versi\u00f3n de \u201cTristeza\u201d, original de su \u00e1lbum Marchita"},"content":{"rendered":"<p>[fusion_builder_container hundred_percent=&#8221;no&#8221; equal_height_columns=&#8221;no&#8221; menu_anchor=&#8221;&#8221; hide_on_mobile=&#8221;small-visibility,medium-visibility,large-visibility&#8221; class=&#8221;&#8221; id=&#8221;&#8221; background_color=&#8221;&#8221; background_image=&#8221;&#8221; background_position=&#8221;center center&#8221; background_repeat=&#8221;no-repeat&#8221; fade=&#8221;no&#8221; background_parallax=&#8221;none&#8221; parallax_speed=&#8221;0.3&#8243; video_mp4=&#8221;&#8221; video_webm=&#8221;&#8221; video_ogv=&#8221;&#8221; video_url=&#8221;&#8221; video_aspect_ratio=&#8221;16:9&#8243; video_loop=&#8221;yes&#8221; video_mute=&#8221;yes&#8221; overlay_color=&#8221;&#8221; video_preview_image=&#8221;&#8221; border_size=&#8221;&#8221; border_color=&#8221;&#8221; border_style=&#8221;solid&#8221; padding_top=&#8221;&#8221; padding_bottom=&#8221;&#8221; padding_left=&#8221;&#8221; padding_right=&#8221;&#8221;][fusion_builder_row][fusion_builder_column type=&#8221;1_1&#8243; layout=&#8221;1_1&#8243; background_position=&#8221;left top&#8221; background_color=&#8221;&#8221; border_size=&#8221;&#8221; border_color=&#8221;&#8221; border_style=&#8221;solid&#8221; border_position=&#8221;all&#8221; spacing=&#8221;yes&#8221; background_image=&#8221;&#8221; background_repeat=&#8221;no-repeat&#8221; padding_top=&#8221;&#8221; padding_right=&#8221;&#8221; padding_bottom=&#8221;&#8221; padding_left=&#8221;&#8221; margin_top=&#8221;0px&#8221; margin_bottom=&#8221;0px&#8221; class=&#8221;&#8221; id=&#8221;&#8221; animation_type=&#8221;&#8221; animation_speed=&#8221;0.3&#8243; animation_direction=&#8221;left&#8221; hide_on_mobile=&#8221;small-visibility,medium-visibility,large-visibility&#8221; center_content=&#8221;no&#8221; last=&#8221;no&#8221; min_height=&#8221;&#8221; hover_type=&#8221;none&#8221; link=&#8221;&#8221;][fusion_text]<\/p>\n<p>REDACCI\u00d3N<\/p>\n<p>La estrella indie mexicana de 25 a\u00f1os\u00a0<strong>Silvana Estrada<\/strong>\u00a0lanza este mi\u00e9rcoles 20 de abril la canci\u00f3n\u00a0<strong>&#8220;Clandestina&#8221;<\/strong>, como parte de la serie\u00a0<strong>Singles de Spotify<\/strong>. El tema es una versi\u00f3n de &#8220;Clandestino&#8221;, el cl\u00e1sico de Manu Chao.<\/p>\n<p><em>\u201cEstas palabras que cuentan la historia de un migrante me tocaron el coraz\u00f3n\u201d<\/em>, explica Silvana.\u00a0<em>\u201cEra yo en un llanto universal y migrante; naturalmente cambi\u00e9 la letra, sin pensarlo dije \u2018Clandestina\u2019 en vez de \u2018Clandestino\u2019 y as\u00ed cantando la canci\u00f3n supe que me hab\u00eda encontrado dentro de ella. La migraci\u00f3n es un tema que siempre me ha conmovido el alma. Ese acto lleno de esperanza y fuerza, dejando la tierra amada en busca de un futuro mejor\u201d.<\/em><\/p>\n<p>Estrada detalla qu\u00e9\u00a0pas\u00f3 por muchos g\u00e9neros, \u00e9pocas y tem\u00e1ticas buscando una canci\u00f3n para versionar en este Spotify Single.<\/p>\n<p><em>\u201cDe alguna manera siempre tuve muy presente esta canci\u00f3n, pero la sent\u00eda muy lejana a m\u00ed, hab\u00eda algo que me hac\u00eda pensar que era demasiado grande y \u00fanica como para poder hacerla m\u00eda. Finalmente me decid\u00ed a cantarla, tom\u00e9 la guitarra y comenc\u00e9 a darle vueltas. Todo fue muy org\u00e1nico. Primero la armon\u00eda me peg\u00f3 como un balde de agua fr\u00eda, esos acordes menores me hicieron pensar en una ranchera y en autom\u00e1tico tuve claro que iba a ser una canci\u00f3n fronteriza, una canci\u00f3n del desierto. Mexicana y del mundo, como el mismo Manu Chao\u201d.\u00a0<\/em><\/p>\n<p>La migraci\u00f3n es un tema que siempre le ha movido el alma.\u00a0<em>\u201cEse acto lleno de esperanza y fuerza, dejar la tierra amada en busca de una tierra prometida, la generosidad de dejarlo todo, imaginando un futuro mejor. El huir del horror con el espanto en la mirada y sabiendo que, en el camino, lamentablemente, muchas veces se deja la vida&#8221;.<\/em><\/p>\n<p>Luego de que su \u00e1lbum\u00a0<strong>Marchita<\/strong>, lanzado este a\u00f1o, recibiera elogios tanto de parte de la cr\u00edtica como de sus fans, Silvana grab\u00f3 una nueva versi\u00f3n minimalista del tema \u201cTristeza\u201d, tambi\u00e9n para Spotify Singles.<\/p>\n<p><em>\u201cLo que m\u00e1s me gusta de \u2018Tristeza\u2019 es el juego que hay entre lo melanc\u00f3lico de la canci\u00f3n con la intenci\u00f3n de la melod\u00eda que creo que es m\u00e1s alegre y vivaz. Ese contraste me pareci\u00f3 lindo para explorar en una versi\u00f3n para Spotify Singles\u201d<\/em>, coment\u00f3 Silvana.<\/p>\n<p>Silvana fue la primera artista\u00a0<strong>RADAR<\/strong>, el programa global de Spotify que apoya a artistas emergentes, en M\u00e9xico en 2020. Ahora cuenta con 664 mil oyentes mensuales en la plataforma.<\/p>\n<p>Hasta la fecha, se han realizado m\u00e1s de 600 grabaciones para Spotify Singles, de m\u00e1s de 300 artistas, en todos los g\u00e9neros, con m\u00e1s de 6 mil millones de reproducciones.<\/p>\n<p><strong>Marchita<\/strong>, el \u00e1lbum debut de Silvana en Glassnote Records, tuvo un lanzamiento revolucionario. El \u00e1lbum tuvo destacado espacio lo mismo en The New York Times que en Los Angeles Times y la artista veracruzana lo mostr\u00f3 en un Concierto Tiny Desk (Home) de NPR.<\/p>\n<p>Silvana cre\u00f3\u00a0<strong>Marchita<\/strong>\u00a0despu\u00e9s de enamorarse por primera vez y de una ruptura que finalmente la llev\u00f3 a abrazarse a s\u00ed misma y defender ferozmente su propia voz \u00fanica. Silvana habla del marchitamiento de lo que fue, pero, finalmente, del surgimiento de algo nuevo.<\/p>\n<p>La cantante y compositora mexicana, que ha compartido escenarios y estudios lo mismo con Aurora, Mon Laferte, Natalia Lafourcade, Jorge Drexler, Love of Lesbian, Caloncho o El David Aguilar, complet\u00f3 recientemente una gira de 20 fechas por Estados Unidos y Canad\u00e1, con shows sold out de Los Angeles a Chicago.<\/p>\n<p><em>&#8220;Silvana Estrada llega con un devastador \u00e1lbum sobre una ruptura amorosa. Es un disco \u00edntimo, austero, una tierna instant\u00e1nea de una mujer joven que lucha con el dolor del amor perdido&#8221; &#8211; THE NEW YORK TIMES<\/em><\/p>\n<p><em>&#8220;Gran alerta de nueva m\u00fasica. \u00bfAlguien puede ayudarme a encontrarla en vinilo?&#8221;- KELLY CLARKSON<\/em><\/p>\n<p>[\/fusion_text][fusion_imageframe image_id=&#8221;43971|medium&#8221; max_width=&#8221;&#8221; style_type=&#8221;&#8221; blur=&#8221;&#8221; stylecolor=&#8221;&#8221; hover_type=&#8221;none&#8221; bordersize=&#8221;&#8221; bordercolor=&#8221;&#8221; borderradius=&#8221;&#8221; align=&#8221;none&#8221; lightbox=&#8221;no&#8221; gallery_id=&#8221;&#8221; lightbox_image=&#8221;&#8221; lightbox_image_id=&#8221;&#8221; alt=&#8221;&#8221; link=&#8221;&#8221; linktarget=&#8221;_self&#8221; hide_on_mobile=&#8221;small-visibility,medium-visibility,large-visibility&#8221; class=&#8221;&#8221; id=&#8221;&#8221; animation_type=&#8221;&#8221; animation_direction=&#8221;left&#8221; animation_speed=&#8221;0.3&#8243; animation_offset=&#8221;&#8221;]https:\/\/www.bitacoracdmx.com\/wp-content\/uploads\/2022\/04\/278982761_2128545333971499_1974840098947019117_n-201&#215;300.jpg[\/fusion_imageframe][\/fusion_builder_column][\/fusion_builder_row][\/fusion_builder_container]<\/p>\n","protected":false},"excerpt":{"rendered":"<p>[fusion_builder_container hundred_percent=&#8221;no&#8221; equal_height_columns=&#8221;no&#8221; menu_anchor=&#8221;&#8221; hide_on_mobile=&#8221;small-visibility,medium-visibility,large-visibility&#8221; class=&#8221;&#8221; id=&#8221;&#8221; background_color=&#8221;&#8221; background_image=&#8221;&#8221; background_position=&#8221;center center&#8221; background_repeat=&#8221;no-repeat&#8221; fade=&#8221;no&#8221; background_parallax=&#8221;none&#8221; parallax_speed=&#8221;0.3&#8243; video_mp4=&#8221;&#8221; video_webm=&#8221;&#8221; video_ogv=&#8221;&#8221; video_url=&#8221;&#8221; video_aspect_ratio=&#8221;16:9&#8243; video_loop=&#8221;yes&#8221; video_mute=&#8221;yes&#8221; overlay_color=&#8221;&#8221; video_preview_image=&#8221;&#8221; border_size=&#8221;&#8221; border_color=&#8221;&#8221; border_style=&#8221;solid&#8221; padding_top=&#8221;&#8221; padding_bottom=&#8221;&#8221; padding_left=&#8221;&#8221; padding_right=&#8221;&#8221;][fusion_builder_row][fusion_builder_column type=&#8221;1_1&#8243; layout=&#8221;1_1&#8243; background_position=&#8221;left top&#8221; background_color=&#8221;&#8221; border_size=&#8221;&#8221; border_color=&#8221;&#8221; border_style=&#8221;solid&#8221; border_position=&#8221;all&#8221; spacing=&#8221;yes&#8221; background_image=&#8221;&#8221; background_repeat=&#8221;no-repeat&#8221; padding_top=&#8221;&#8221; padding_right=&#8221;&#8221; padding_bottom=&#8221;&#8221; padding_left=&#8221;&#8221; margin_top=&#8221;0px&#8221; margin_bottom=&#8221;0px&#8221; class=&#8221;&#8221; id=&#8221;&#8221; animation_type=&#8221;&#8221; animation_speed=&#8221;0.3&#8243; animation_direction=&#8221;left&#8221; hide_on_mobile=&#8221;small-visibility,medium-visibility,large-visibility&#8221; center_content=&#8221;no&#8221; last=&#8221;no&#8221; min_height=&#8221;&#8221; hover_type=&#8221;none&#8221; link=&#8221;&#8221;][fusion_text] REDACCI\u00d3N La estrella indie mexicana de 25 a\u00f1os\u00a0Silvana Estrada\u00a0lanza este mi\u00e9rcoles 20 de abril la canci\u00f3n\u00a0&#8220;Clandestina&#8221;, como parte de la serie\u00a0Singles de Spotify. El tema es una versi\u00f3n de &#8220;Clandestino&#8221;, el cl\u00e1sico de Manu Chao. \u201cEstas palabras que cuentan la [&hellip;]<\/p>\n","protected":false},"author":1,"featured_media":43971,"comment_status":"open","ping_status":"open","sticky":false,"template":"","format":"standard","meta":{"footnotes":""},"categories":[9,11],"tags":[],"_links":{"self":[{"href":"https:\/\/www.bitacoracdmx.com\/index.php?rest_route=\/wp\/v2\/posts\/43970"}],"collection":[{"href":"https:\/\/www.bitacoracdmx.com\/index.php?rest_route=\/wp\/v2\/posts"}],"about":[{"href":"https:\/\/www.bitacoracdmx.com\/index.php?rest_route=\/wp\/v2\/types\/post"}],"author":[{"embeddable":true,"href":"https:\/\/www.bitacoracdmx.com\/index.php?rest_route=\/wp\/v2\/users\/1"}],"replies":[{"embeddable":true,"href":"https:\/\/www.bitacoracdmx.com\/index.php?rest_route=%2Fwp%2Fv2%2Fcomments&post=43970"}],"version-history":[{"count":1,"href":"https:\/\/www.bitacoracdmx.com\/index.php?rest_route=\/wp\/v2\/posts\/43970\/revisions"}],"predecessor-version":[{"id":43972,"href":"https:\/\/www.bitacoracdmx.com\/index.php?rest_route=\/wp\/v2\/posts\/43970\/revisions\/43972"}],"wp:featuredmedia":[{"embeddable":true,"href":"https:\/\/www.bitacoracdmx.com\/index.php?rest_route=\/wp\/v2\/media\/43971"}],"wp:attachment":[{"href":"https:\/\/www.bitacoracdmx.com\/index.php?rest_route=%2Fwp%2Fv2%2Fmedia&parent=43970"}],"wp:term":[{"taxonomy":"category","embeddable":true,"href":"https:\/\/www.bitacoracdmx.com\/index.php?rest_route=%2Fwp%2Fv2%2Fcategories&post=43970"},{"taxonomy":"post_tag","embeddable":true,"href":"https:\/\/www.bitacoracdmx.com\/index.php?rest_route=%2Fwp%2Fv2%2Ftags&post=43970"}],"curies":[{"name":"wp","href":"https:\/\/api.w.org\/{rel}","templated":true}]}}