{"id":44114,"date":"2022-05-06T04:35:50","date_gmt":"2022-05-06T04:35:50","guid":{"rendered":"https:\/\/www.bitacoracdmx.com\/?p=44114"},"modified":"2022-05-06T04:35:50","modified_gmt":"2022-05-06T04:35:50","slug":"alfredo-rios-el-komander-llega-al-foro-punto-urbano-antes-foro-360-para-presentar-sus-sencillos-nada-me-hace-falta-y-descansa-mi-amor","status":"publish","type":"post","link":"https:\/\/www.bitacoracdmx.com\/?p=44114","title":{"rendered":"ALFREDO R\u00cdOS \u201cEL KOMANDER\u201d llega al FORO PUNTO URBANO (ANTES FORO 360) para presentar sus sencillos \u201cNADA ME HACE FALTA\u201d y \u201cDESCANSA MI AMOR\u201d"},"content":{"rendered":"<p>[fusion_builder_container hundred_percent=&#8221;no&#8221; equal_height_columns=&#8221;no&#8221; menu_anchor=&#8221;&#8221; hide_on_mobile=&#8221;small-visibility,medium-visibility,large-visibility&#8221; class=&#8221;&#8221; id=&#8221;&#8221; background_color=&#8221;&#8221; background_image=&#8221;&#8221; background_position=&#8221;center center&#8221; background_repeat=&#8221;no-repeat&#8221; fade=&#8221;no&#8221; background_parallax=&#8221;none&#8221; parallax_speed=&#8221;0.3&#8243; video_mp4=&#8221;&#8221; video_webm=&#8221;&#8221; video_ogv=&#8221;&#8221; video_url=&#8221;&#8221; video_aspect_ratio=&#8221;16:9&#8243; video_loop=&#8221;yes&#8221; video_mute=&#8221;yes&#8221; overlay_color=&#8221;&#8221; video_preview_image=&#8221;&#8221; border_size=&#8221;&#8221; border_color=&#8221;&#8221; border_style=&#8221;solid&#8221; padding_top=&#8221;&#8221; padding_bottom=&#8221;&#8221; padding_left=&#8221;&#8221; padding_right=&#8221;&#8221;][fusion_builder_row][fusion_builder_column type=&#8221;1_1&#8243; layout=&#8221;1_1&#8243; background_position=&#8221;left top&#8221; background_color=&#8221;&#8221; border_size=&#8221;&#8221; border_color=&#8221;&#8221; border_style=&#8221;solid&#8221; border_position=&#8221;all&#8221; spacing=&#8221;yes&#8221; background_image=&#8221;&#8221; background_repeat=&#8221;no-repeat&#8221; padding_top=&#8221;&#8221; padding_right=&#8221;&#8221; padding_bottom=&#8221;&#8221; padding_left=&#8221;&#8221; margin_top=&#8221;0px&#8221; margin_bottom=&#8221;0px&#8221; class=&#8221;&#8221; id=&#8221;&#8221; animation_type=&#8221;&#8221; animation_speed=&#8221;0.3&#8243; animation_direction=&#8221;left&#8221; hide_on_mobile=&#8221;small-visibility,medium-visibility,large-visibility&#8221; center_content=&#8221;no&#8221; last=&#8221;no&#8221; min_height=&#8221;&#8221; hover_type=&#8221;none&#8221; link=&#8221;&#8221;][fusion_text]<\/p>\n<p>REDACCI\u00d3N<\/p>\n<p><b><i>*El esperado concierto se llevar\u00e1 a cabo el S\u00e1bado 18 de Junio de 2022 en las instalaciones del nuevo Foro Punto Urbano (antes Foro 360) ubicado en Boulevard Toluca No. 115 esquina con Perif\u00e9rico Boulevard Manuel \u00c1vila Camacho<\/i><\/b><\/p>\n<p><b><i>*Boletos a la venta en el Sistema Taquilla Cero en\u00a0<a href=\"https:\/\/taquillacero.com\/alfredo-rios-el-komander\/centro-de-espectaculos-360\/2022\/06\/18\" target=\"_blank\" rel=\"noopener noreferrer\" data-auth=\"NotApplicable\" data-linkindex=\"3\">https:\/\/taquillacero.com\/alfredo-rios-el-komander\/centro-de-espectaculos-360\/2022\/06\/18<\/a>\u00a0y en taquillas del inmueble<\/i><\/b><\/p>\n<p><b><i>*M\u00e1s informaci\u00f3n y reservaciones en el 55 5503 0399 y en\u00a0<a href=\"https:\/\/puntourbano.com.mx\/\" target=\"_blank\" rel=\"noopener noreferrer\" data-auth=\"NotApplicable\" data-linkindex=\"4\">https:\/\/puntourbano.com.mx\/<\/a><\/i><\/b><\/p>\n<p><b>El cantante mexicano Alfredo R\u00edos, m\u00e1s conocido como El Komander, ofrecer\u00e1 el pr\u00f3ximo S\u00e1bado 18 de Junio de 2022 en las instalaciones del nuevo Foro Punto Urbano (antes Foro 360) ubicado en Boulevard Toluca No. 115 esquina con Perif\u00e9rico Boulevard Manuel \u00c1vila Camacho un esperado concierto, en el que har\u00e1 un recorrido por toda su brillante carrera musical que lo ha destacado como el m\u00e1ximo exponente de la m\u00fasica alterada, para deleite de una fanaticada que lo hab\u00eda estado esperando. En este recital, \u201cEl Komander\u201d aprovechar\u00e1 para presentar dos de sus m\u00e1s recientes temas que han sido extraordinariamente bien recibidos por el p\u00fablico, como es el caso de \u201cNada me hace falta\u201d y \u201cDescansa mi amor\u201d, este \u00faltimo dedicado a la joven Debanhi Escobar de 18 a\u00f1os, recientemente fallecida y para honrar a todas las mujeres desaparecidas.<\/b><\/p>\n<p><b>El Komander ha conmocionado M\u00e9xico y Estados Unidos con la interpretaci\u00f3n de famosos temas como son \u201cEstrategias de escape\u201d, \u201cSoy de rancho\u201d, \u201cRanchero y gallardo\u201d, El Papel cambi\u00f3\u201d, entre muchos otros. De este modo en su presentaci\u00f3n en el nuevo Foro Punto Urbano, que viene a mejorar el gran papel y log\u00edstica de primer orden que ya imperaba en el anteriormente denominado como Foro 360, incorporar\u00e1 los g\u00e9neros de corrido, banda y norte\u00f1o que se har\u00e1n presentes al empezar la noche para deleite de los miles de admiradores que siguen a este cantante originario de Culiac\u00e1n, Sinaloa. Durante el concierto, El Komander presentar\u00e1 su nuevo sencillo \u201cNada me hace falta\u201d, adem\u00e1s de \u201cDescansa mi amor\u201d que aunque ya hab\u00eda tenido su lanzamiento hace 7 a\u00f1os, el cantante ha decidido retomar para homenajear a las mujeres desaparecidas.<\/b><\/p>\n<p><b>El Komander es con mucho, el artista m\u00e1s sobresaliente de aquellos que se han denominado del Movimiento Alterado y que est\u00e1n causando fuerte impacto en todo el mundo, pero ahora mismo se encuentra en una nueva etapa musical en la cual sus temas abordan situaciones de amor y desamor, parrandas y situaciones que vive cualquier persona, conserva intacta su pasi\u00f3n por los caballos y entre sus favoritos destacan Coronel y Capricho. Es adem\u00e1s uno de los artistas de regional mexicano con mayor penetraci\u00f3n en sus redes sociales millonarias que ha validado medios como Bandamax que le otorg\u00f3 en el 2014 justamente el reconocimiento como el Artista m\u00e1s Influyente en Redes Sociales, entre otros.<\/b><\/p>\n<p><b>Los asistentes a este concierto adem\u00e1s tendr\u00e1n el privilegio de conocer la nueva cara de Punto Urbano, el nuevo concepto que mejore por mucho lo que anteriormente era conocido como Foro 360, con un servicio integral que ofrece alt\u00edsimas experiencias para los asistentes que abarcan desde el dise\u00f1o y conceptualizaci\u00f3n del entorno para un evento, hasta la realizaci\u00f3n y operaci\u00f3n que actualmente no ofrece ning\u00fan recinto en la Ciudad de M\u00e9xico y estado de M\u00e9xico, en el que se obtiene vista privilegiada desde cualquier punto, con una infraestructura audiovisual \u00fanica y una atenci\u00f3n de primer nivel que lo ha convertido hasta el momento, en uno de los puntos neur\u00e1lgicos de moda de primer nivel en la zona norte de la capital mexicana.<\/b><\/p>\n<p><b>Alfredo R\u00edos \u201cEl Komander\u201d, ofrecer\u00e1 el pr\u00f3ximo S\u00e1bado 18 de Junio de 2022 en las instalaciones del nuevo Foro Punto Urbano (antes Foro 360) ubicado en Boulevard Toluca No. 115 esquina con Perif\u00e9rico Boulevard Manuel \u00c1vila Camacho un esperado concierto, en el que har\u00e1 un recorrido por toda su brillante carrera musical. Boletos a la venta en el Sistema Taquilla Cero en\u00a0<a href=\"https:\/\/taquillacero.com\/alfredo-rios-el-komander\/centro-de-espectaculos-360\/2022\/06\/18\" target=\"_blank\" rel=\"noopener noreferrer\" data-auth=\"NotApplicable\" data-linkindex=\"5\">https:\/\/taquillacero.com\/alfredo-rios-el-komander\/centro-de-espectaculos-360\/2022\/06\/18<\/a>\u00a0y en taquillas del inmueble. M\u00e1s informaci\u00f3n y reservaciones en el 55 5503 0399 y en\u00a0<a href=\"https:\/\/puntourbano.com.mx\/\" target=\"_blank\" rel=\"noopener noreferrer\" data-auth=\"NotApplicable\" data-linkindex=\"6\">https:\/\/puntourbano.com.mx\/<\/a><\/b><\/p>\n<p>[\/fusion_text][fusion_imageframe image_id=&#8221;44115|medium&#8221; max_width=&#8221;&#8221; style_type=&#8221;&#8221; blur=&#8221;&#8221; stylecolor=&#8221;&#8221; hover_type=&#8221;none&#8221; bordersize=&#8221;&#8221; bordercolor=&#8221;&#8221; borderradius=&#8221;&#8221; align=&#8221;none&#8221; lightbox=&#8221;no&#8221; gallery_id=&#8221;&#8221; lightbox_image=&#8221;&#8221; lightbox_image_id=&#8221;&#8221; alt=&#8221;&#8221; link=&#8221;&#8221; linktarget=&#8221;_self&#8221; hide_on_mobile=&#8221;small-visibility,medium-visibility,large-visibility&#8221; class=&#8221;&#8221; id=&#8221;&#8221; animation_type=&#8221;&#8221; animation_direction=&#8221;left&#8221; animation_speed=&#8221;0.3&#8243; animation_offset=&#8221;&#8221;]https:\/\/www.bitacoracdmx.com\/wp-content\/uploads\/2022\/05\/descargar-2022-05-05T233414.100-300&#215;200.png[\/fusion_imageframe][\/fusion_builder_column][\/fusion_builder_row][\/fusion_builder_container]<\/p>\n","protected":false},"excerpt":{"rendered":"<p>[fusion_builder_container hundred_percent=&#8221;no&#8221; equal_height_columns=&#8221;no&#8221; menu_anchor=&#8221;&#8221; hide_on_mobile=&#8221;small-visibility,medium-visibility,large-visibility&#8221; class=&#8221;&#8221; id=&#8221;&#8221; background_color=&#8221;&#8221; background_image=&#8221;&#8221; background_position=&#8221;center center&#8221; background_repeat=&#8221;no-repeat&#8221; fade=&#8221;no&#8221; background_parallax=&#8221;none&#8221; parallax_speed=&#8221;0.3&#8243; video_mp4=&#8221;&#8221; video_webm=&#8221;&#8221; video_ogv=&#8221;&#8221; video_url=&#8221;&#8221; video_aspect_ratio=&#8221;16:9&#8243; video_loop=&#8221;yes&#8221; video_mute=&#8221;yes&#8221; overlay_color=&#8221;&#8221; video_preview_image=&#8221;&#8221; border_size=&#8221;&#8221; border_color=&#8221;&#8221; border_style=&#8221;solid&#8221; padding_top=&#8221;&#8221; padding_bottom=&#8221;&#8221; padding_left=&#8221;&#8221; padding_right=&#8221;&#8221;][fusion_builder_row][fusion_builder_column type=&#8221;1_1&#8243; layout=&#8221;1_1&#8243; background_position=&#8221;left top&#8221; background_color=&#8221;&#8221; border_size=&#8221;&#8221; border_color=&#8221;&#8221; border_style=&#8221;solid&#8221; border_position=&#8221;all&#8221; spacing=&#8221;yes&#8221; background_image=&#8221;&#8221; background_repeat=&#8221;no-repeat&#8221; padding_top=&#8221;&#8221; padding_right=&#8221;&#8221; padding_bottom=&#8221;&#8221; padding_left=&#8221;&#8221; margin_top=&#8221;0px&#8221; margin_bottom=&#8221;0px&#8221; class=&#8221;&#8221; id=&#8221;&#8221; animation_type=&#8221;&#8221; animation_speed=&#8221;0.3&#8243; animation_direction=&#8221;left&#8221; hide_on_mobile=&#8221;small-visibility,medium-visibility,large-visibility&#8221; center_content=&#8221;no&#8221; last=&#8221;no&#8221; min_height=&#8221;&#8221; hover_type=&#8221;none&#8221; link=&#8221;&#8221;][fusion_text] REDACCI\u00d3N *El esperado concierto se llevar\u00e1 a cabo el S\u00e1bado 18 de Junio de 2022 en las instalaciones del nuevo Foro Punto Urbano (antes Foro 360) ubicado en Boulevard Toluca No. 115 esquina con Perif\u00e9rico Boulevard Manuel \u00c1vila Camacho *Boletos [&hellip;]<\/p>\n","protected":false},"author":1,"featured_media":44115,"comment_status":"open","ping_status":"open","sticky":false,"template":"","format":"standard","meta":{"footnotes":""},"categories":[9,11],"tags":[],"_links":{"self":[{"href":"https:\/\/www.bitacoracdmx.com\/index.php?rest_route=\/wp\/v2\/posts\/44114"}],"collection":[{"href":"https:\/\/www.bitacoracdmx.com\/index.php?rest_route=\/wp\/v2\/posts"}],"about":[{"href":"https:\/\/www.bitacoracdmx.com\/index.php?rest_route=\/wp\/v2\/types\/post"}],"author":[{"embeddable":true,"href":"https:\/\/www.bitacoracdmx.com\/index.php?rest_route=\/wp\/v2\/users\/1"}],"replies":[{"embeddable":true,"href":"https:\/\/www.bitacoracdmx.com\/index.php?rest_route=%2Fwp%2Fv2%2Fcomments&post=44114"}],"version-history":[{"count":1,"href":"https:\/\/www.bitacoracdmx.com\/index.php?rest_route=\/wp\/v2\/posts\/44114\/revisions"}],"predecessor-version":[{"id":44116,"href":"https:\/\/www.bitacoracdmx.com\/index.php?rest_route=\/wp\/v2\/posts\/44114\/revisions\/44116"}],"wp:featuredmedia":[{"embeddable":true,"href":"https:\/\/www.bitacoracdmx.com\/index.php?rest_route=\/wp\/v2\/media\/44115"}],"wp:attachment":[{"href":"https:\/\/www.bitacoracdmx.com\/index.php?rest_route=%2Fwp%2Fv2%2Fmedia&parent=44114"}],"wp:term":[{"taxonomy":"category","embeddable":true,"href":"https:\/\/www.bitacoracdmx.com\/index.php?rest_route=%2Fwp%2Fv2%2Fcategories&post=44114"},{"taxonomy":"post_tag","embeddable":true,"href":"https:\/\/www.bitacoracdmx.com\/index.php?rest_route=%2Fwp%2Fv2%2Ftags&post=44114"}],"curies":[{"name":"wp","href":"https:\/\/api.w.org\/{rel}","templated":true}]}}