{"id":44161,"date":"2022-05-10T01:06:44","date_gmt":"2022-05-10T01:06:44","guid":{"rendered":"https:\/\/www.bitacoracdmx.com\/?p=44161"},"modified":"2022-05-10T01:06:44","modified_gmt":"2022-05-10T01:06:44","slug":"raro-ejemplar-fotografico-de-graciela-iturbide-sobre-avandaro-sale-a-subasta-en-morton","status":"publish","type":"post","link":"https:\/\/www.bitacoracdmx.com\/?p=44161","title":{"rendered":"Raro ejemplar fotogr\u00e1fico de Graciela Iturbide sobre Av\u00e1ndaro sale a subasta en Morton"},"content":{"rendered":"<p>[fusion_builder_container hundred_percent=&#8221;no&#8221; equal_height_columns=&#8221;no&#8221; menu_anchor=&#8221;&#8221; hide_on_mobile=&#8221;small-visibility,medium-visibility,large-visibility&#8221; class=&#8221;&#8221; id=&#8221;&#8221; background_color=&#8221;&#8221; background_image=&#8221;&#8221; background_position=&#8221;center center&#8221; background_repeat=&#8221;no-repeat&#8221; fade=&#8221;no&#8221; background_parallax=&#8221;none&#8221; parallax_speed=&#8221;0.3&#8243; video_mp4=&#8221;&#8221; video_webm=&#8221;&#8221; video_ogv=&#8221;&#8221; video_url=&#8221;&#8221; video_aspect_ratio=&#8221;16:9&#8243; video_loop=&#8221;yes&#8221; video_mute=&#8221;yes&#8221; overlay_color=&#8221;&#8221; video_preview_image=&#8221;&#8221; border_size=&#8221;&#8221; border_color=&#8221;&#8221; border_style=&#8221;solid&#8221; padding_top=&#8221;&#8221; padding_bottom=&#8221;&#8221; padding_left=&#8221;&#8221; padding_right=&#8221;&#8221;][fusion_builder_row][fusion_builder_column type=&#8221;1_1&#8243; layout=&#8221;1_1&#8243; background_position=&#8221;left top&#8221; background_color=&#8221;&#8221; border_size=&#8221;&#8221; border_color=&#8221;&#8221; border_style=&#8221;solid&#8221; border_position=&#8221;all&#8221; spacing=&#8221;yes&#8221; background_image=&#8221;&#8221; background_repeat=&#8221;no-repeat&#8221; padding_top=&#8221;&#8221; padding_right=&#8221;&#8221; padding_bottom=&#8221;&#8221; padding_left=&#8221;&#8221; margin_top=&#8221;0px&#8221; margin_bottom=&#8221;0px&#8221; class=&#8221;&#8221; id=&#8221;&#8221; animation_type=&#8221;&#8221; animation_speed=&#8221;0.3&#8243; animation_direction=&#8221;left&#8221; hide_on_mobile=&#8221;small-visibility,medium-visibility,large-visibility&#8221; center_content=&#8221;no&#8221; last=&#8221;no&#8221; min_height=&#8221;&#8221; hover_type=&#8221;none&#8221; link=&#8221;&#8221;][fusion_text]<\/p>\n<p>REDACCI\u00d3N<\/p>\n<p>Graciela Iturbide (Ciudad de M\u00e9xico, 1942) es, sin dudarlo, una de las artistas vivas m\u00e1s reconocidas tanto a nivel nacional como internacional.\u00a0<strong>Su obra ha sido premiada, y su figura es sin\u00f3nimo de trayectoria y calidad. El pr\u00f3ximo jueves\u00a0 19 de mayo a las 17:00 horas, Morton subastar\u00e1 un ejemplar del fotolibro que consagr\u00f3 su trabajo y la posicion\u00f3 a la categor\u00eda de artista de la lente.<\/strong><br aria-hidden=\"true\" \/><br aria-hidden=\"true\" \/>Se trata del lote 76, el cual consta de un ejemplar de Av\u00e1ndaro, un fotolibro que revela distintas escenas del hist\u00f3rico festival, comentado por el cineasta Luis Carri\u00f3n y cuya existencia rara y escasa lo convierten en un objeto art\u00edstico de valor inmensurable.<\/p>\n<p>En el festival de rock m\u00e1s trascendente para la contracultura latinoamericana, Graciela Iturbide dio sus primeros pasos como fot\u00f3grafa profesional.<\/p>\n<p>Corr\u00eda el a\u00f1o de 1970 y pocos meses antes, mientras era alumna de Manuel \u00c1lvarez Bravo en el Centro Universitario de Estudios Cinematogr\u00e1ficos de la UNAM, Graciela Iturbide se dio cuenta de que, m\u00e1s que el cine le interesaba la fotograf\u00eda. Se hizo asistente de Manuel, recorri\u00f3 distintas partes de M\u00e9xico con su maestro y hacia finales de 1971 dej\u00f3 salir su propio talento.<\/p>\n<p>Entre el 11 y el 12 de septiembre de 1971, Junto a Luis Carri\u00f3n y Jorge Fons, Iturbide acudi\u00f3 inesperadamente al Festival de Rock y Ruedas Av\u00e1ndaro en Valle de Bravo, considerado el Woodstock mexicano, la prensa se hab\u00eda empe\u00f1ado en divulgar que se trataba de un lugar de depravaci\u00f3n y degeneraci\u00f3n. Pero al llegar y presenciar lo que suced\u00eda ah\u00ed, con un p\u00fablico ntre 100 mil y 500 mil personas, Graciela se dio cuenta que esa generaci\u00f3n enga\u00f1ada y decepcionada s\u00f3lo quer\u00eda paz. La a\u00fan estudiante llevaba 15 o 20 rollos la mayor\u00eda en blanco y negro y algunos a color.<br aria-hidden=\"true\" \/><br aria-hidden=\"true\" \/>Graciela se qued\u00f3 hasta el final y durante el festival logr\u00f3 captar im\u00e1genes que daban cuenta de la euforia y los deseos de toda una generaci\u00f3n que odiaba la guerra y amaba a la tierra.<\/p>\n<p>En el fotolibro Av\u00e1ndaro compilado por Editorial Di\u00f3genes se incluyeron 45 fotograf\u00edas en blanco y negro que marcan el inicio del estilo intimista que se convertir\u00eda en el sello personal de la artista y un legado visual del evento. El estilo gr\u00e1fico del volumen estuvo a cargo de Antonio Serna, colaborador de Vicente Rojo, quien manipul\u00f3 las im\u00e1genes con poderosos contrastes.<\/p>\n<p>El fotolibro, pr\u00e1cticamente inexistente en stands estar\u00e1 en la subasta de Obra Gr\u00e1fica y Fotogr\u00e1fica Impronta del Trazo Social de Morton<br aria-hidden=\"true\" \/><br aria-hidden=\"true\" \/>La cita es el pr\u00f3ximo jueves\u00a0<strong>19\u00a0<\/strong>de mayo a las\u00a0<strong>17:00<\/strong>\u00a0horas en\u00a0<strong>Cerro Mayka 115<\/strong>, Lomas de Chapultepec.<\/p>\n<p>[\/fusion_text][fusion_imageframe image_id=&#8221;44162|medium&#8221; max_width=&#8221;&#8221; style_type=&#8221;&#8221; blur=&#8221;&#8221; stylecolor=&#8221;&#8221; hover_type=&#8221;none&#8221; bordersize=&#8221;&#8221; bordercolor=&#8221;&#8221; borderradius=&#8221;&#8221; align=&#8221;none&#8221; lightbox=&#8221;no&#8221; gallery_id=&#8221;&#8221; lightbox_image=&#8221;&#8221; lightbox_image_id=&#8221;&#8221; alt=&#8221;&#8221; link=&#8221;&#8221; linktarget=&#8221;_self&#8221; hide_on_mobile=&#8221;small-visibility,medium-visibility,large-visibility&#8221; class=&#8221;&#8221; id=&#8221;&#8221; animation_type=&#8221;&#8221; animation_direction=&#8221;left&#8221; animation_speed=&#8221;0.3&#8243; animation_offset=&#8221;&#8221;]https:\/\/www.bitacoracdmx.com\/wp-content\/uploads\/2022\/05\/mosaico-210&#215;300.png[\/fusion_imageframe][\/fusion_builder_column][\/fusion_builder_row][\/fusion_builder_container]<\/p>\n","protected":false},"excerpt":{"rendered":"<p>[fusion_builder_container hundred_percent=&#8221;no&#8221; equal_height_columns=&#8221;no&#8221; menu_anchor=&#8221;&#8221; hide_on_mobile=&#8221;small-visibility,medium-visibility,large-visibility&#8221; class=&#8221;&#8221; id=&#8221;&#8221; background_color=&#8221;&#8221; background_image=&#8221;&#8221; background_position=&#8221;center center&#8221; background_repeat=&#8221;no-repeat&#8221; fade=&#8221;no&#8221; background_parallax=&#8221;none&#8221; parallax_speed=&#8221;0.3&#8243; video_mp4=&#8221;&#8221; video_webm=&#8221;&#8221; video_ogv=&#8221;&#8221; video_url=&#8221;&#8221; video_aspect_ratio=&#8221;16:9&#8243; video_loop=&#8221;yes&#8221; video_mute=&#8221;yes&#8221; overlay_color=&#8221;&#8221; video_preview_image=&#8221;&#8221; border_size=&#8221;&#8221; border_color=&#8221;&#8221; border_style=&#8221;solid&#8221; padding_top=&#8221;&#8221; padding_bottom=&#8221;&#8221; padding_left=&#8221;&#8221; padding_right=&#8221;&#8221;][fusion_builder_row][fusion_builder_column type=&#8221;1_1&#8243; layout=&#8221;1_1&#8243; background_position=&#8221;left top&#8221; background_color=&#8221;&#8221; border_size=&#8221;&#8221; border_color=&#8221;&#8221; border_style=&#8221;solid&#8221; border_position=&#8221;all&#8221; spacing=&#8221;yes&#8221; background_image=&#8221;&#8221; background_repeat=&#8221;no-repeat&#8221; padding_top=&#8221;&#8221; padding_right=&#8221;&#8221; padding_bottom=&#8221;&#8221; padding_left=&#8221;&#8221; margin_top=&#8221;0px&#8221; margin_bottom=&#8221;0px&#8221; class=&#8221;&#8221; id=&#8221;&#8221; animation_type=&#8221;&#8221; animation_speed=&#8221;0.3&#8243; animation_direction=&#8221;left&#8221; hide_on_mobile=&#8221;small-visibility,medium-visibility,large-visibility&#8221; center_content=&#8221;no&#8221; last=&#8221;no&#8221; min_height=&#8221;&#8221; hover_type=&#8221;none&#8221; link=&#8221;&#8221;][fusion_text] REDACCI\u00d3N Graciela Iturbide (Ciudad de M\u00e9xico, 1942) es, sin dudarlo, una de las artistas vivas m\u00e1s reconocidas tanto a nivel nacional como internacional.\u00a0Su obra ha sido premiada, y su figura es sin\u00f3nimo de trayectoria y calidad. El pr\u00f3ximo jueves\u00a0 19 [&hellip;]<\/p>\n","protected":false},"author":1,"featured_media":44162,"comment_status":"open","ping_status":"open","sticky":false,"template":"","format":"standard","meta":{"footnotes":""},"categories":[5,9,10,11],"tags":[],"_links":{"self":[{"href":"https:\/\/www.bitacoracdmx.com\/index.php?rest_route=\/wp\/v2\/posts\/44161"}],"collection":[{"href":"https:\/\/www.bitacoracdmx.com\/index.php?rest_route=\/wp\/v2\/posts"}],"about":[{"href":"https:\/\/www.bitacoracdmx.com\/index.php?rest_route=\/wp\/v2\/types\/post"}],"author":[{"embeddable":true,"href":"https:\/\/www.bitacoracdmx.com\/index.php?rest_route=\/wp\/v2\/users\/1"}],"replies":[{"embeddable":true,"href":"https:\/\/www.bitacoracdmx.com\/index.php?rest_route=%2Fwp%2Fv2%2Fcomments&post=44161"}],"version-history":[{"count":1,"href":"https:\/\/www.bitacoracdmx.com\/index.php?rest_route=\/wp\/v2\/posts\/44161\/revisions"}],"predecessor-version":[{"id":44163,"href":"https:\/\/www.bitacoracdmx.com\/index.php?rest_route=\/wp\/v2\/posts\/44161\/revisions\/44163"}],"wp:featuredmedia":[{"embeddable":true,"href":"https:\/\/www.bitacoracdmx.com\/index.php?rest_route=\/wp\/v2\/media\/44162"}],"wp:attachment":[{"href":"https:\/\/www.bitacoracdmx.com\/index.php?rest_route=%2Fwp%2Fv2%2Fmedia&parent=44161"}],"wp:term":[{"taxonomy":"category","embeddable":true,"href":"https:\/\/www.bitacoracdmx.com\/index.php?rest_route=%2Fwp%2Fv2%2Fcategories&post=44161"},{"taxonomy":"post_tag","embeddable":true,"href":"https:\/\/www.bitacoracdmx.com\/index.php?rest_route=%2Fwp%2Fv2%2Ftags&post=44161"}],"curies":[{"name":"wp","href":"https:\/\/api.w.org\/{rel}","templated":true}]}}