{"id":44164,"date":"2022-05-10T01:18:25","date_gmt":"2022-05-10T01:18:25","guid":{"rendered":"https:\/\/www.bitacoracdmx.com\/?p=44164"},"modified":"2022-05-10T01:18:25","modified_gmt":"2022-05-10T01:18:25","slug":"celebraran-homenaje-a-juan-gabriel-en-el-teatro-metropolitan-con-la-presencia-de-jaime-varela-bajo-el-concepto-el-divo-siempre-vivo-2","status":"publish","type":"post","link":"https:\/\/www.bitacoracdmx.com\/?p=44164","title":{"rendered":"Celebrar\u00e1n homenaje a JUAN GABRIEL en el Teatro METROPOLITAN con la presencia de JAIME VARELA bajo el concepto \u201cEL DIVO, SIEMPRE VIVO\u201d"},"content":{"rendered":"<p>[fusion_builder_container hundred_percent=&#8221;no&#8221; equal_height_columns=&#8221;no&#8221; menu_anchor=&#8221;&#8221; hide_on_mobile=&#8221;small-visibility,medium-visibility,large-visibility&#8221; class=&#8221;&#8221; id=&#8221;&#8221; background_color=&#8221;&#8221; background_image=&#8221;&#8221; background_position=&#8221;center center&#8221; background_repeat=&#8221;no-repeat&#8221; fade=&#8221;no&#8221; background_parallax=&#8221;none&#8221; parallax_speed=&#8221;0.3&#8243; video_mp4=&#8221;&#8221; video_webm=&#8221;&#8221; video_ogv=&#8221;&#8221; video_url=&#8221;&#8221; video_aspect_ratio=&#8221;16:9&#8243; video_loop=&#8221;yes&#8221; video_mute=&#8221;yes&#8221; overlay_color=&#8221;&#8221; video_preview_image=&#8221;&#8221; border_size=&#8221;&#8221; border_color=&#8221;&#8221; border_style=&#8221;solid&#8221; padding_top=&#8221;&#8221; padding_bottom=&#8221;&#8221; padding_left=&#8221;&#8221; padding_right=&#8221;&#8221;][fusion_builder_row][fusion_builder_column type=&#8221;1_1&#8243; layout=&#8221;1_1&#8243; background_position=&#8221;left top&#8221; background_color=&#8221;&#8221; border_size=&#8221;&#8221; border_color=&#8221;&#8221; border_style=&#8221;solid&#8221; border_position=&#8221;all&#8221; spacing=&#8221;yes&#8221; background_image=&#8221;&#8221; background_repeat=&#8221;no-repeat&#8221; padding_top=&#8221;&#8221; padding_right=&#8221;&#8221; padding_bottom=&#8221;&#8221; padding_left=&#8221;&#8221; margin_top=&#8221;0px&#8221; margin_bottom=&#8221;0px&#8221; class=&#8221;&#8221; id=&#8221;&#8221; animation_type=&#8221;&#8221; animation_speed=&#8221;0.3&#8243; animation_direction=&#8221;left&#8221; hide_on_mobile=&#8221;small-visibility,medium-visibility,large-visibility&#8221; center_content=&#8221;no&#8221; last=&#8221;no&#8221; min_height=&#8221;&#8221; hover_type=&#8221;none&#8221; link=&#8221;&#8221;][fusion_text]<\/p>\n<p>REDACCI\u00d3N<\/p>\n<p><i>*El show se llevar\u00e1 a cabo el pr\u00f3ximo Domingo 15 de Mayo a partir de las 6 de la tarde en el Teatro Metropolitan<\/i><\/p>\n<p><i>*Boletos a la venta en el Sistema Ticketmaster y en taquillas del Teatro Metrop\u00f3litan<\/i><\/p>\n<p>El cantante e imitador m\u00e1s reconocido de Juan Gabriel, Jaime Varela, llega por fin al Teatro Metropolitan para presentar &#8220;El Divo siempre Vivo&#8221;, en un espect\u00e1culo que servir\u00e1 tambi\u00e9n de homenaje a Alberto Aguilera mejor conocido como Juan Gabriel, en lo que No es para nada un improvisado, pues llega tras una gran experiencia pues se integr\u00f3 a la compa\u00f1\u00eda que acompa\u00f1aba a Juan Gabriel en giras, teniendo varios a\u00f1os imit\u00e1ndolo en sitios emblem\u00e1ticos como M\u00e9xico T\u00edpico, Guadalajara de Noche y el Santa Cecilia de Garibaldi. El show-homenaje se llevar\u00e1 a cabo el pr\u00f3ximo Domingo 15 de Mayo a partir de las 6 de la tarde en el Teatro Metrop\u00f3litan contando con la presencia estelar adem\u00e1s de Los Solitarios, Mar\u00eda Elena Leal Beltr\u00e1n \u00a0y los Tres de M\u00e9xico, en lo que supone una grata velada llena de buena m\u00fasica.<\/p>\n<p>El concepto de homenaje a Juan Gabriel \u201cRecreando al Divo\u201d es definitivamente la recreaci\u00f2n y el tributo a Juan Gabriel mas importante y fiel de los \u00faltimos tiempos, encarnado y representado por Jaime Varela, que celebra con esta representaci\u00f3n sus 34 A\u00f1os de trayectoria arty\u00edstica. Este espect\u00e1culo es una r\u00e9plica autentificada y aprobada en vida por el mismo gran artista Juan Gabriel, ya que Jaime Varela colabor\u00f3 como corista durante 7 a\u00f1os, de ah\u00ed su profundo conocimiento del cantautor michoacano sobre el desarrollo esc\u00e9nico y musical en el escenario.<\/p>\n<p>Lo que ver\u00e1 el p\u00fablico asistente al Metrop\u00f3litan el pr\u00f3ximo Domingo 15 de Mayo no es una imitaci\u00f3n, es una recreaci\u00f3n donde la diferencia es la interpretaci\u00f3n y semejanza de Jaime Varela la cual son tan exactas que esto lo llev\u00f3 a participar en una serie biogr\u00e1fica sobre Juan Gabriel, asimismo, lleg\u00f3 a presentar varios conciertos con la Orquesta Sinf\u00f3nica de Costa Rica. Este Tributo es lo m\u00e1s cercano en donde cualquiera podr\u00e1 revivir los mejores momentos musicales con El Divo de Ju\u00e1rez, con una orquesta de m\u00e1s de 30 m\u00fasicos en escena, algunos de los cuales compartieron escenario con el genio michoacano as\u00ed como un despliegue de cantantes, bailarines y mariachi todo envuelto en un gran show multimedia y efectos visuales.<\/p>\n<p>Recreando al Divo es un espect\u00e1culo de clase mundial para toda la familia, en el que Jaime Varela har\u00e1 que el p\u00fablico baile, cante, llore y se emocione a lo grande como cualquiera que haya asistido a un concierto del m\u00e1s querido Juan Gabriel que se esperar\u00eda. Una oportunidad \u00fanica en la que nadie puede dudar de su calidad al paso de los a\u00f1os, pues Jaime Varela se ha ganado el respeto y una presencia \u00fanica dentro del espect\u00e1culo. Pero hoy por hoy, este m\u00fasico, compositor, actor, cantante y recreador va con todo para mantener vivo el arte y la m\u00fasica de uno de los exponentes m\u00e1s importantes de M\u00e9xico y del mundo como es Juan Gabriel. Aunque lleva tres d\u00e9cadas imitando a Juan Gabriel, ahora el reto es mayor. El conf\u00eda en poder seguir gan\u00e1ndose el cari\u00f1o del p\u00fablico. Con un gran respeto y admiraci\u00f3n y el Teatro Metrop\u00f3litan ser\u00e1 la mejor de las muestras de ello.<\/p>\n<p>El cantante e imitador m\u00e1s reconocido de Juan Gabriel, Jaime Varela, llega por fin al Teatro Metropolitan para presentar &#8220;El Divo siempre Vivo&#8221;, en un espect\u00e1culo que servir\u00e1 tambi\u00e9n de homenaje a Alberto Aguilera mejor conocido como Juan Gabriel el pr\u00f3ximo Domingo 15 de Mayo a partir de las 6 de la tarde en el Teatro Metropolitan, contando con la presencia estelar adem\u00e1s de Los Solitarios, Mar\u00eda Elena Leal Beltr\u00e1n \u00a0y los Tres de M\u00e9xico, en lo que supone una grata velada llena de buena m\u00fasica. Boletos a la venta en el Sistema Ticketmaster y en taquillas del Teatro Metrop\u00f3litan.<\/p>\n<p>[\/fusion_text][fusion_imageframe image_id=&#8221;44165|medium&#8221; max_width=&#8221;&#8221; style_type=&#8221;&#8221; blur=&#8221;&#8221; stylecolor=&#8221;&#8221; hover_type=&#8221;none&#8221; bordersize=&#8221;&#8221; bordercolor=&#8221;&#8221; borderradius=&#8221;&#8221; align=&#8221;none&#8221; lightbox=&#8221;no&#8221; gallery_id=&#8221;&#8221; lightbox_image=&#8221;&#8221; lightbox_image_id=&#8221;&#8221; alt=&#8221;&#8221; link=&#8221;&#8221; linktarget=&#8221;_self&#8221; hide_on_mobile=&#8221;small-visibility,medium-visibility,large-visibility&#8221; class=&#8221;&#8221; id=&#8221;&#8221; animation_type=&#8221;&#8221; animation_direction=&#8221;left&#8221; animation_speed=&#8221;0.3&#8243; animation_offset=&#8221;&#8221;]https:\/\/www.bitacoracdmx.com\/wp-content\/uploads\/2022\/05\/JAIME-VARELA-ABRIL-2022-METROPOLITAN-CARTEL-1-300&#215;169.jpg[\/fusion_imageframe][\/fusion_builder_column][\/fusion_builder_row][\/fusion_builder_container]<\/p>\n","protected":false},"excerpt":{"rendered":"<p>[fusion_builder_container hundred_percent=&#8221;no&#8221; equal_height_columns=&#8221;no&#8221; menu_anchor=&#8221;&#8221; hide_on_mobile=&#8221;small-visibility,medium-visibility,large-visibility&#8221; class=&#8221;&#8221; id=&#8221;&#8221; background_color=&#8221;&#8221; background_image=&#8221;&#8221; background_position=&#8221;center center&#8221; background_repeat=&#8221;no-repeat&#8221; fade=&#8221;no&#8221; background_parallax=&#8221;none&#8221; parallax_speed=&#8221;0.3&#8243; video_mp4=&#8221;&#8221; video_webm=&#8221;&#8221; video_ogv=&#8221;&#8221; video_url=&#8221;&#8221; video_aspect_ratio=&#8221;16:9&#8243; video_loop=&#8221;yes&#8221; video_mute=&#8221;yes&#8221; overlay_color=&#8221;&#8221; video_preview_image=&#8221;&#8221; border_size=&#8221;&#8221; border_color=&#8221;&#8221; border_style=&#8221;solid&#8221; padding_top=&#8221;&#8221; padding_bottom=&#8221;&#8221; padding_left=&#8221;&#8221; padding_right=&#8221;&#8221;][fusion_builder_row][fusion_builder_column type=&#8221;1_1&#8243; layout=&#8221;1_1&#8243; background_position=&#8221;left top&#8221; background_color=&#8221;&#8221; border_size=&#8221;&#8221; border_color=&#8221;&#8221; border_style=&#8221;solid&#8221; border_position=&#8221;all&#8221; spacing=&#8221;yes&#8221; background_image=&#8221;&#8221; background_repeat=&#8221;no-repeat&#8221; padding_top=&#8221;&#8221; padding_right=&#8221;&#8221; padding_bottom=&#8221;&#8221; padding_left=&#8221;&#8221; margin_top=&#8221;0px&#8221; margin_bottom=&#8221;0px&#8221; class=&#8221;&#8221; id=&#8221;&#8221; animation_type=&#8221;&#8221; animation_speed=&#8221;0.3&#8243; animation_direction=&#8221;left&#8221; hide_on_mobile=&#8221;small-visibility,medium-visibility,large-visibility&#8221; center_content=&#8221;no&#8221; last=&#8221;no&#8221; min_height=&#8221;&#8221; hover_type=&#8221;none&#8221; link=&#8221;&#8221;][fusion_text] REDACCI\u00d3N *El show se llevar\u00e1 a cabo el pr\u00f3ximo Domingo 15 de Mayo a partir de las 6 de la tarde en el Teatro Metropolitan *Boletos a la venta en el Sistema Ticketmaster y en taquillas del Teatro Metrop\u00f3litan El [&hellip;]<\/p>\n","protected":false},"author":1,"featured_media":44165,"comment_status":"open","ping_status":"open","sticky":false,"template":"","format":"standard","meta":{"footnotes":""},"categories":[9,11],"tags":[],"_links":{"self":[{"href":"https:\/\/www.bitacoracdmx.com\/index.php?rest_route=\/wp\/v2\/posts\/44164"}],"collection":[{"href":"https:\/\/www.bitacoracdmx.com\/index.php?rest_route=\/wp\/v2\/posts"}],"about":[{"href":"https:\/\/www.bitacoracdmx.com\/index.php?rest_route=\/wp\/v2\/types\/post"}],"author":[{"embeddable":true,"href":"https:\/\/www.bitacoracdmx.com\/index.php?rest_route=\/wp\/v2\/users\/1"}],"replies":[{"embeddable":true,"href":"https:\/\/www.bitacoracdmx.com\/index.php?rest_route=%2Fwp%2Fv2%2Fcomments&post=44164"}],"version-history":[{"count":1,"href":"https:\/\/www.bitacoracdmx.com\/index.php?rest_route=\/wp\/v2\/posts\/44164\/revisions"}],"predecessor-version":[{"id":44166,"href":"https:\/\/www.bitacoracdmx.com\/index.php?rest_route=\/wp\/v2\/posts\/44164\/revisions\/44166"}],"wp:featuredmedia":[{"embeddable":true,"href":"https:\/\/www.bitacoracdmx.com\/index.php?rest_route=\/wp\/v2\/media\/44165"}],"wp:attachment":[{"href":"https:\/\/www.bitacoracdmx.com\/index.php?rest_route=%2Fwp%2Fv2%2Fmedia&parent=44164"}],"wp:term":[{"taxonomy":"category","embeddable":true,"href":"https:\/\/www.bitacoracdmx.com\/index.php?rest_route=%2Fwp%2Fv2%2Fcategories&post=44164"},{"taxonomy":"post_tag","embeddable":true,"href":"https:\/\/www.bitacoracdmx.com\/index.php?rest_route=%2Fwp%2Fv2%2Ftags&post=44164"}],"curies":[{"name":"wp","href":"https:\/\/api.w.org\/{rel}","templated":true}]}}