{"id":44167,"date":"2022-05-10T01:42:06","date_gmt":"2022-05-10T01:42:06","guid":{"rendered":"https:\/\/www.bitacoracdmx.com\/?p=44167"},"modified":"2022-05-10T01:42:06","modified_gmt":"2022-05-10T01:42:06","slug":"se-inaugura-en-tlahuac-punto-encuentra-un-centro-dedeporte-arte-y-cultura","status":"publish","type":"post","link":"https:\/\/www.bitacoracdmx.com\/?p=44167","title":{"rendered":"Se inaugura en Tl\u00e1huac PUNTO ENCUENTRA, un Centro de\tDeporte, Arte y Cultura."},"content":{"rendered":"<p>[fusion_builder_container hundred_percent=&#8221;no&#8221; equal_height_columns=&#8221;no&#8221; menu_anchor=&#8221;&#8221; hide_on_mobile=&#8221;small-visibility,medium-visibility,large-visibility&#8221; class=&#8221;&#8221; id=&#8221;&#8221; background_color=&#8221;&#8221; background_image=&#8221;&#8221; background_position=&#8221;center center&#8221; background_repeat=&#8221;no-repeat&#8221; fade=&#8221;no&#8221; background_parallax=&#8221;none&#8221; parallax_speed=&#8221;0.3&#8243; video_mp4=&#8221;&#8221; video_webm=&#8221;&#8221; video_ogv=&#8221;&#8221; video_url=&#8221;&#8221; video_aspect_ratio=&#8221;16:9&#8243; video_loop=&#8221;yes&#8221; video_mute=&#8221;yes&#8221; overlay_color=&#8221;&#8221; video_preview_image=&#8221;&#8221; border_size=&#8221;&#8221; border_color=&#8221;&#8221; border_style=&#8221;solid&#8221; padding_top=&#8221;&#8221; padding_bottom=&#8221;&#8221; padding_left=&#8221;&#8221; padding_right=&#8221;&#8221;][fusion_builder_row][fusion_builder_column type=&#8221;1_1&#8243; layout=&#8221;1_1&#8243; background_position=&#8221;left top&#8221; background_color=&#8221;&#8221; border_size=&#8221;&#8221; border_color=&#8221;&#8221; border_style=&#8221;solid&#8221; border_position=&#8221;all&#8221; spacing=&#8221;yes&#8221; background_image=&#8221;&#8221; background_repeat=&#8221;no-repeat&#8221; padding_top=&#8221;&#8221; padding_right=&#8221;&#8221; padding_bottom=&#8221;&#8221; padding_left=&#8221;&#8221; margin_top=&#8221;0px&#8221; margin_bottom=&#8221;0px&#8221; class=&#8221;&#8221; id=&#8221;&#8221; animation_type=&#8221;&#8221; animation_speed=&#8221;0.3&#8243; animation_direction=&#8221;left&#8221; hide_on_mobile=&#8221;small-visibility,medium-visibility,large-visibility&#8221; center_content=&#8221;no&#8221; last=&#8221;no&#8221; min_height=&#8221;&#8221; hover_type=&#8221;none&#8221; link=&#8221;&#8221;][fusion_text]<\/p>\n<p>REDACCI\u00d3N<\/p>\n<ul>\n<li>En este sitio se ha creado la primer ESCUELA DEL MEDIO AMBIENTE para aprender el buen manejo de los recursos naturales y alcanzar el desarrollo sustentable de la demarcaci\u00f3n.<\/li>\n<li>Las inscripciones ya est\u00e1n abiertas.<\/li>\n<\/ul>\n<p>La alcald\u00eda de Tl\u00e1huac se ha destacado por recuperar espacios de la demarcaci\u00f3n y convertirlos en sitios seguros, de esparcimiento, educaci\u00f3n y cuidado del medio ambiente, para su comunidad y lugares aleda\u00f1os.<\/p>\n<p>As\u00ed surge PUNTO ENCUENTRA, un centro para quien busca y requiere actividades deportivas, art\u00edsticas, culturales y recreativas; un espacio enfocado al desarrollo humano, que beneficiar\u00e1 especialmente al pueblo y colonias de Tlaltenco, inaugurado por la alcaldesa Berenice Hern\u00e1ndez Calder\u00f3n, el pasado 7 de Mayo, quien hizo hincapi\u00e9 sobre el compromiso inmediato que toda la humanidad debe tener con el cuidado de nuestro planeta y sus recursos, por lo que en este sitio se ha puesto en marcha la primer ESCUELA DE MEDIO AMBIENTE, \u00fanica en su tipo, que contribuir\u00e1 a la transformaci\u00f3n progresiva del manejo de los recursos naturales.<\/p>\n<p>Sus bases educativas conformar\u00e1n una conciencia en las nuevas generaciones y dotar\u00e1n de herramientas que fortalecer\u00e1n el desarrollo de un pensamiento cr\u00edtico y constructivo, para alcanzar el desarrollo sustentable de la demarcaci\u00f3n.<\/p>\n<p>\u201cPara amar y respetar la biodiversidad que se posee, el primer paso es conocerla como patrimonio natural, porque \u2018nadie ama lo que no conoce y no se puede conservar lo que no se ama\u2019, de ah\u00ed nuestro lema \u201cConocer para Conservar\u201d. La educaci\u00f3n ambiental debe darse de manera triangular entre el educador, el ciudadano y la naturaleza\u201d, enfatiz\u00f3.<\/p>\n<p>Hern\u00e1ndez Calder\u00f3n anunci\u00f3 que las inscripciones ya est\u00e1n abiertas y coment\u00f3 que es de suma importancia dotar con herramientas educativas a toda la gente, desde los m\u00e1s peque\u00f1os hasta adultos mayores, a trav\u00e9s de actividades que promuevan el conocimiento, conservaci\u00f3n, la apropiaci\u00f3n y valoraci\u00f3n de la naturaleza.<\/p>\n<p>[\/fusion_text][fusion_imageframe image_id=&#8221;44168|medium&#8221; max_width=&#8221;&#8221; style_type=&#8221;&#8221; blur=&#8221;&#8221; stylecolor=&#8221;&#8221; hover_type=&#8221;none&#8221; bordersize=&#8221;&#8221; bordercolor=&#8221;&#8221; borderradius=&#8221;&#8221; align=&#8221;none&#8221; lightbox=&#8221;no&#8221; gallery_id=&#8221;&#8221; lightbox_image=&#8221;&#8221; lightbox_image_id=&#8221;&#8221; alt=&#8221;&#8221; link=&#8221;&#8221; linktarget=&#8221;_self&#8221; hide_on_mobile=&#8221;small-visibility,medium-visibility,large-visibility&#8221; class=&#8221;&#8221; id=&#8221;&#8221; animation_type=&#8221;&#8221; animation_direction=&#8221;left&#8221; animation_speed=&#8221;0.3&#8243; animation_offset=&#8221;&#8221;]https:\/\/www.bitacoracdmx.com\/wp-content\/uploads\/2022\/05\/WhatsApp-Image-2022-05-09-at-5.17.42-PM-300&#215;208.jpeg[\/fusion_imageframe][\/fusion_builder_column][\/fusion_builder_row][\/fusion_builder_container]<\/p>\n","protected":false},"excerpt":{"rendered":"<p>[fusion_builder_container hundred_percent=&#8221;no&#8221; equal_height_columns=&#8221;no&#8221; menu_anchor=&#8221;&#8221; hide_on_mobile=&#8221;small-visibility,medium-visibility,large-visibility&#8221; class=&#8221;&#8221; id=&#8221;&#8221; background_color=&#8221;&#8221; background_image=&#8221;&#8221; background_position=&#8221;center center&#8221; background_repeat=&#8221;no-repeat&#8221; fade=&#8221;no&#8221; background_parallax=&#8221;none&#8221; parallax_speed=&#8221;0.3&#8243; video_mp4=&#8221;&#8221; video_webm=&#8221;&#8221; video_ogv=&#8221;&#8221; video_url=&#8221;&#8221; video_aspect_ratio=&#8221;16:9&#8243; video_loop=&#8221;yes&#8221; video_mute=&#8221;yes&#8221; overlay_color=&#8221;&#8221; video_preview_image=&#8221;&#8221; border_size=&#8221;&#8221; border_color=&#8221;&#8221; border_style=&#8221;solid&#8221; padding_top=&#8221;&#8221; padding_bottom=&#8221;&#8221; padding_left=&#8221;&#8221; padding_right=&#8221;&#8221;][fusion_builder_row][fusion_builder_column type=&#8221;1_1&#8243; layout=&#8221;1_1&#8243; background_position=&#8221;left top&#8221; background_color=&#8221;&#8221; border_size=&#8221;&#8221; border_color=&#8221;&#8221; border_style=&#8221;solid&#8221; border_position=&#8221;all&#8221; spacing=&#8221;yes&#8221; background_image=&#8221;&#8221; background_repeat=&#8221;no-repeat&#8221; padding_top=&#8221;&#8221; padding_right=&#8221;&#8221; padding_bottom=&#8221;&#8221; padding_left=&#8221;&#8221; margin_top=&#8221;0px&#8221; margin_bottom=&#8221;0px&#8221; class=&#8221;&#8221; id=&#8221;&#8221; animation_type=&#8221;&#8221; animation_speed=&#8221;0.3&#8243; animation_direction=&#8221;left&#8221; hide_on_mobile=&#8221;small-visibility,medium-visibility,large-visibility&#8221; center_content=&#8221;no&#8221; last=&#8221;no&#8221; min_height=&#8221;&#8221; hover_type=&#8221;none&#8221; link=&#8221;&#8221;][fusion_text] REDACCI\u00d3N En este sitio se ha creado la primer ESCUELA DEL MEDIO AMBIENTE para aprender el buen manejo de los recursos naturales y alcanzar el desarrollo sustentable de la demarcaci\u00f3n. Las inscripciones ya est\u00e1n abiertas. La alcald\u00eda de Tl\u00e1huac se [&hellip;]<\/p>\n","protected":false},"author":1,"featured_media":44168,"comment_status":"open","ping_status":"open","sticky":false,"template":"","format":"standard","meta":{"footnotes":""},"categories":[4,9],"tags":[],"_links":{"self":[{"href":"https:\/\/www.bitacoracdmx.com\/index.php?rest_route=\/wp\/v2\/posts\/44167"}],"collection":[{"href":"https:\/\/www.bitacoracdmx.com\/index.php?rest_route=\/wp\/v2\/posts"}],"about":[{"href":"https:\/\/www.bitacoracdmx.com\/index.php?rest_route=\/wp\/v2\/types\/post"}],"author":[{"embeddable":true,"href":"https:\/\/www.bitacoracdmx.com\/index.php?rest_route=\/wp\/v2\/users\/1"}],"replies":[{"embeddable":true,"href":"https:\/\/www.bitacoracdmx.com\/index.php?rest_route=%2Fwp%2Fv2%2Fcomments&post=44167"}],"version-history":[{"count":2,"href":"https:\/\/www.bitacoracdmx.com\/index.php?rest_route=\/wp\/v2\/posts\/44167\/revisions"}],"predecessor-version":[{"id":44170,"href":"https:\/\/www.bitacoracdmx.com\/index.php?rest_route=\/wp\/v2\/posts\/44167\/revisions\/44170"}],"wp:featuredmedia":[{"embeddable":true,"href":"https:\/\/www.bitacoracdmx.com\/index.php?rest_route=\/wp\/v2\/media\/44168"}],"wp:attachment":[{"href":"https:\/\/www.bitacoracdmx.com\/index.php?rest_route=%2Fwp%2Fv2%2Fmedia&parent=44167"}],"wp:term":[{"taxonomy":"category","embeddable":true,"href":"https:\/\/www.bitacoracdmx.com\/index.php?rest_route=%2Fwp%2Fv2%2Fcategories&post=44167"},{"taxonomy":"post_tag","embeddable":true,"href":"https:\/\/www.bitacoracdmx.com\/index.php?rest_route=%2Fwp%2Fv2%2Ftags&post=44167"}],"curies":[{"name":"wp","href":"https:\/\/api.w.org\/{rel}","templated":true}]}}