{"id":44180,"date":"2022-05-10T16:53:38","date_gmt":"2022-05-10T16:53:38","guid":{"rendered":"https:\/\/www.bitacoracdmx.com\/?p=44180"},"modified":"2022-05-10T16:53:38","modified_gmt":"2022-05-10T16:53:38","slug":"llega-a-cines-la-pelicula-1982-el-an%cc%83o-que-cambio-el-libano-la-inocente-mirada-de-un-nino-antes-de-la-guerra","status":"publish","type":"post","link":"https:\/\/www.bitacoracdmx.com\/?p=44180","title":{"rendered":"Llega a cines la pel\u00edcula &#8220;1982: El an\u0303o que cambio\u0301 el Li\u0301bano&#8221;, la inocente mirada de un ni\u00f1o antes de la guerra"},"content":{"rendered":"<p>[fusion_builder_container hundred_percent=&#8221;no&#8221; equal_height_columns=&#8221;no&#8221; menu_anchor=&#8221;&#8221; hide_on_mobile=&#8221;small-visibility,medium-visibility,large-visibility&#8221; class=&#8221;&#8221; id=&#8221;&#8221; background_color=&#8221;&#8221; background_image=&#8221;&#8221; background_position=&#8221;center center&#8221; background_repeat=&#8221;no-repeat&#8221; fade=&#8221;no&#8221; background_parallax=&#8221;none&#8221; parallax_speed=&#8221;0.3&#8243; video_mp4=&#8221;&#8221; video_webm=&#8221;&#8221; video_ogv=&#8221;&#8221; video_url=&#8221;&#8221; video_aspect_ratio=&#8221;16:9&#8243; video_loop=&#8221;yes&#8221; video_mute=&#8221;yes&#8221; overlay_color=&#8221;&#8221; video_preview_image=&#8221;&#8221; border_size=&#8221;&#8221; border_color=&#8221;&#8221; border_style=&#8221;solid&#8221; padding_top=&#8221;&#8221; padding_bottom=&#8221;&#8221; padding_left=&#8221;&#8221; padding_right=&#8221;&#8221;][fusion_builder_row][fusion_builder_column type=&#8221;1_1&#8243; layout=&#8221;1_1&#8243; background_position=&#8221;left top&#8221; background_color=&#8221;&#8221; border_size=&#8221;&#8221; border_color=&#8221;&#8221; border_style=&#8221;solid&#8221; border_position=&#8221;all&#8221; spacing=&#8221;yes&#8221; background_image=&#8221;&#8221; background_repeat=&#8221;no-repeat&#8221; padding_top=&#8221;&#8221; padding_right=&#8221;&#8221; padding_bottom=&#8221;&#8221; padding_left=&#8221;&#8221; margin_top=&#8221;0px&#8221; margin_bottom=&#8221;0px&#8221; class=&#8221;&#8221; id=&#8221;&#8221; animation_type=&#8221;&#8221; animation_speed=&#8221;0.3&#8243; animation_direction=&#8221;left&#8221; hide_on_mobile=&#8221;small-visibility,medium-visibility,large-visibility&#8221; center_content=&#8221;no&#8221; last=&#8221;no&#8221; min_height=&#8221;&#8221; hover_type=&#8221;none&#8221; link=&#8221;&#8221;][fusion_text]<\/p>\n<p>REDACCI\u00d3N<\/p>\n<ul>\n<li>\n<h2><strong>La pel\u00edcula llega a Cinemex el 26 de mayo, adem\u00e1s estrena en\u00a0<\/strong><strong>Cineteca Nacional y cines seleccionados el 27 de mayo.<\/strong><\/h2>\n<\/li>\n<\/ul>\n<p>Es verano de 1982 y en el L\u00edbano crecen las tensiones militares. En las afueras de la capital Beirut, la vida permanece en tensa calma mientras se escuchan a lo lejos explosiones y disparos, pero una primaria privada abre sus puertas a los ni\u00f1os y maestros.<br aria-hidden=\"true\" \/>\u00a0<br aria-hidden=\"true\" \/><strong><em>1982: El an\u0303o que cambio\u0301 el Li\u0301bano<\/em><\/strong>\u00a0es una pel\u00edcula que nos muestra la mirada inocente de \u201cWissam\u201d (Mohamad Dalli), un ni\u00f1o de 11 a\u00f1os enamorado de su compa\u00f1era de clase \u201cJoanna\u201d (Gia Madi). Mientras Wissam se debate entre la necesidad de expresar sus sentimientos, el mundo adulto prev\u00e9 el fatal inicio de la guerra.<br aria-hidden=\"true\" \/>\u00a0<br aria-hidden=\"true\" \/>Al mismo tiempo \u201cYasmine\u201d, una maestra con vocaci\u00f3n interpretada por la reconocida actriz y directora Nadine Labaki\u00a0<em>(Caramel, Cafarna\u00fam)<\/em>, se divide entre mantener la cotidianidad del sal\u00f3n de clases y las preocupaciones por su vida personal porque su hermano est\u00e1 involucrado en las milicias y teme perderlo, pero mantiene la fortaleza frente a sus alumnos.<br aria-hidden=\"true\" \/>\u00a0<br aria-hidden=\"true\" \/>La pel\u00edcula es una \u00f3pera prima escrita y dirigida por el liban\u00e9s Oualid Mouaness, quien ten\u00eda 10 a\u00f1os en aquel tr\u00e1gico 6 de junio de 1982 cuando inici\u00f3 la invasi\u00f3n en el L\u00edbano. La cinta fue galardonada como Mejor Pel\u00edcula en el Asian World Film Festival, se alz\u00f3 con el Premio de la Cr\u00edtica de la FIPRESI en el Gouna Film Festival, el Premio NETPAC a la mejor cinta de Asia en el Festival de Toronto y form\u00f3 parte de la muestra Talento Emergente de la Cineteca Nacional.<br aria-hidden=\"true\" \/>\u00a0<br aria-hidden=\"true\" \/>Gracias a la Distribuci\u00f3n de Tulip Pictures, la pel\u00edcula llegar\u00e1 a Cinemex el 26 de mayo pr\u00f3ximo, adem\u00e1s se estrenar\u00e1 en la Cineteca Nacional y cines seleccionados a partir del 27 de mayo.\u00a0<br aria-hidden=\"true\" \/>\u00a0<br aria-hidden=\"true\" \/><strong>Sinopsis Oficial<\/strong><br aria-hidden=\"true\" \/><br aria-hidden=\"true\" \/>Durante la invasio\u0301n de Li\u0301bano en 1982 en una escuela privada en las afueras de Beirut, Wissam, de 11 an\u0303os de edad, trata de contarle a una compan\u0303era de clase que esta\u0301 enamorado de ella, mientras que sus maestros, en diferentes bandos de la divisio\u0301n poli\u0301tica, tratan de ocultar sus temores.<\/p>\n<p>[\/fusion_text][fusion_imageframe image_id=&#8221;44181|medium&#8221; max_width=&#8221;&#8221; style_type=&#8221;&#8221; blur=&#8221;&#8221; stylecolor=&#8221;&#8221; hover_type=&#8221;none&#8221; bordersize=&#8221;&#8221; bordercolor=&#8221;&#8221; borderradius=&#8221;&#8221; align=&#8221;none&#8221; lightbox=&#8221;no&#8221; gallery_id=&#8221;&#8221; lightbox_image=&#8221;&#8221; lightbox_image_id=&#8221;&#8221; alt=&#8221;&#8221; link=&#8221;&#8221; linktarget=&#8221;_self&#8221; hide_on_mobile=&#8221;small-visibility,medium-visibility,large-visibility&#8221; class=&#8221;&#8221; id=&#8221;&#8221; animation_type=&#8221;&#8221; animation_direction=&#8221;left&#8221; animation_speed=&#8221;0.3&#8243; animation_offset=&#8221;&#8221;]https:\/\/www.bitacoracdmx.com\/wp-content\/uploads\/2022\/05\/9d2af654-ecdd-6f3a-e3ab-2f99cd9a8e7e-197&#215;300.jpg[\/fusion_imageframe][\/fusion_builder_column][\/fusion_builder_row][\/fusion_builder_container]<\/p>\n","protected":false},"excerpt":{"rendered":"<p>[fusion_builder_container hundred_percent=&#8221;no&#8221; equal_height_columns=&#8221;no&#8221; menu_anchor=&#8221;&#8221; hide_on_mobile=&#8221;small-visibility,medium-visibility,large-visibility&#8221; class=&#8221;&#8221; id=&#8221;&#8221; background_color=&#8221;&#8221; background_image=&#8221;&#8221; background_position=&#8221;center center&#8221; background_repeat=&#8221;no-repeat&#8221; fade=&#8221;no&#8221; background_parallax=&#8221;none&#8221; parallax_speed=&#8221;0.3&#8243; video_mp4=&#8221;&#8221; video_webm=&#8221;&#8221; video_ogv=&#8221;&#8221; video_url=&#8221;&#8221; video_aspect_ratio=&#8221;16:9&#8243; video_loop=&#8221;yes&#8221; video_mute=&#8221;yes&#8221; overlay_color=&#8221;&#8221; video_preview_image=&#8221;&#8221; border_size=&#8221;&#8221; border_color=&#8221;&#8221; border_style=&#8221;solid&#8221; padding_top=&#8221;&#8221; padding_bottom=&#8221;&#8221; padding_left=&#8221;&#8221; padding_right=&#8221;&#8221;][fusion_builder_row][fusion_builder_column type=&#8221;1_1&#8243; layout=&#8221;1_1&#8243; background_position=&#8221;left top&#8221; background_color=&#8221;&#8221; border_size=&#8221;&#8221; border_color=&#8221;&#8221; border_style=&#8221;solid&#8221; border_position=&#8221;all&#8221; spacing=&#8221;yes&#8221; background_image=&#8221;&#8221; background_repeat=&#8221;no-repeat&#8221; padding_top=&#8221;&#8221; padding_right=&#8221;&#8221; padding_bottom=&#8221;&#8221; padding_left=&#8221;&#8221; margin_top=&#8221;0px&#8221; margin_bottom=&#8221;0px&#8221; class=&#8221;&#8221; id=&#8221;&#8221; animation_type=&#8221;&#8221; animation_speed=&#8221;0.3&#8243; animation_direction=&#8221;left&#8221; hide_on_mobile=&#8221;small-visibility,medium-visibility,large-visibility&#8221; center_content=&#8221;no&#8221; last=&#8221;no&#8221; min_height=&#8221;&#8221; hover_type=&#8221;none&#8221; link=&#8221;&#8221;][fusion_text] REDACCI\u00d3N La pel\u00edcula llega a Cinemex el 26 de mayo, adem\u00e1s estrena en\u00a0Cineteca Nacional y cines seleccionados el 27 de mayo. Es verano de 1982 y en el L\u00edbano crecen las tensiones militares. En las afueras de la capital Beirut, [&hellip;]<\/p>\n","protected":false},"author":1,"featured_media":44181,"comment_status":"open","ping_status":"open","sticky":false,"template":"","format":"standard","meta":{"footnotes":""},"categories":[3,9],"tags":[],"_links":{"self":[{"href":"https:\/\/www.bitacoracdmx.com\/index.php?rest_route=\/wp\/v2\/posts\/44180"}],"collection":[{"href":"https:\/\/www.bitacoracdmx.com\/index.php?rest_route=\/wp\/v2\/posts"}],"about":[{"href":"https:\/\/www.bitacoracdmx.com\/index.php?rest_route=\/wp\/v2\/types\/post"}],"author":[{"embeddable":true,"href":"https:\/\/www.bitacoracdmx.com\/index.php?rest_route=\/wp\/v2\/users\/1"}],"replies":[{"embeddable":true,"href":"https:\/\/www.bitacoracdmx.com\/index.php?rest_route=%2Fwp%2Fv2%2Fcomments&post=44180"}],"version-history":[{"count":1,"href":"https:\/\/www.bitacoracdmx.com\/index.php?rest_route=\/wp\/v2\/posts\/44180\/revisions"}],"predecessor-version":[{"id":44182,"href":"https:\/\/www.bitacoracdmx.com\/index.php?rest_route=\/wp\/v2\/posts\/44180\/revisions\/44182"}],"wp:featuredmedia":[{"embeddable":true,"href":"https:\/\/www.bitacoracdmx.com\/index.php?rest_route=\/wp\/v2\/media\/44181"}],"wp:attachment":[{"href":"https:\/\/www.bitacoracdmx.com\/index.php?rest_route=%2Fwp%2Fv2%2Fmedia&parent=44180"}],"wp:term":[{"taxonomy":"category","embeddable":true,"href":"https:\/\/www.bitacoracdmx.com\/index.php?rest_route=%2Fwp%2Fv2%2Fcategories&post=44180"},{"taxonomy":"post_tag","embeddable":true,"href":"https:\/\/www.bitacoracdmx.com\/index.php?rest_route=%2Fwp%2Fv2%2Ftags&post=44180"}],"curies":[{"name":"wp","href":"https:\/\/api.w.org\/{rel}","templated":true}]}}