{"id":44195,"date":"2022-05-11T20:15:40","date_gmt":"2022-05-11T20:15:40","guid":{"rendered":"https:\/\/www.bitacoracdmx.com\/?p=44195"},"modified":"2022-05-11T20:15:40","modified_gmt":"2022-05-11T20:15:40","slug":"sale-a-subasta-cuadro-de-guadalupe-carpio-artista-mexicana-del-siglo-xix-una-de-las-primeras-mujeres-vinculadas-a-la-academia-de-san-carlos","status":"publish","type":"post","link":"https:\/\/www.bitacoracdmx.com\/?p=44195","title":{"rendered":"Sale a subasta cuadro de Guadalupe Carpio, artista mexicana del siglo XIX, una de las primeras mujeres vinculadas a la Academia de San Carlos"},"content":{"rendered":"<p>[fusion_builder_container hundred_percent=&#8221;no&#8221; equal_height_columns=&#8221;no&#8221; menu_anchor=&#8221;&#8221; hide_on_mobile=&#8221;small-visibility,medium-visibility,large-visibility&#8221; class=&#8221;&#8221; id=&#8221;&#8221; background_color=&#8221;&#8221; background_image=&#8221;&#8221; background_position=&#8221;center center&#8221; background_repeat=&#8221;no-repeat&#8221; fade=&#8221;no&#8221; background_parallax=&#8221;none&#8221; parallax_speed=&#8221;0.3&#8243; video_mp4=&#8221;&#8221; video_webm=&#8221;&#8221; video_ogv=&#8221;&#8221; video_url=&#8221;&#8221; video_aspect_ratio=&#8221;16:9&#8243; video_loop=&#8221;yes&#8221; video_mute=&#8221;yes&#8221; overlay_color=&#8221;&#8221; video_preview_image=&#8221;&#8221; border_size=&#8221;&#8221; border_color=&#8221;&#8221; border_style=&#8221;solid&#8221; padding_top=&#8221;&#8221; padding_bottom=&#8221;&#8221; padding_left=&#8221;&#8221; padding_right=&#8221;&#8221;][fusion_builder_row][fusion_builder_column type=&#8221;1_1&#8243; layout=&#8221;1_1&#8243; background_position=&#8221;left top&#8221; background_color=&#8221;&#8221; border_size=&#8221;&#8221; border_color=&#8221;&#8221; border_style=&#8221;solid&#8221; border_position=&#8221;all&#8221; spacing=&#8221;yes&#8221; background_image=&#8221;&#8221; background_repeat=&#8221;no-repeat&#8221; padding_top=&#8221;&#8221; padding_right=&#8221;&#8221; padding_bottom=&#8221;&#8221; padding_left=&#8221;&#8221; margin_top=&#8221;0px&#8221; margin_bottom=&#8221;0px&#8221; class=&#8221;&#8221; id=&#8221;&#8221; animation_type=&#8221;&#8221; animation_speed=&#8221;0.3&#8243; animation_direction=&#8221;left&#8221; hide_on_mobile=&#8221;small-visibility,medium-visibility,large-visibility&#8221; center_content=&#8221;no&#8221; last=&#8221;no&#8221; min_height=&#8221;&#8221; hover_type=&#8221;none&#8221; link=&#8221;&#8221;][fusion_text]<\/p>\n<p>REDACCI\u00d3N<\/p>\n<ul>\n<li>La subasta se llevar\u00e1 a cabo en Morton el pr\u00f3ximo 26 de mayo en la Ciudad de M\u00e9xico a las 17:00 horas.<\/li>\n<li>Se trata de un \u00f3leo sobre tela de 94 x 69.5 cent\u00edmetros, con la \u201cVirgen de Bel\u00e9n\u201d, pintada a la manera de Bartolom\u00e9 Esteban Murillo<\/li>\n<li>Est\u00e1 valuado entre los 100 mil y 200 mil pesos<\/li>\n<\/ul>\n<table class=\"x_mcnTextBlock\" border=\"0\" width=\"100%\" cellspacing=\"0\" cellpadding=\"0\">\n<tbody class=\"x_mcnTextBlockOuter\">\n<tr>\n<td class=\"x_mcnTextBlockInner\" valign=\"top\">\n<table class=\"x_mcnTextContentContainer\" border=\"0\" width=\"100%\" cellspacing=\"0\" cellpadding=\"0\" align=\"left\">\n<tbody>\n<tr>\n<td class=\"x_mcnTextContent\" valign=\"top\">Guadalupe Carpio pas\u00f3 a la historia por ser una de las primeras mujeres que lograron formarse en la Academia de San Carlos y del mismo modo exponer sus obras en los famosos salones art\u00edsticos del siglo XIX, una \u00e9poca en la que el arte o la literatura formaban parte de la educaci\u00f3n sentimental femenina, pero no de su realizaci\u00f3n profesional.<br aria-hidden=\"true\" \/><br aria-hidden=\"true\" \/>Las llamadas creadoras decimon\u00f3nicas nunca vieron reconocido su trabajo. Las formas de control social e ideol\u00f3gico sobre las mujeres imped\u00edan que pudieran incursionar en el dibujo o la poes\u00eda. Sin embargo, a pesar de los obst\u00e1culos, Guadalupe Carpio, al igual que otras pintoras como Josefa Sanrom\u00e1n, Eulalia Lucio, Otilia Rodr\u00edguez, Julia Escalante de Haro o Ignacia Enciso, lograron protagonizar un s\u00f3lido grupo de artistas a lo largo del siglo XIX.<\/td>\n<\/tr>\n<\/tbody>\n<\/table>\n<\/td>\n<\/tr>\n<\/tbody>\n<\/table>\n<table class=\"x_mcnTextBlock\" border=\"0\" width=\"100%\" cellspacing=\"0\" cellpadding=\"0\">\n<tbody class=\"x_mcnTextBlockOuter\">\n<tr>\n<td class=\"x_mcnTextBlockInner\" valign=\"top\">\n<table class=\"x_mcnTextContentContainer\" border=\"0\" width=\"100%\" cellspacing=\"0\" cellpadding=\"0\" align=\"left\">\n<tbody>\n<tr>\n<td class=\"x_mcnTextContent\" valign=\"top\">\n<div>Producto de este contexto, nacieron muchas obras de alta calidad t\u00e9cnica, lo cual lograban gracias a la copia de obras religiosas y costumbristas. Es importante recordar que, por lo menos hasta 1886, las mujeres no tuvieron permitido el ingreso como alumnas regulares a la Academia de San Carlos, por lo que tampoco ten\u00edan acceso a la materia de anatom\u00eda del desnudo. Una muestra de la superaci\u00f3n de este obst\u00e1culo para el aprendizaje es la obra realizada por Guadalupe Carpio la manera de Bartolom\u00e9 Esteban Murillo, la \u201cVirgen de Bel\u00e9n\u201d, un \u00f3leo sobre tela de 94 x 69.5 cent\u00edmetros que el pr\u00f3ximo\u00a0<strong>26 de mayo ser\u00e1 ofertado, en la Ciudad de M\u00e9xico, por Morton en la Subasta de Antig\u00fcedades. Reminiscencias de otros tiempos a las 17:00 horas.<\/strong><br aria-hidden=\"true\" \/><br aria-hidden=\"true\" \/>Guadalupe Carpio fue hija de Manuel Carpio, un hombre cercano a los c\u00edrculos intelectuales de la naciente Rep\u00fablica y a los dirigentes de la Academia de San Carlos.<br aria-hidden=\"true\" \/><br aria-hidden=\"true\" \/>Su obra se constituye, mayoritariamente de retratos en los que suele figurar ella misma y algunos de los miembros de su familia, as\u00ed como de copias de obras cl\u00e1sicas, las cuales destacan por su calidad t\u00e9cnica y el uso de tonalidades marr\u00f3n.<br aria-hidden=\"true\" \/><br aria-hidden=\"true\" \/>Los interesados en adquirir la obra podr\u00e1n realizar sus pujas presencial o telef\u00f3nicamente, ya sea por el \u00f3leo de Guadalupe Carpio, valuado entre los 100 mil y 200 mil pesos, o por otras piezas representativas de la subasta, como el retrato Santa Teresa de Jes\u00fas, perteneciente al siglo XVIII, as\u00ed como mobiliario de la colecci\u00f3n del Ingeniero Don Lorenzo Zambrano.<br aria-hidden=\"true\" \/><br aria-hidden=\"true\" \/>Las ofertas se pueden realizar v\u00eda telef\u00f3nica al\u00a0<strong>5552833140<\/strong>, por internet en\u00a0<strong>www.mortonsubastas.com<\/strong>\u00a0o en presencia el d\u00eda de la subasta.<\/div>\n<\/td>\n<\/tr>\n<\/tbody>\n<\/table>\n<\/td>\n<\/tr>\n<\/tbody>\n<\/table>\n<p>[\/fusion_text][fusion_imageframe image_id=&#8221;44196|medium&#8221; max_width=&#8221;&#8221; style_type=&#8221;&#8221; blur=&#8221;&#8221; stylecolor=&#8221;&#8221; hover_type=&#8221;none&#8221; bordersize=&#8221;&#8221; bordercolor=&#8221;&#8221; borderradius=&#8221;&#8221; align=&#8221;none&#8221; lightbox=&#8221;no&#8221; gallery_id=&#8221;&#8221; lightbox_image=&#8221;&#8221; lightbox_image_id=&#8221;&#8221; alt=&#8221;&#8221; link=&#8221;&#8221; linktarget=&#8221;_self&#8221; hide_on_mobile=&#8221;small-visibility,medium-visibility,large-visibility&#8221; class=&#8221;&#8221; id=&#8221;&#8221; animation_type=&#8221;&#8221; animation_direction=&#8221;left&#8221; animation_speed=&#8221;0.3&#8243; animation_offset=&#8221;&#8221;]https:\/\/www.bitacoracdmx.com\/wp-content\/uploads\/2022\/05\/WhatsApp-Image-2022-05-11-at-9.06.58-AM-200&#215;300.jpeg[\/fusion_imageframe][\/fusion_builder_column][\/fusion_builder_row][\/fusion_builder_container]<\/p>\n","protected":false},"excerpt":{"rendered":"<p>[fusion_builder_container hundred_percent=&#8221;no&#8221; equal_height_columns=&#8221;no&#8221; menu_anchor=&#8221;&#8221; hide_on_mobile=&#8221;small-visibility,medium-visibility,large-visibility&#8221; class=&#8221;&#8221; id=&#8221;&#8221; background_color=&#8221;&#8221; background_image=&#8221;&#8221; background_position=&#8221;center center&#8221; background_repeat=&#8221;no-repeat&#8221; fade=&#8221;no&#8221; background_parallax=&#8221;none&#8221; parallax_speed=&#8221;0.3&#8243; video_mp4=&#8221;&#8221; video_webm=&#8221;&#8221; video_ogv=&#8221;&#8221; video_url=&#8221;&#8221; video_aspect_ratio=&#8221;16:9&#8243; video_loop=&#8221;yes&#8221; video_mute=&#8221;yes&#8221; overlay_color=&#8221;&#8221; video_preview_image=&#8221;&#8221; border_size=&#8221;&#8221; border_color=&#8221;&#8221; border_style=&#8221;solid&#8221; padding_top=&#8221;&#8221; padding_bottom=&#8221;&#8221; padding_left=&#8221;&#8221; padding_right=&#8221;&#8221;][fusion_builder_row][fusion_builder_column type=&#8221;1_1&#8243; layout=&#8221;1_1&#8243; background_position=&#8221;left top&#8221; background_color=&#8221;&#8221; border_size=&#8221;&#8221; border_color=&#8221;&#8221; border_style=&#8221;solid&#8221; border_position=&#8221;all&#8221; spacing=&#8221;yes&#8221; background_image=&#8221;&#8221; background_repeat=&#8221;no-repeat&#8221; padding_top=&#8221;&#8221; padding_right=&#8221;&#8221; padding_bottom=&#8221;&#8221; padding_left=&#8221;&#8221; margin_top=&#8221;0px&#8221; margin_bottom=&#8221;0px&#8221; class=&#8221;&#8221; id=&#8221;&#8221; animation_type=&#8221;&#8221; animation_speed=&#8221;0.3&#8243; animation_direction=&#8221;left&#8221; hide_on_mobile=&#8221;small-visibility,medium-visibility,large-visibility&#8221; center_content=&#8221;no&#8221; last=&#8221;no&#8221; min_height=&#8221;&#8221; hover_type=&#8221;none&#8221; link=&#8221;&#8221;][fusion_text] REDACCI\u00d3N La subasta se llevar\u00e1 a cabo en Morton el pr\u00f3ximo 26 de mayo en la Ciudad de M\u00e9xico a las 17:00 horas. Se trata de un \u00f3leo sobre tela de 94 x 69.5 cent\u00edmetros, con la \u201cVirgen de Bel\u00e9n\u201d, [&hellip;]<\/p>\n","protected":false},"author":1,"featured_media":44196,"comment_status":"open","ping_status":"open","sticky":false,"template":"","format":"standard","meta":{"footnotes":""},"categories":[5,8,9],"tags":[],"_links":{"self":[{"href":"https:\/\/www.bitacoracdmx.com\/index.php?rest_route=\/wp\/v2\/posts\/44195"}],"collection":[{"href":"https:\/\/www.bitacoracdmx.com\/index.php?rest_route=\/wp\/v2\/posts"}],"about":[{"href":"https:\/\/www.bitacoracdmx.com\/index.php?rest_route=\/wp\/v2\/types\/post"}],"author":[{"embeddable":true,"href":"https:\/\/www.bitacoracdmx.com\/index.php?rest_route=\/wp\/v2\/users\/1"}],"replies":[{"embeddable":true,"href":"https:\/\/www.bitacoracdmx.com\/index.php?rest_route=%2Fwp%2Fv2%2Fcomments&post=44195"}],"version-history":[{"count":1,"href":"https:\/\/www.bitacoracdmx.com\/index.php?rest_route=\/wp\/v2\/posts\/44195\/revisions"}],"predecessor-version":[{"id":44197,"href":"https:\/\/www.bitacoracdmx.com\/index.php?rest_route=\/wp\/v2\/posts\/44195\/revisions\/44197"}],"wp:featuredmedia":[{"embeddable":true,"href":"https:\/\/www.bitacoracdmx.com\/index.php?rest_route=\/wp\/v2\/media\/44196"}],"wp:attachment":[{"href":"https:\/\/www.bitacoracdmx.com\/index.php?rest_route=%2Fwp%2Fv2%2Fmedia&parent=44195"}],"wp:term":[{"taxonomy":"category","embeddable":true,"href":"https:\/\/www.bitacoracdmx.com\/index.php?rest_route=%2Fwp%2Fv2%2Fcategories&post=44195"},{"taxonomy":"post_tag","embeddable":true,"href":"https:\/\/www.bitacoracdmx.com\/index.php?rest_route=%2Fwp%2Fv2%2Ftags&post=44195"}],"curies":[{"name":"wp","href":"https:\/\/api.w.org\/{rel}","templated":true}]}}