{"id":44198,"date":"2022-05-11T21:20:45","date_gmt":"2022-05-11T21:20:45","guid":{"rendered":"https:\/\/www.bitacoracdmx.com\/?p=44198"},"modified":"2022-05-11T21:20:45","modified_gmt":"2022-05-11T21:20:45","slug":"abre-sus-fauces-la-noche-nuevo-espectaculo-musical-del-compositor-e-interprete-juan-pablo-villa","status":"publish","type":"post","link":"https:\/\/www.bitacoracdmx.com\/?p=44198","title":{"rendered":"Abre sus fauces LA NOCHE, nuevo espect\u00e1culo musical del compositor e int\u00e9rprete JUAN PABLO VILLA"},"content":{"rendered":"<p>[fusion_builder_container hundred_percent=&#8221;no&#8221; equal_height_columns=&#8221;no&#8221; menu_anchor=&#8221;&#8221; hide_on_mobile=&#8221;small-visibility,medium-visibility,large-visibility&#8221; class=&#8221;&#8221; id=&#8221;&#8221; background_color=&#8221;&#8221; background_image=&#8221;&#8221; background_position=&#8221;center center&#8221; background_repeat=&#8221;no-repeat&#8221; fade=&#8221;no&#8221; background_parallax=&#8221;none&#8221; parallax_speed=&#8221;0.3&#8243; video_mp4=&#8221;&#8221; video_webm=&#8221;&#8221; video_ogv=&#8221;&#8221; video_url=&#8221;&#8221; video_aspect_ratio=&#8221;16:9&#8243; video_loop=&#8221;yes&#8221; video_mute=&#8221;yes&#8221; overlay_color=&#8221;&#8221; video_preview_image=&#8221;&#8221; border_size=&#8221;&#8221; border_color=&#8221;&#8221; border_style=&#8221;solid&#8221; padding_top=&#8221;&#8221; padding_bottom=&#8221;&#8221; padding_left=&#8221;&#8221; padding_right=&#8221;&#8221;][fusion_builder_row][fusion_builder_column type=&#8221;1_1&#8243; layout=&#8221;1_1&#8243; background_position=&#8221;left top&#8221; background_color=&#8221;&#8221; border_size=&#8221;&#8221; border_color=&#8221;&#8221; border_style=&#8221;solid&#8221; border_position=&#8221;all&#8221; spacing=&#8221;yes&#8221; background_image=&#8221;&#8221; background_repeat=&#8221;no-repeat&#8221; padding_top=&#8221;&#8221; padding_right=&#8221;&#8221; padding_bottom=&#8221;&#8221; padding_left=&#8221;&#8221; margin_top=&#8221;0px&#8221; margin_bottom=&#8221;0px&#8221; class=&#8221;&#8221; id=&#8221;&#8221; animation_type=&#8221;&#8221; animation_speed=&#8221;0.3&#8243; animation_direction=&#8221;left&#8221; hide_on_mobile=&#8221;small-visibility,medium-visibility,large-visibility&#8221; center_content=&#8221;no&#8221; last=&#8221;no&#8221; min_height=&#8221;&#8221; hover_type=&#8221;none&#8221; link=&#8221;&#8221;][fusion_text]<\/p>\n<p>REDACCI\u00d3N<\/p>\n<p class=\"x_gmail-MsoListParagraph\">\u00b7 <b>Acompa\u00f1ado por un ensamble de once destacados m\u00fasicos, se estrenar\u00e1 el pr\u00f3ximo s\u00e1bado 21 de mayo a las 19:00 horas en el Teatro de la Ciudad Esperanza Iris<\/b><\/p>\n<p class=\"x_MsoNormal\">Acompa\u00f1ado de un prestigiado grupo de colaboradores de las m\u00e1s diversas \u00e1reas del arte y la cultura, el compositor mexicano\u00a0<b>Juan Pablo Villa<\/b>\u00a0har\u00e1 el estreno de su m\u00e1s reciente espect\u00e1culo esc\u00e9nico y musical titulado\u00a0<b><i>Abre sus fauces la noche<\/i><\/b>.<\/p>\n<p class=\"x_MsoNormal\">Se trata de un proyecto muy personal en el que el m\u00fasico explora los g\u00e9neros tradicionales, el\u00a0<i>live looping<\/i>, la electr\u00f3nica y lo experimental con la intenci\u00f3n de ofrecer al espectador una experiencia musical \u201ctan vasta como pueden ser las innumerables sonoridades que surgen desde las fauces de la noche\u201d.<\/p>\n<p class=\"x_MsoNormal\">El estreno del espect\u00e1culo se llevar\u00e1 a cabo el s\u00e1bado 21 de mayo a las 19:00 horas en el<b>\u00a0Teatro de la Ciudad Esperanza Iris,\u00a0<\/b>recinto de la\u00a0<b>Direcci\u00f3n del Sistema de Teatros de la Secretar\u00eda de Cultura de la Ciudad de M\u00e9xico.<\/b><\/p>\n<p class=\"x_MsoNormal\"><b>\u00a0<\/b>\u201cEstoy construyendo para ustedes una experiencia sonora que involucra a once m\u00fasicos en escena y diversos ritmos que he abordado en toda mi trayectoria.\u00a0 Con\u00a0<b><i>Abre sus fauces la noche<\/i>\u00a0<\/b>quiero invitarles a que el cuerpo baile y goce en el encuentro con la otra, con el otro: a mudar de piel para habitar cada resquicio de la noche\u201d, ha mencionado Juan Pablo Villa.<\/p>\n<p class=\"x_MsoNormal\">Despu\u00e9s de su participaci\u00f3n en la producci\u00f3n discogr\u00e1fica del ensamble Cuatro Minimal y de la direcci\u00f3n del Coro Acardenchado, Villa se ha enfocado ahora en este su m\u00e1s reciente proyecto en el que tanto la composici\u00f3n como la direcci\u00f3n esc\u00e9nica y la m\u00fasica son totalmente de su autor\u00eda.<\/p>\n<p class=\"x_MsoNormal\">Textos de Mardonio Carballo cobijan el espect\u00e1culo: \u201cNarran procesos y afectos mutables que cada ser vivo atraviesa al ser atrapado por las fauces de la noche\u201d, dice el compositor musical quien en esta ocasi\u00f3n pretende dar una respuesta a la pregunta: \u00bfPodr\u00edamos abarcar todos los sonidos que habitan la noche?<\/p>\n<p class=\"x_MsoNormal\">Para ello, Juan Pablo Villa estar\u00e1 apoyado por un ensamble compuesto por once m\u00fasicos de primera l\u00ednea: Leika Moch\u00e1n en la voz y el\u00a0<i>live looping<\/i>; Carolina Mu\u00f1oz en la marimba; el tr\u00edo de son huasteco Xochicanela; Silvestre Villarruel en el piano; Diego Flores de Mezcalapa en los sintetizadores y electr\u00f3nica; Juan Cubas Friedman en la leona y el bajo; Gustavo Nandayapa en la bater\u00eda y la marimba, y Popis Tovar en las percusiones.<\/p>\n<p class=\"x_MsoNormal\">En el estreno mundial de\u00a0<b><i>Abre sus fauces la noche<\/i><\/b>, Juan Pablo Villa expondr\u00e1 su amplia trayectoria musical de m\u00e1s de 20 a\u00f1os en diversos g\u00e9neros musicales, desde la m\u00fasica experimental y la m\u00fasica bailable, hasta la m\u00fasica de diversas regiones del mundo, con un \u00e9nfasis l\u00fadico y personal en la improvisaci\u00f3n vocal y las t\u00e9cnicas extendidas para la voz.<\/p>\n<p class=\"x_MsoNormal\">Con una duraci\u00f3n de 70 minutos, tiempo en el que invocar\u00e1 al movimiento y al convivio de los cuerpos, al gozo, el concierto es una meditaci\u00f3n colectiva y cat\u00e1rtica, dice el propio compositor y director.<\/p>\n<p class=\"x_MsoNormal\">Uno de los textos de Mardonio Carballo: &#8220;La noche acecha sigilosa, hipnotizando a sus presas&#8221;. Y con la misma intenci\u00f3n, la m\u00fasica de Juan Pablo Villa \u201cacecha a cada espectador para conmoverle\u201d.<\/p>\n<p class=\"x_MsoNormal\">Adem\u00e1s del selecto grupo de m\u00fasicos que tomar\u00e1n parte, el espect\u00e1culo cuenta con la colaboraci\u00f3n de \u00c1ngel Ancona en la iluminaci\u00f3n, Josu\u00e9 Vergara en el dise\u00f1o de audio y del artista pl\u00e1stico Demi\u00e1n Flores en el dise\u00f1o de imagen gr\u00e1fica. La producci\u00f3n es de Andrea Villela, Hebzoariba H. G\u00f3mez, Josu\u00e9 Vergara, Benjam\u00edn Torres y Juan Pablo Villa.<\/p>\n<p class=\"x_MsoNormal\"><b><i>Abre sus fauces la noche<\/i><\/b>, espect\u00e1culo esc\u00e9nico y musical de Juan Pablo Villa, se estrenar\u00e1 el\u00a0<b>s\u00e1bado 21 de mayo\u00a0<\/b>a las<b>\u00a019:00 horas\u00a0<\/b>en el<b>\u00a0Teatro de la Ciudad Esperanza Iris\u00a0<\/b>(Donceles 36, Centro Hist\u00f3rico, Metro Allende), con los cuidados necesarios: uso permanente de cubre-bocas y gel anti-bacterial por parte tanto del personal del teatro como de los espectadores. Aforo al 100 % de la capacidad del recinto.<\/p>\n<p class=\"x_MsoNormal\"><b>Admisi\u00f3n:<\/b>\u00a0Luneta y Primer Piso Plus, $250; Primer Piso, $200, y Anfiteatro y Galer\u00eda, $150. Los boletos se pueden adquirir en la taquilla del teatro y en las plataformas digitales de\u00a0<b>Ticketmaster<\/b>.<\/p>\n<p class=\"x_MsoNormal\">Para conocer la programaci\u00f3n de la\u00a0<b>Direcci\u00f3n del Sistema de Teatros de la Ciudad de M\u00e9xico<\/b>\u00a0visite las redes sociales:\u00a0<b>Facebook<\/b>\u00a0@TeatrosCdMexico,\u00a0<b>Twitter<\/b>\u00a0@TeatrosCdMexico e\u00a0<b>Instagram<\/b>\u00a0@teatroscdmexico.<\/p>\n<p class=\"x_MsoNormal\">\u00a0Siga a la\u00a0<b>Secretar\u00eda de Cultura de la Ciudad de M\u00e9xico<\/b>\u00a0a trav\u00e9s de su p\u00e1gina oficial (<a href=\"https:\/\/cultura.cdmx.gob.mx\/\" target=\"_blank\" rel=\"noopener noreferrer\" data-auth=\"NotApplicable\" data-linkindex=\"2\">https:\/\/cultura.cdmx.gob.mx\/<\/a>), sus\u00a0<b>redes sociales<\/b>\u00a0(Facebook, Twitter, Instagram y YouTube) y en la plataforma digital Capital Cultural en Nuestra Casa.<\/p>\n<p>[\/fusion_text][fusion_imageframe image_id=&#8221;44199|medium&#8221; max_width=&#8221;&#8221; style_type=&#8221;&#8221; blur=&#8221;&#8221; stylecolor=&#8221;&#8221; hover_type=&#8221;none&#8221; bordersize=&#8221;&#8221; bordercolor=&#8221;&#8221; borderradius=&#8221;&#8221; align=&#8221;none&#8221; lightbox=&#8221;no&#8221; gallery_id=&#8221;&#8221; lightbox_image=&#8221;&#8221; lightbox_image_id=&#8221;&#8221; alt=&#8221;&#8221; link=&#8221;&#8221; linktarget=&#8221;_self&#8221; hide_on_mobile=&#8221;small-visibility,medium-visibility,large-visibility&#8221; class=&#8221;&#8221; id=&#8221;&#8221; animation_type=&#8221;&#8221; animation_direction=&#8221;left&#8221; animation_speed=&#8221;0.3&#8243; animation_offset=&#8221;&#8221;]https:\/\/www.bitacoracdmx.com\/wp-content\/uploads\/2022\/05\/descargar-2022-05-11T161731.853-207&#215;300.png[\/fusion_imageframe][\/fusion_builder_column][\/fusion_builder_row][\/fusion_builder_container]<\/p>\n","protected":false},"excerpt":{"rendered":"<p>[fusion_builder_container hundred_percent=&#8221;no&#8221; equal_height_columns=&#8221;no&#8221; menu_anchor=&#8221;&#8221; hide_on_mobile=&#8221;small-visibility,medium-visibility,large-visibility&#8221; class=&#8221;&#8221; id=&#8221;&#8221; background_color=&#8221;&#8221; background_image=&#8221;&#8221; background_position=&#8221;center center&#8221; background_repeat=&#8221;no-repeat&#8221; fade=&#8221;no&#8221; background_parallax=&#8221;none&#8221; parallax_speed=&#8221;0.3&#8243; video_mp4=&#8221;&#8221; video_webm=&#8221;&#8221; video_ogv=&#8221;&#8221; video_url=&#8221;&#8221; video_aspect_ratio=&#8221;16:9&#8243; video_loop=&#8221;yes&#8221; video_mute=&#8221;yes&#8221; overlay_color=&#8221;&#8221; video_preview_image=&#8221;&#8221; border_size=&#8221;&#8221; border_color=&#8221;&#8221; border_style=&#8221;solid&#8221; padding_top=&#8221;&#8221; padding_bottom=&#8221;&#8221; padding_left=&#8221;&#8221; padding_right=&#8221;&#8221;][fusion_builder_row][fusion_builder_column type=&#8221;1_1&#8243; layout=&#8221;1_1&#8243; background_position=&#8221;left top&#8221; background_color=&#8221;&#8221; border_size=&#8221;&#8221; border_color=&#8221;&#8221; border_style=&#8221;solid&#8221; border_position=&#8221;all&#8221; spacing=&#8221;yes&#8221; background_image=&#8221;&#8221; background_repeat=&#8221;no-repeat&#8221; padding_top=&#8221;&#8221; padding_right=&#8221;&#8221; padding_bottom=&#8221;&#8221; padding_left=&#8221;&#8221; margin_top=&#8221;0px&#8221; margin_bottom=&#8221;0px&#8221; class=&#8221;&#8221; id=&#8221;&#8221; animation_type=&#8221;&#8221; animation_speed=&#8221;0.3&#8243; animation_direction=&#8221;left&#8221; hide_on_mobile=&#8221;small-visibility,medium-visibility,large-visibility&#8221; center_content=&#8221;no&#8221; last=&#8221;no&#8221; min_height=&#8221;&#8221; hover_type=&#8221;none&#8221; link=&#8221;&#8221;][fusion_text] REDACCI\u00d3N \u00b7 Acompa\u00f1ado por un ensamble de once destacados m\u00fasicos, se estrenar\u00e1 el pr\u00f3ximo s\u00e1bado 21 de mayo a las 19:00 horas en el Teatro de la Ciudad Esperanza Iris Acompa\u00f1ado de un prestigiado grupo de colaboradores de las m\u00e1s [&hellip;]<\/p>\n","protected":false},"author":1,"featured_media":44199,"comment_status":"open","ping_status":"open","sticky":false,"template":"","format":"standard","meta":{"footnotes":""},"categories":[9,11],"tags":[],"_links":{"self":[{"href":"https:\/\/www.bitacoracdmx.com\/index.php?rest_route=\/wp\/v2\/posts\/44198"}],"collection":[{"href":"https:\/\/www.bitacoracdmx.com\/index.php?rest_route=\/wp\/v2\/posts"}],"about":[{"href":"https:\/\/www.bitacoracdmx.com\/index.php?rest_route=\/wp\/v2\/types\/post"}],"author":[{"embeddable":true,"href":"https:\/\/www.bitacoracdmx.com\/index.php?rest_route=\/wp\/v2\/users\/1"}],"replies":[{"embeddable":true,"href":"https:\/\/www.bitacoracdmx.com\/index.php?rest_route=%2Fwp%2Fv2%2Fcomments&post=44198"}],"version-history":[{"count":1,"href":"https:\/\/www.bitacoracdmx.com\/index.php?rest_route=\/wp\/v2\/posts\/44198\/revisions"}],"predecessor-version":[{"id":44200,"href":"https:\/\/www.bitacoracdmx.com\/index.php?rest_route=\/wp\/v2\/posts\/44198\/revisions\/44200"}],"wp:featuredmedia":[{"embeddable":true,"href":"https:\/\/www.bitacoracdmx.com\/index.php?rest_route=\/wp\/v2\/media\/44199"}],"wp:attachment":[{"href":"https:\/\/www.bitacoracdmx.com\/index.php?rest_route=%2Fwp%2Fv2%2Fmedia&parent=44198"}],"wp:term":[{"taxonomy":"category","embeddable":true,"href":"https:\/\/www.bitacoracdmx.com\/index.php?rest_route=%2Fwp%2Fv2%2Fcategories&post=44198"},{"taxonomy":"post_tag","embeddable":true,"href":"https:\/\/www.bitacoracdmx.com\/index.php?rest_route=%2Fwp%2Fv2%2Ftags&post=44198"}],"curies":[{"name":"wp","href":"https:\/\/api.w.org\/{rel}","templated":true}]}}