{"id":44203,"date":"2022-05-12T22:05:31","date_gmt":"2022-05-12T22:05:31","guid":{"rendered":"https:\/\/www.bitacoracdmx.com\/?p=44203"},"modified":"2022-05-12T22:05:31","modified_gmt":"2022-05-12T22:05:31","slug":"el-coro-acardenchado-presenta-el-cardo-en-flor-en-el-teatro-de-la-ciudad-esperanza-iris","status":"publish","type":"post","link":"https:\/\/www.bitacoracdmx.com\/?p=44203","title":{"rendered":"El CORO ACARDENCHADO presenta: EL CARDO EN FLOR, en el TEATRO DE LA CIUDAD ESPERANZA IRIS"},"content":{"rendered":"<p>[fusion_builder_container hundred_percent=&#8221;no&#8221; equal_height_columns=&#8221;no&#8221; menu_anchor=&#8221;&#8221; hide_on_mobile=&#8221;small-visibility,medium-visibility,large-visibility&#8221; class=&#8221;&#8221; id=&#8221;&#8221; background_color=&#8221;&#8221; background_image=&#8221;&#8221; background_position=&#8221;center center&#8221; background_repeat=&#8221;no-repeat&#8221; fade=&#8221;no&#8221; background_parallax=&#8221;none&#8221; parallax_speed=&#8221;0.3&#8243; video_mp4=&#8221;&#8221; video_webm=&#8221;&#8221; video_ogv=&#8221;&#8221; video_url=&#8221;&#8221; video_aspect_ratio=&#8221;16:9&#8243; video_loop=&#8221;yes&#8221; video_mute=&#8221;yes&#8221; overlay_color=&#8221;&#8221; video_preview_image=&#8221;&#8221; border_size=&#8221;&#8221; border_color=&#8221;&#8221; border_style=&#8221;solid&#8221; padding_top=&#8221;&#8221; padding_bottom=&#8221;&#8221; padding_left=&#8221;&#8221; padding_right=&#8221;&#8221;][fusion_builder_row][fusion_builder_column type=&#8221;1_1&#8243; layout=&#8221;1_1&#8243; background_position=&#8221;left top&#8221; background_color=&#8221;&#8221; border_size=&#8221;&#8221; border_color=&#8221;&#8221; border_style=&#8221;solid&#8221; border_position=&#8221;all&#8221; spacing=&#8221;yes&#8221; background_image=&#8221;&#8221; background_repeat=&#8221;no-repeat&#8221; padding_top=&#8221;&#8221; padding_right=&#8221;&#8221; padding_bottom=&#8221;&#8221; padding_left=&#8221;&#8221; margin_top=&#8221;0px&#8221; margin_bottom=&#8221;0px&#8221; class=&#8221;&#8221; id=&#8221;&#8221; animation_type=&#8221;&#8221; animation_speed=&#8221;0.3&#8243; animation_direction=&#8221;left&#8221; hide_on_mobile=&#8221;small-visibility,medium-visibility,large-visibility&#8221; center_content=&#8221;no&#8221; last=&#8221;no&#8221; min_height=&#8221;&#8221; hover_type=&#8221;none&#8221; link=&#8221;&#8221;][fusion_text]<\/p>\n<p>REDACCI\u00d3N<\/p>\n<ul>\n<li dir=\"ltr\">\n<p dir=\"ltr\" role=\"presentation\">La agrupaci\u00f3n de canto a capela ofrecer\u00e1 un concierto con viejas y nuevas canciones, as\u00ed como especiales arreglos musicales los d\u00edas 19 y 20 de mayo a las 20:30 horas<\/p>\n<\/li>\n<\/ul>\n<p dir=\"ltr\">Bajo la direcci\u00f3n conjunta de Juan Pablo Villa, Leika Moch\u00e1n y Mar\u00eda Emilia Mart\u00ednez, el Coro Acardenchado regresar\u00e1 al Teatro de la Ciudad Esperanza Iris para presentar un renovado concierto: El cardo en flor, los pr\u00f3ximos jueves 19 y viernes 20 de mayo a la 20:30 horas, con el apoyo de la Direcci\u00f3n del Sistema de Teatros de la Secretar\u00eda de Cultura de la Ciudad de M\u00e9xico.<\/p>\n<p dir=\"ltr\">\u201cTenemos el gusto de comentarles que regresamos al incre\u00edble Teatro de la Ciudad Esperanza Iris, donde compartiremos una nueva experiencia musical pospand\u00e9mica que llevamos meses preparando con mucho amor para todos ustedes\u201d, dicen los integrantes de este conjunto que est\u00e1 celebrando su sexto a\u00f1o de existencia.<\/p>\n<p dir=\"ltr\">En los seis a\u00f1os de actividad, el Coro Acardenchado se ha convertido en una de las agrupaciones m\u00e1s destacadas del panorama de la m\u00fasica mexicana, gracias a su intensa labor de divulgaci\u00f3n del canto cardenche, ese g\u00e9nero vocal que destaca en s\u00ed mismo por poner en primer plano las emociones humanas, el dramatismo y la melancol\u00eda \u201cque emergen de manera natural de la voz sin acompa\u00f1amiento instrumental\u201d.<\/p>\n<p dir=\"ltr\">En el concierto Coro Acardenchado presenta: El cardo en flor, el conjunto har\u00e1, en una aut\u00e9ntica puesta en escena, un recorrido musical que va del contexto urbano e industrial a la quietud de los espacios naturales. El medio es el canto comunitario, lo que en esencia es la canci\u00f3n cardenche, que se interpreta a capela y que toma su nombre de una planta cact\u00e1cea con espinas que desgarra la carne si se clava en la piel.<\/p>\n<p dir=\"ltr\">El Coro Acardenchado viene de realizar en 2020 un video-concierto, comisionado por el festival Celebrate Mexico Now (con sede en Nueva York, Estados Unidos), y el Museo Universitario del Chopo de la Universidad Nacional Aut\u00f3noma de M\u00e9xico (UNAM), el cual fue grabado en Seminario 12, emblem\u00e1tico recinto del Centro Hist\u00f3rico de la Ciudad de M\u00e9xico. Hace un a\u00f1o tambi\u00e9n se present\u00f3 en el recinto de Donceles en un af\u00e1n de acompa\u00f1amiento solidario con los capitalinos por las restricciones a causa de la pandemia.<\/p>\n<p dir=\"ltr\">Ahora, con esfuerzos y entusiasmo renovados, el espect\u00e1culo musical El cardo en flor se nutre con la reinterpretaci\u00f3n de repertorio tradicional del grupo con arreglos contempor\u00e1neos, que permiten el uso de la improvisaci\u00f3n libre, el paisaje sonoro y la percusi\u00f3n corporal.<\/p>\n<p dir=\"ltr\">La puesta en escena incluye adem\u00e1s el estreno de varias piezas originales y arreglos nuevos a temas como Al pie de un verde maguey, Cuando la redonda luna y Los horizontes, as\u00ed como las canciones extra\u00eddas de su m\u00e1s reciente producci\u00f3n discogr\u00e1fica titulada Aquellos otros, entre las que se encuentran Ya se van las golondrinas; Yo ya me voy, amigos m\u00edos; P\u00e1sele, p\u00e1sele; Una ma\u00f1ana muy transparente, y Ojitos negros, entre otras.<\/p>\n<p dir=\"ltr\">El Coro Acardenchado est\u00e1 conformado por Gustavo Rangel, JC Taylor, C\u00e9sar Mart\u00ednez, Daniela Moyado, Mar\u00eda Emilia Mart\u00ednez, Andrea Villela, Citlalli Fuentes, Mar\u00eda del Rosario Beltr\u00e1n, Emilio Bozzano, Luc\u00eda Escobar, Benjam\u00edn Torres, Ana Cecilia Mariscal, Jacobo Hern\u00e1ndez, Mauricio Jim\u00e9nez Quinto, Zabdi Blanco, Ana Emilia Skala, Gabriela \u00c1lvarez, Natalia Carballo, Ricardo Estrada, Carmen Gonz\u00e1lez y Nay Stanfield.<\/p>\n<p dir=\"ltr\">Fundado en 2016, el conjunto naci\u00f3 en un homenaje que se rindi\u00f3 a los Cardencheros de Sapioriz, agrupaci\u00f3n con la que ahora han establecido un proyecto de colaboraci\u00f3n que incluye desde talleres, hasta exitosos conciertos en diversos foros del pa\u00eds y la fundaci\u00f3n de Tierra del Cardenche, asociaci\u00f3n que brinda recursos para la manutenci\u00f3n del recinto al Canto Cardenche, ubicado en Sapioriz, Durango.<\/p>\n<p dir=\"ltr\">El Coro Acardenchado ha participado en actividades y espacios como el primer desfile del D\u00eda de Muertos de la Ciudad de M\u00e9xico, el Z\u00f3calo capitalino, el Foro Cultural El Rule, la Fonoteca Nacional y otros foros del interior de la Rep\u00fablica Mexicana. Actualmente preparan su siguiente material discogr\u00e1fico con piezas originales, arreglos y canciones de Leika Moch\u00e1n, Mariel Henry y Juan Pablo Villa.<\/p>\n<p dir=\"ltr\">Coro Acardenchado presenta: El cardo en flor se llevar\u00e1 a cabo el jueves 19 y viernes 20 de mayo a las 20:30 horas en el Teatro de la Ciudad Esperanza Iris (Donceles 36, Centro Hist\u00f3rico, Metro Allende), con los cuidados necesarios: uso de cubre-bocas y de gel anti-bacterial. Aforo al 100 % de la capacidad del recinto.<\/p>\n<p dir=\"ltr\">Admisi\u00f3n: Luneta y Primer Piso Plus, $250; Primer Piso, $200; Anfiteatro y Galer\u00eda, $150. Los boletos se pueden adquirir en la taquilla del teatro y en las plataformas digitales de Ticketmaster.<\/p>\n<p dir=\"ltr\">Para conocer la programaci\u00f3n de la Direcci\u00f3n del Sistema de Teatros de la Ciudad de M\u00e9xico visite las redes sociales: Facebook @TeatrosCdMexico, Twitter @TeatrosCdMexico e Instagram @teatroscdmexico.<\/p>\n<p dir=\"ltr\">\u00a0Siga a la Secretar\u00eda de Cultura de la Ciudad de M\u00e9xico a trav\u00e9s de su p\u00e1gina oficial (<a href=\"https:\/\/cultura.cdmx.gob.mx\/\" target=\"_blank\" rel=\"noopener noreferrer\" data-auth=\"NotApplicable\" data-linkindex=\"1\">https:\/\/cultura.cdmx.gob.mx\/<\/a>), sus redes sociales (Facebook, Twitter, Instagram y YouTube) y en la plataforma digital Capital Cultural en Nuestra Casa.<\/p>\n<p>[\/fusion_text][fusion_imageframe image_id=&#8221;44204|medium&#8221; max_width=&#8221;&#8221; style_type=&#8221;&#8221; blur=&#8221;&#8221; stylecolor=&#8221;&#8221; hover_type=&#8221;none&#8221; bordersize=&#8221;&#8221; bordercolor=&#8221;&#8221; borderradius=&#8221;&#8221; align=&#8221;none&#8221; lightbox=&#8221;no&#8221; gallery_id=&#8221;&#8221; lightbox_image=&#8221;&#8221; lightbox_image_id=&#8221;&#8221; alt=&#8221;&#8221; link=&#8221;&#8221; linktarget=&#8221;_self&#8221; hide_on_mobile=&#8221;small-visibility,medium-visibility,large-visibility&#8221; class=&#8221;&#8221; id=&#8221;&#8221; animation_type=&#8221;&#8221; animation_direction=&#8221;left&#8221; animation_speed=&#8221;0.3&#8243; animation_offset=&#8221;&#8221;]https:\/\/www.bitacoracdmx.com\/wp-content\/uploads\/2022\/05\/descargar-2022-05-12T170045.307-216&#215;300.png[\/fusion_imageframe][\/fusion_builder_column][\/fusion_builder_row][\/fusion_builder_container]<\/p>\n","protected":false},"excerpt":{"rendered":"<p>[fusion_builder_container hundred_percent=&#8221;no&#8221; equal_height_columns=&#8221;no&#8221; menu_anchor=&#8221;&#8221; hide_on_mobile=&#8221;small-visibility,medium-visibility,large-visibility&#8221; class=&#8221;&#8221; id=&#8221;&#8221; background_color=&#8221;&#8221; background_image=&#8221;&#8221; background_position=&#8221;center center&#8221; background_repeat=&#8221;no-repeat&#8221; fade=&#8221;no&#8221; background_parallax=&#8221;none&#8221; parallax_speed=&#8221;0.3&#8243; video_mp4=&#8221;&#8221; video_webm=&#8221;&#8221; video_ogv=&#8221;&#8221; video_url=&#8221;&#8221; video_aspect_ratio=&#8221;16:9&#8243; video_loop=&#8221;yes&#8221; video_mute=&#8221;yes&#8221; overlay_color=&#8221;&#8221; video_preview_image=&#8221;&#8221; border_size=&#8221;&#8221; border_color=&#8221;&#8221; border_style=&#8221;solid&#8221; padding_top=&#8221;&#8221; padding_bottom=&#8221;&#8221; padding_left=&#8221;&#8221; padding_right=&#8221;&#8221;][fusion_builder_row][fusion_builder_column type=&#8221;1_1&#8243; layout=&#8221;1_1&#8243; background_position=&#8221;left top&#8221; background_color=&#8221;&#8221; border_size=&#8221;&#8221; border_color=&#8221;&#8221; border_style=&#8221;solid&#8221; border_position=&#8221;all&#8221; spacing=&#8221;yes&#8221; background_image=&#8221;&#8221; background_repeat=&#8221;no-repeat&#8221; padding_top=&#8221;&#8221; padding_right=&#8221;&#8221; padding_bottom=&#8221;&#8221; padding_left=&#8221;&#8221; margin_top=&#8221;0px&#8221; margin_bottom=&#8221;0px&#8221; class=&#8221;&#8221; id=&#8221;&#8221; animation_type=&#8221;&#8221; animation_speed=&#8221;0.3&#8243; animation_direction=&#8221;left&#8221; hide_on_mobile=&#8221;small-visibility,medium-visibility,large-visibility&#8221; center_content=&#8221;no&#8221; last=&#8221;no&#8221; min_height=&#8221;&#8221; hover_type=&#8221;none&#8221; link=&#8221;&#8221;][fusion_text] REDACCI\u00d3N La agrupaci\u00f3n de canto a capela ofrecer\u00e1 un concierto con viejas y nuevas canciones, as\u00ed como especiales arreglos musicales los d\u00edas 19 y 20 de mayo a las 20:30 horas Bajo la direcci\u00f3n conjunta de Juan Pablo Villa, Leika [&hellip;]<\/p>\n","protected":false},"author":1,"featured_media":44204,"comment_status":"open","ping_status":"open","sticky":false,"template":"","format":"standard","meta":{"footnotes":""},"categories":[9,14],"tags":[],"_links":{"self":[{"href":"https:\/\/www.bitacoracdmx.com\/index.php?rest_route=\/wp\/v2\/posts\/44203"}],"collection":[{"href":"https:\/\/www.bitacoracdmx.com\/index.php?rest_route=\/wp\/v2\/posts"}],"about":[{"href":"https:\/\/www.bitacoracdmx.com\/index.php?rest_route=\/wp\/v2\/types\/post"}],"author":[{"embeddable":true,"href":"https:\/\/www.bitacoracdmx.com\/index.php?rest_route=\/wp\/v2\/users\/1"}],"replies":[{"embeddable":true,"href":"https:\/\/www.bitacoracdmx.com\/index.php?rest_route=%2Fwp%2Fv2%2Fcomments&post=44203"}],"version-history":[{"count":1,"href":"https:\/\/www.bitacoracdmx.com\/index.php?rest_route=\/wp\/v2\/posts\/44203\/revisions"}],"predecessor-version":[{"id":44205,"href":"https:\/\/www.bitacoracdmx.com\/index.php?rest_route=\/wp\/v2\/posts\/44203\/revisions\/44205"}],"wp:featuredmedia":[{"embeddable":true,"href":"https:\/\/www.bitacoracdmx.com\/index.php?rest_route=\/wp\/v2\/media\/44204"}],"wp:attachment":[{"href":"https:\/\/www.bitacoracdmx.com\/index.php?rest_route=%2Fwp%2Fv2%2Fmedia&parent=44203"}],"wp:term":[{"taxonomy":"category","embeddable":true,"href":"https:\/\/www.bitacoracdmx.com\/index.php?rest_route=%2Fwp%2Fv2%2Fcategories&post=44203"},{"taxonomy":"post_tag","embeddable":true,"href":"https:\/\/www.bitacoracdmx.com\/index.php?rest_route=%2Fwp%2Fv2%2Ftags&post=44203"}],"curies":[{"name":"wp","href":"https:\/\/api.w.org\/{rel}","templated":true}]}}