{"id":44209,"date":"2022-05-12T22:17:31","date_gmt":"2022-05-12T22:17:31","guid":{"rendered":"https:\/\/www.bitacoracdmx.com\/?p=44209"},"modified":"2022-05-12T22:17:31","modified_gmt":"2022-05-12T22:17:31","slug":"pipe-murillo-llega-a-mexico-para-ofrecer-un-tributo-a-eddie-santiago","status":"publish","type":"post","link":"https:\/\/www.bitacoracdmx.com\/?p=44209","title":{"rendered":"PIPE MURILLO llega a M\u00e9xico para ofrecer un tributo a EDDIE SANTIAGO"},"content":{"rendered":"<p>[fusion_builder_container hundred_percent=&#8221;no&#8221; equal_height_columns=&#8221;no&#8221; menu_anchor=&#8221;&#8221; hide_on_mobile=&#8221;small-visibility,medium-visibility,large-visibility&#8221; class=&#8221;&#8221; id=&#8221;&#8221; background_color=&#8221;&#8221; background_image=&#8221;&#8221; background_position=&#8221;center center&#8221; background_repeat=&#8221;no-repeat&#8221; fade=&#8221;no&#8221; background_parallax=&#8221;none&#8221; parallax_speed=&#8221;0.3&#8243; video_mp4=&#8221;&#8221; video_webm=&#8221;&#8221; video_ogv=&#8221;&#8221; video_url=&#8221;&#8221; video_aspect_ratio=&#8221;16:9&#8243; video_loop=&#8221;yes&#8221; video_mute=&#8221;yes&#8221; overlay_color=&#8221;&#8221; video_preview_image=&#8221;&#8221; border_size=&#8221;&#8221; border_color=&#8221;&#8221; border_style=&#8221;solid&#8221; padding_top=&#8221;&#8221; padding_bottom=&#8221;&#8221; padding_left=&#8221;&#8221; padding_right=&#8221;&#8221;][fusion_builder_row][fusion_builder_column type=&#8221;1_1&#8243; layout=&#8221;1_1&#8243; background_position=&#8221;left top&#8221; background_color=&#8221;&#8221; border_size=&#8221;&#8221; border_color=&#8221;&#8221; border_style=&#8221;solid&#8221; border_position=&#8221;all&#8221; spacing=&#8221;yes&#8221; background_image=&#8221;&#8221; background_repeat=&#8221;no-repeat&#8221; padding_top=&#8221;&#8221; padding_right=&#8221;&#8221; padding_bottom=&#8221;&#8221; padding_left=&#8221;&#8221; margin_top=&#8221;0px&#8221; margin_bottom=&#8221;0px&#8221; class=&#8221;&#8221; id=&#8221;&#8221; animation_type=&#8221;&#8221; animation_speed=&#8221;0.3&#8243; animation_direction=&#8221;left&#8221; hide_on_mobile=&#8221;small-visibility,medium-visibility,large-visibility&#8221; center_content=&#8221;no&#8221; last=&#8221;no&#8221; min_height=&#8221;&#8221; hover_type=&#8221;none&#8221; link=&#8221;&#8221;][fusion_text]<\/p>\n<p>REDACCI\u00d3N<\/p>\n<p><i>*El Gigante Gran Sal\u00f3n de Estado de M\u00e9xico Viernes 13 de Mayo de 2022<\/i><\/p>\n<p><i>*En el Sal\u00f3n Caribe de CDMX se presenta el Viernes 13 de Mayo de 2022<\/i><\/p>\n<p><i>En los Reyes la Paz, Estado de M\u00e9xico, en el Sal\u00f3n Jefe de Jefes el S\u00e1bado 14 de Mayo de 2022<\/i><\/p>\n<p><i>*Assukar Puebla Show Center el Jueves 19 de mayo de 2022, en Puebla<\/i><\/p>\n<p><i>*En Iguana rana de Xochimilco, CDMX el Viernes 20 de Mayo de 2022<\/i><\/p>\n<p><i>*Club latino de Quer\u00e9taro el S\u00e1bado 28 de Mayo de 2022<\/i><\/p>\n<p><i>*ExBalneario Ol\u00edmpico de Pantitl\u00e1n, en CDMX el S\u00e1bado 04 de Junio de 2022<\/i><\/p>\n<p>El colombiano Pipe Murillo se encuentra en M\u00e9xico para ofrecer una serie de conciertos espectaculares homenajeando a Eddie Santiago, esto, como parte de una gira mundial que lo ha estado llevando a todo Am\u00e9rica y Europa y que lo ha posicionado como uno de los artistas m\u00e1s queridos sobre todo por su fidelidad al hacer los temas m\u00e1s ic\u00f3nicos de Eddie Santiago.<\/p>\n<p>Dicha gira abarcar\u00e1 primeramente El Gigante Gran Sal\u00f3n del Estado de M\u00e9xico el Viernes 13 de Mayo de 2022, luego el Sal\u00f3n Caribe de CDMX, donde se presenta el Viernes 13 de Mayo de 2022. Luego, Pipe llega a los Reyes la Paz, Estado de M\u00e9xico, en el Sal\u00f3n Jefe de Jefes el S\u00e1bado 14 de Mayo de 2022 y en Assukar Puebla Show Center el Jueves 19 de mayo de 2022, en Puebla. Al d\u00eda siguiente llega al Iguana rana de Xochimilco, CDMX el Viernes 20 de Mayo de 2022 y finalmente un cierre majestuoso en el Club Latino de Quer\u00e9taro el S\u00e1bado 28 de Mayo y por \u00faltimo en el ExBalneario Ol\u00edmpico de Pantitl\u00e1n, en CDMX el S\u00e1bado 04 de Junio de 2022.<\/p>\n<p>Naci\u00f3 en Santiago de Cali, el 27 de Septiembre de 1988, desde ni\u00f1o como buen cale\u00f1o le llam\u00f3 mucho la atenci\u00f3n la m\u00fasica (Salsa) y la fue desarrollando en eventos privados, discotecas. Pero es a la edad 23 a\u00f1os que toma la decisi\u00f3n de confiar en el talento que ten\u00eda y presentarse al programa de Yo me llamo Colombia por primera vez, no teniendo los resultados m\u00e1s positivos. En el a\u00f1o 2019 nuevamente se presenta al reality de yo me llamo Colombia como Yo me llamo Eddie Santiago obteniendo un no como resultado por parte del jurado, pero con todo el apoyo del p\u00fablico a nivel mundial.<\/p>\n<p>Tres mil comentarios pidiendo su regreso, ocho mil likes y m\u00e1s de 745 mil reproducciones en Yotube en ese momento, han hecho que sea reconocido en todo el mundo. Su parecido f\u00edsico y su voz rememoraron los mejores a\u00f1os del salsero rom\u00e1ntico, mientras en la capital vallecaucana nac\u00eda el que ser\u00eda su doble perfecto m\u00e1s querido por toda la gente. Hoy en d\u00eda con su trabajo y esfuerzo han hecho que sea reconocido como el Tributo a Eddie Santiago m\u00e1s solicitado por los empresarios a nivel mundial viajando por Europa a Castell\u00f3n, Palmas de Mallorca, La Coru\u00f1a Ferrol, Mil\u00e1n, Italia, Barcelona, Valencia, Holanda, Par\u00eds, Suiza, Ibiza, Fuerteventura, Islas Canarias y por Sudam\u00e9rica a Chile y Ecuador.<\/p>\n<p>Fueron 5 minutos de fama que tuvo durante el casting del reality \u201cYo me llamo Colombia\u201d y fueron suficientes para que Andr\u00e9s Felipe Murillo se diera a conocer como el doble perfecto de Eddie Santiago, ahora con 1.063.558 visualizaciones en Yotube y m\u00e1s de 4166 comentarios positivos en cada una de sus presentaciones muestran el talento que como artista siempre ha tenido y que con la ayuda de Dios seguir\u00e1 dando a conocer.<\/p>\n<p><b>Pipe Murillo llega e su gira al Gigante Gran Sal\u00f3n del Estado de M\u00e9xico el Viernes 13 de Mayo de 2022, luego el Sal\u00f3n Caribe de CDMX, donde se presenta el Viernes 13 de Mayo de 2022. Luego, Pipe llega a los Reyes la Paz, Estado de M\u00e9xico, en el Sal\u00f3n Jefe de Jefes el S\u00e1bado 14 de Mayo de 2022 y en Assukar Puebla Show Center el Jueves 19 de mayo de 2022, en Puebla. Al d\u00eda siguiente llega al Iguana rana de Xochimilco, CDMX el Viernes 20 de Mayo de 2022 y finalmente un cierre majestuoso en el Club Latino de Quer\u00e9taro el S\u00e1bado 28 de Mayo y por \u00faltimo en el ExBalneario Ol\u00edmpico de Pantitl\u00e1n, en CDMX el S\u00e1bado 04 de Junio de 2022.\u00a0<\/b><\/p>\n<p>[\/fusion_text][fusion_imageframe image_id=&#8221;44210|medium&#8221; max_width=&#8221;&#8221; style_type=&#8221;&#8221; blur=&#8221;&#8221; stylecolor=&#8221;&#8221; hover_type=&#8221;none&#8221; bordersize=&#8221;&#8221; bordercolor=&#8221;&#8221; borderradius=&#8221;&#8221; align=&#8221;none&#8221; lightbox=&#8221;no&#8221; gallery_id=&#8221;&#8221; lightbox_image=&#8221;&#8221; lightbox_image_id=&#8221;&#8221; alt=&#8221;&#8221; link=&#8221;&#8221; linktarget=&#8221;_self&#8221; hide_on_mobile=&#8221;small-visibility,medium-visibility,large-visibility&#8221; class=&#8221;&#8221; id=&#8221;&#8221; animation_type=&#8221;&#8221; animation_direction=&#8221;left&#8221; animation_speed=&#8221;0.3&#8243; animation_offset=&#8221;&#8221;]https:\/\/www.bitacoracdmx.com\/wp-content\/uploads\/2022\/05\/PIPE-MURILLO-FOTO1-300&#215;200.jpeg[\/fusion_imageframe][\/fusion_builder_column][\/fusion_builder_row][\/fusion_builder_container]<\/p>\n","protected":false},"excerpt":{"rendered":"<p>[fusion_builder_container hundred_percent=&#8221;no&#8221; equal_height_columns=&#8221;no&#8221; menu_anchor=&#8221;&#8221; hide_on_mobile=&#8221;small-visibility,medium-visibility,large-visibility&#8221; class=&#8221;&#8221; id=&#8221;&#8221; background_color=&#8221;&#8221; background_image=&#8221;&#8221; background_position=&#8221;center center&#8221; background_repeat=&#8221;no-repeat&#8221; fade=&#8221;no&#8221; background_parallax=&#8221;none&#8221; parallax_speed=&#8221;0.3&#8243; video_mp4=&#8221;&#8221; video_webm=&#8221;&#8221; video_ogv=&#8221;&#8221; video_url=&#8221;&#8221; video_aspect_ratio=&#8221;16:9&#8243; video_loop=&#8221;yes&#8221; video_mute=&#8221;yes&#8221; overlay_color=&#8221;&#8221; video_preview_image=&#8221;&#8221; border_size=&#8221;&#8221; border_color=&#8221;&#8221; border_style=&#8221;solid&#8221; padding_top=&#8221;&#8221; padding_bottom=&#8221;&#8221; padding_left=&#8221;&#8221; padding_right=&#8221;&#8221;][fusion_builder_row][fusion_builder_column type=&#8221;1_1&#8243; layout=&#8221;1_1&#8243; background_position=&#8221;left top&#8221; background_color=&#8221;&#8221; border_size=&#8221;&#8221; border_color=&#8221;&#8221; border_style=&#8221;solid&#8221; border_position=&#8221;all&#8221; spacing=&#8221;yes&#8221; background_image=&#8221;&#8221; background_repeat=&#8221;no-repeat&#8221; padding_top=&#8221;&#8221; padding_right=&#8221;&#8221; padding_bottom=&#8221;&#8221; padding_left=&#8221;&#8221; margin_top=&#8221;0px&#8221; margin_bottom=&#8221;0px&#8221; class=&#8221;&#8221; id=&#8221;&#8221; animation_type=&#8221;&#8221; animation_speed=&#8221;0.3&#8243; animation_direction=&#8221;left&#8221; hide_on_mobile=&#8221;small-visibility,medium-visibility,large-visibility&#8221; center_content=&#8221;no&#8221; last=&#8221;no&#8221; min_height=&#8221;&#8221; hover_type=&#8221;none&#8221; link=&#8221;&#8221;][fusion_text] REDACCI\u00d3N *El Gigante Gran Sal\u00f3n de Estado de M\u00e9xico Viernes 13 de Mayo de 2022 *En el Sal\u00f3n Caribe de CDMX se presenta el Viernes 13 de Mayo de 2022 En los Reyes la Paz, Estado de M\u00e9xico, en el [&hellip;]<\/p>\n","protected":false},"author":1,"featured_media":44210,"comment_status":"open","ping_status":"open","sticky":false,"template":"","format":"standard","meta":{"footnotes":""},"categories":[9,11],"tags":[],"_links":{"self":[{"href":"https:\/\/www.bitacoracdmx.com\/index.php?rest_route=\/wp\/v2\/posts\/44209"}],"collection":[{"href":"https:\/\/www.bitacoracdmx.com\/index.php?rest_route=\/wp\/v2\/posts"}],"about":[{"href":"https:\/\/www.bitacoracdmx.com\/index.php?rest_route=\/wp\/v2\/types\/post"}],"author":[{"embeddable":true,"href":"https:\/\/www.bitacoracdmx.com\/index.php?rest_route=\/wp\/v2\/users\/1"}],"replies":[{"embeddable":true,"href":"https:\/\/www.bitacoracdmx.com\/index.php?rest_route=%2Fwp%2Fv2%2Fcomments&post=44209"}],"version-history":[{"count":1,"href":"https:\/\/www.bitacoracdmx.com\/index.php?rest_route=\/wp\/v2\/posts\/44209\/revisions"}],"predecessor-version":[{"id":44211,"href":"https:\/\/www.bitacoracdmx.com\/index.php?rest_route=\/wp\/v2\/posts\/44209\/revisions\/44211"}],"wp:featuredmedia":[{"embeddable":true,"href":"https:\/\/www.bitacoracdmx.com\/index.php?rest_route=\/wp\/v2\/media\/44210"}],"wp:attachment":[{"href":"https:\/\/www.bitacoracdmx.com\/index.php?rest_route=%2Fwp%2Fv2%2Fmedia&parent=44209"}],"wp:term":[{"taxonomy":"category","embeddable":true,"href":"https:\/\/www.bitacoracdmx.com\/index.php?rest_route=%2Fwp%2Fv2%2Fcategories&post=44209"},{"taxonomy":"post_tag","embeddable":true,"href":"https:\/\/www.bitacoracdmx.com\/index.php?rest_route=%2Fwp%2Fv2%2Ftags&post=44209"}],"curies":[{"name":"wp","href":"https:\/\/api.w.org\/{rel}","templated":true}]}}