{"id":44352,"date":"2022-05-23T00:49:28","date_gmt":"2022-05-23T00:49:28","guid":{"rendered":"https:\/\/www.bitacoracdmx.com\/?p=44352"},"modified":"2022-05-23T00:49:28","modified_gmt":"2022-05-23T00:49:28","slug":"en-su-sexta-edicion-el-ciclo-entre-lenchas-vestidas-y-musculocas-ofrecera-un-luminoso-y-potente-arcoiris-escenico","status":"publish","type":"post","link":"https:\/\/www.bitacoracdmx.com\/?p=44352","title":{"rendered":"En su sexta edici\u00f3n, EL CICLO ENTRE LENCHAS, VESTIDAS Y MUSCULOCAS ofrecer\u00e1 un luminoso y potente arco\u00edris esc\u00e9nico"},"content":{"rendered":"<p>[fusion_builder_container hundred_percent=&#8221;no&#8221; equal_height_columns=&#8221;no&#8221; menu_anchor=&#8221;&#8221; hide_on_mobile=&#8221;small-visibility,medium-visibility,large-visibility&#8221; class=&#8221;&#8221; id=&#8221;&#8221; background_color=&#8221;&#8221; background_image=&#8221;&#8221; background_position=&#8221;center center&#8221; background_repeat=&#8221;no-repeat&#8221; fade=&#8221;no&#8221; background_parallax=&#8221;none&#8221; parallax_speed=&#8221;0.3&#8243; video_mp4=&#8221;&#8221; video_webm=&#8221;&#8221; video_ogv=&#8221;&#8221; video_url=&#8221;&#8221; video_aspect_ratio=&#8221;16:9&#8243; video_loop=&#8221;yes&#8221; video_mute=&#8221;yes&#8221; overlay_color=&#8221;&#8221; video_preview_image=&#8221;&#8221; border_size=&#8221;&#8221; border_color=&#8221;&#8221; border_style=&#8221;solid&#8221; padding_top=&#8221;&#8221; padding_bottom=&#8221;&#8221; padding_left=&#8221;&#8221; padding_right=&#8221;&#8221;][fusion_builder_row][fusion_builder_column type=&#8221;1_1&#8243; layout=&#8221;1_1&#8243; background_position=&#8221;left top&#8221; background_color=&#8221;&#8221; border_size=&#8221;&#8221; border_color=&#8221;&#8221; border_style=&#8221;solid&#8221; border_position=&#8221;all&#8221; spacing=&#8221;yes&#8221; background_image=&#8221;&#8221; background_repeat=&#8221;no-repeat&#8221; padding_top=&#8221;&#8221; padding_right=&#8221;&#8221; padding_bottom=&#8221;&#8221; padding_left=&#8221;&#8221; margin_top=&#8221;0px&#8221; margin_bottom=&#8221;0px&#8221; class=&#8221;&#8221; id=&#8221;&#8221; animation_type=&#8221;&#8221; animation_speed=&#8221;0.3&#8243; animation_direction=&#8221;left&#8221; hide_on_mobile=&#8221;small-visibility,medium-visibility,large-visibility&#8221; center_content=&#8221;no&#8221; last=&#8221;no&#8221; min_height=&#8221;&#8221; hover_type=&#8221;none&#8221; link=&#8221;&#8221;][fusion_text]<\/p>\n<p>REDACCI\u00d3N<\/p>\n<div class=\"x_gmail_default\">\n<div class=\"x_gmail_default\">\n<ul>\n<li dir=\"ltr\">\n<p dir=\"ltr\" role=\"presentation\">Durante los meses de mayo, junio y julio, se contar\u00e1 con la participaci\u00f3n de m\u00e1s de veinte propuestas art\u00edsticas<\/p>\n<\/li>\n<li dir=\"ltr\">\n<p dir=\"ltr\" role=\"presentation\">El Teatro de la Ciudad Esperanza Iris, el Teatro Sergio Maga\u00f1a, el Teatro Benito Ju\u00e1rez y el Foro A Poco No recibir\u00e1n a artistas como Eyibra, M\u00e9xico de Colores, Coro Gay Ciudad de M\u00e9xico, Roberto Cabral y Dar\u00edo T. Pie, entre muchos otros<\/p>\n<\/li>\n<li dir=\"ltr\">\n<p dir=\"ltr\" role=\"presentation\">Por segundo a\u00f1o consecutivo, las artes pl\u00e1sticas estar\u00e1n representadas<\/p>\n<\/li>\n<\/ul>\n<p dir=\"ltr\">Los Derechos, la Diversidad, el Respeto, la Equidad, la Comprensi\u00f3n, el Amor, la Inclusi\u00f3n, el Orgullo, la Libertad y la Esperanza, se dar\u00e1n cita nuevamente en los escenarios de Teatros de la Ciudad de M\u00e9xico, a trav\u00e9s de m\u00faltiples propuestas art\u00edsticas que integran la sexta edici\u00f3n del ciclo Entre lenchas, vestidas y musculocas.<\/p>\n<p dir=\"ltr\">Durante los meses de mayo, junio y julio, el primer encuentro en su tipo en nuestro pa\u00eds refrenda la importancia de la diversidad en el arte, la cultura y la sociedad con un abanico de m\u00e1s de veinte propuestas que incluyen M\u00fasica, Teatro, Danza, \u00d3pera, Multidisciplina, Cabaret, Cine y Espect\u00e1culos para ni\u00f1as y ni\u00f1os, as\u00ed como Artes pl\u00e1sticas.<\/p>\n<p dir=\"ltr\">Con una nutrida y entusiasta participaci\u00f3n de la comunidad art\u00edstica, la Secretar\u00eda de Cultura de la Ciudad de M\u00e9xico, a trav\u00e9s de la Direcci\u00f3n del Sistema de Teatros, organiza este ciclo de voces, pensamientos y acciones encaminadas a honrar, celebrar y festejar a la comunidad L\u00e9sbico, Gay, Bisexual, Transg\u00e9nero, Transexual, Travesti, Intersexual, Queer y m\u00e1s (LGBTTTIQ+).<\/p>\n<p dir=\"ltr\">Programaci\u00f3n<\/p>\n<p dir=\"ltr\">El Teatro de la Ciudad Esperanza Iris est\u00e1 preparado para recibir todo el colorido de los artistas que iluminar\u00e1n con su presencia la programaci\u00f3n. El viernes 27 de mayo el reconocido artista lituano-estadounidense Eyibra presentar\u00e1, acompa\u00f1ado de NNUX, su nuevo \u00e1lbum: Diomede, que explora lo queer, lo no binario y la fluidez de g\u00e9nero.<\/p>\n<p dir=\"ltr\">Unforgetta Ball. Neo Aztl\u00e1n, el lugar de las garzas, de Gary Revlon, Adonis Vemanei y Furia 7, bajo la direcci\u00f3n Roberto Cabral, ser\u00e1 un espacio de inclusi\u00f3n y expresi\u00f3n para las disidencias sexuales, especialmente las identidades trans, que se compartir\u00e1 el domingo 29 de mayo.<\/p>\n<p dir=\"ltr\">Los d\u00edas 3 y 5 de junio, la \u00d3pera Stonewall, bajo la direcci\u00f3n de Antonio Azpiri, conmemorar\u00e1 el evento que dio origen a las marchas del orgullo gay en todo el mundo. Con rabia, valor y esperanza se abordar\u00e1 este acto social que inici\u00f3 una revoluci\u00f3n cultural en todo el mundo.<\/p>\n<p dir=\"ltr\">El s\u00e1bado 4, Carlos Ant\u00fanez y su compa\u00f1\u00eda ofrecer\u00e1n M\u00e9xico de Colores presenta: Mayate\u2026 producto nacional. 11 aniversario, una b\u00fasqueda inspirada en el folclor nacional, que mezcla cabaret, teatro, s\u00e1tira y comedia. Posteriormente, el mi\u00e9rcoles 8, se llevar\u00e1 a cabo la inauguraci\u00f3n del 26\u00ba Festival Mix M\u00e9xico: Cine y Diversidad, un encuentro que se ha convertido en un referente de nuestra cartelera.<\/p>\n<p dir=\"ltr\">El s\u00e1bado 11 y el domingo 12, regresa a nuestro pa\u00eds la exitosa propuesta de Producciones Rokamboleskas, Juguetes rotos, la cual desde Espa\u00f1a, nos hablar\u00e1 de identidad sexual, memoria, complicidad y amor. La historia de Mario volver\u00e1 a los escenarios mexicanos para caminar junto a \u00e9l su infancia, su casa, su pueblo.<\/p>\n<p dir=\"ltr\">Un recorrido musical de los a\u00f1os setenta hasta la actualidad ser\u00e1 lo que ofrecer\u00e1, el 15 y 16 de junio, el Coro Gay Ciudad de M\u00e9xico con Peace &amp; Pride, en el que la m\u00fasica, el colorido y las lentejuelas har\u00e1n brillar a todos los asistentes.<\/p>\n<p dir=\"ltr\">El 18 y 19 de junio, Males on Pointe presenta Men In Tutus ser\u00e1 un espect\u00e1culo de ballet cl\u00e1sico y moderno que deconstruye estereotipos de g\u00e9nero en la danza y, desde la comedia, la irreverencia y el absurdo abordar\u00e1 fragmentos de El lago de los cisnes, El Corsario y Go for barroco.<\/p>\n<p dir=\"ltr\">Las Histri\u00f3nicas Hermanas H\u00edmenez vuelven el jueves 23 ConCierta Incontinencia, propuesta en el que el grupo punk se reencuentra despu\u00e9s de a\u00f1os para \u201ccuestionar el sistema heterosexual en el que vivieron\u201d y retomar el control de sus propias vidas.<\/p>\n<p dir=\"ltr\">Uno de los eventos m\u00e1s esperados se llevar\u00e1 a cabo, por segunda ocasi\u00f3n, el s\u00e1bado 25 de junio, Esperanza Drag. Concurso de Lip Sync, idea original de Javier Rojas Trejo, que re\u00fane a m\u00faltiples drags en diversas competencias para mostrar su talento, coraje y disciplina. En este acto, se entregar\u00e1 el Reconocimiento a la Trayectoria Torcida, distinci\u00f3n que se hace a una persona que ha luchado por la defensa de los derechos LGBTTTIQ+.<\/p>\n<p dir=\"ltr\">Al d\u00eda siguiente, domingo 26, desde Espa\u00f1a llega el espect\u00e1culo \u00a1Viva! de Manuel Li\u00f1\u00e1n, un recorrido por las memorias del artista, en las cuales se observan las reglas sociales y art\u00edsticas que se le impon\u00edan en su infancia. El espect\u00e1culo retomar\u00e1 extractos de Juego y teor\u00eda del duende de Federico Garc\u00eda Lorca.<\/p>\n<p dir=\"ltr\">El 30 de junio, se presentar\u00e1 Cabaret-Drag Queen \/ Floreciendo de noche, propuesta en la que se acompa\u00f1ar\u00e1 a Luis Omar en un cabaretesco viaje de comprensi\u00f3n hacia la diferencia; un espect\u00e1culo lleno de humor, m\u00fasica y cr\u00edtica social y pol\u00edtica.<\/p>\n<p dir=\"ltr\">El mes de julio arranca en el Teatro de la Ciudad Esperanza Iris, con Ac\u00e1 en la Tierra, autor\u00eda de Luis Eduardo Yee y direcci\u00f3n de Rebeca Trejo, que presentar\u00e1, el domingo 3 de julio, una puesta en escena para ni\u00f1as y ni\u00f1os que aborda el tema de las infancias trans de una manera l\u00fadica y amorosa.<\/p>\n<p dir=\"ltr\">La Ro\u00f1a. Como veo\u2026 \u00a1doy!, direcci\u00f3n de Dar\u00edo T. Pie, se ofrecer\u00e1 el jueves 7 de julio, un espect\u00e1culo en el cual el personaje principal utilizar\u00e1 toda la libertad que le da el cabaret para hablar de sexualidad, amor, sociedad y pol\u00edtica desde su peculiar punto de vista.<\/p>\n<p dir=\"ltr\">Autor\u00eda de Luis Mario Moncada y direcci\u00f3n de Mart\u00edn Acosta, Junio en el 93 se presentar\u00e1 el s\u00e1bado 23 de julio. Con un gran \u00e9xito en la cartelera teatral, la puesta llegar\u00e1 al recinto de Donceles para habla y dimensionar c\u00f3mo era vivir con VIH hace casi treinta a\u00f1os.<\/p>\n<p dir=\"ltr\">Mientras, el Foro A Poco No presentar\u00e1 los d\u00edas 23, 24 y 26 de junio el espect\u00e1culo sonoro de PYA: M\u00fasica de cerca, que explor\u00e1 esas canciones que hablan sobre amores alternos, de vidas paralelas y de formas diferentes de caminar, de existir, de vivir.<\/p>\n<p dir=\"ltr\">Del 4 al 26 de junio, el Teatro Benito Ju\u00e1rez ofrecer\u00e1 Transbordador Zel, de Tony Corrales y direcci\u00f3n de Alejandro Cervantes, que narr\u00e1 la historia de un peque\u00f1o piloto que se embarca en una aventura, junto a su mejor amigo Phew Phew, para descubrir que qui\u00e9n eres puede ser la m\u00e1s atemorizante y grandiosa aventura de todas.<\/p>\n<p dir=\"ltr\">Conejos en el Valle de la Muerte, \u00faltima puesta en escena dirigida por \u00c1ngel Norzagaray (1961-2021), regresa a Teatros Ciudad de M\u00e9xico del 9 al 19 de junio. Con Juan Manuel Raygoza, H\u00e9ctor Jim\u00e9nez y Abel Gonz\u00e1lez, la propuesta aborda una complicada situaci\u00f3n de amor, amistad y muerte.<\/p>\n<p dir=\"ltr\">Del 26 al 29 de mayo, en el Teatro Sergio Maga\u00f1a, se presentar\u00e1 Vibraciones del Alma, un espect\u00e1culo danc\u00edstico, en el cual una mirada y el caminar incitan al deseo, a explorar emociones para desbordar pasiones y sacar lo mejor y lo peor de los personajes.<\/p>\n<p dir=\"ltr\">La Cantaleta, direcci\u00f3n de Jos\u00e9 Alberto Pati\u00f1o, se ofrecer\u00e1 del 16 al 26 de junio, como un collage musical cabaretero, inspirado en la televisi\u00f3n nacional con humor, parodias y comerciales y humor.<\/p>\n<p dir=\"ltr\">Artes pl\u00e1sticas<\/p>\n<p dir=\"ltr\">A partir del 26 de mayo (y hasta el 3 de julio), la Galer\u00eda Los Signos del Zodiaco del Teatro Sergio Maga\u00f1a tendr\u00e1 la exposici\u00f3n Proyecto 21. 17 a\u00f1os de Dragtivismo, la cual muestra el trabajo de dicho colectivo con una serie de bocetos, fotograf\u00edas, videos y material documental.<\/p>\n<p dir=\"ltr\">Y,\u00a0 por segundo a\u00f1o, la galer\u00eda PRPG se une al ciclo con El Futuro es Queer. Disidencias, del 11 de junio al 30 de Julio, una muestra de artistas de m\u00faltiples generaciones, g\u00e9neros, influencias y actitudes que declaran frente a los prejuicios que el futuro es Queer. En esta edici\u00f3n, se contar\u00e1 con la participaci\u00f3n especial de Javier de la Garza.<\/p>\n<p dir=\"ltr\">Finalmente, con m\u00e1s de veinte propuesta, varias sedes y decenas de artistas, Entre lenchas, vestidas y musculocas se posiciona como un amplio foro de manifestaciones art\u00edsticas que indagan en la Fortaleza, la Expresi\u00f3n y la Belleza. Surgido en 2017, el ciclo invita a concientizar a trav\u00e9s del arte, a ejercer los derechos culturales y humanos de manera plena, con un s\u00f3lido combate a las fobias y los estigmas, a trav\u00e9s de los escenarios.<\/p>\n<p dir=\"ltr\">Para conocer la programaci\u00f3n de la Direcci\u00f3n del Sistema de Teatros de la Ciudad de M\u00e9xico, visite la p\u00e1gina: <a href=\"http:\/\/www.teatros.cultura.cdmx.gob.mx\/\" target=\"_blank\" rel=\"noopener noreferrer\" data-auth=\"NotApplicable\" data-linkindex=\"1\">www.teatros.cultura.cdmx.gob.mx<\/a> o la aplicaci\u00f3n TeatrosCDMX, disponible en los sistemas operativos Android e IOS y en las redes sociales: Facebook @TeatrosCdMexico, Twitter @TeatrosCdMexico e Instagram @teatroscdmexico.<\/p>\n<p dir=\"ltr\">Siga a la Secretar\u00eda de Cultura de la Ciudad de M\u00e9xico a trav\u00e9s de su p\u00e1gina oficial (<a href=\"https:\/\/cultura.cdmx.gob.mx\/\" target=\"_blank\" rel=\"noopener noreferrer\" data-auth=\"NotApplicable\" data-linkindex=\"2\">https:\/\/cultura.cdmx.gob.mx\/<\/a>), sus redes sociales (Facebook, Twitter, Instagram y YouTube) y en la plataforma digital Capital Cultural en Nuestra Casa.<\/p>\n<\/div>\n<div><\/div>\n<\/div>\n<div><\/div>\n<p>[\/fusion_text][fusion_imageframe image_id=&#8221;44354|medium&#8221; max_width=&#8221;&#8221; style_type=&#8221;&#8221; blur=&#8221;&#8221; stylecolor=&#8221;&#8221; hover_type=&#8221;none&#8221; bordersize=&#8221;&#8221; bordercolor=&#8221;&#8221; borderradius=&#8221;&#8221; align=&#8221;none&#8221; lightbox=&#8221;no&#8221; gallery_id=&#8221;&#8221; lightbox_image=&#8221;&#8221; lightbox_image_id=&#8221;&#8221; alt=&#8221;&#8221; link=&#8221;&#8221; linktarget=&#8221;_self&#8221; hide_on_mobile=&#8221;small-visibility,medium-visibility,large-visibility&#8221; class=&#8221;&#8221; id=&#8221;&#8221; animation_type=&#8221;&#8221; animation_direction=&#8221;left&#8221; animation_speed=&#8221;0.3&#8243; animation_offset=&#8221;&#8221;]https:\/\/www.bitacoracdmx.com\/wp-content\/uploads\/2022\/05\/descargar-2022-05-22T001100.763-216&#215;300.png[\/fusion_imageframe][\/fusion_builder_column][\/fusion_builder_row][\/fusion_builder_container]<\/p>\n","protected":false},"excerpt":{"rendered":"<p>[fusion_builder_container hundred_percent=&#8221;no&#8221; equal_height_columns=&#8221;no&#8221; menu_anchor=&#8221;&#8221; hide_on_mobile=&#8221;small-visibility,medium-visibility,large-visibility&#8221; class=&#8221;&#8221; id=&#8221;&#8221; background_color=&#8221;&#8221; background_image=&#8221;&#8221; background_position=&#8221;center center&#8221; background_repeat=&#8221;no-repeat&#8221; fade=&#8221;no&#8221; background_parallax=&#8221;none&#8221; parallax_speed=&#8221;0.3&#8243; video_mp4=&#8221;&#8221; video_webm=&#8221;&#8221; video_ogv=&#8221;&#8221; video_url=&#8221;&#8221; video_aspect_ratio=&#8221;16:9&#8243; video_loop=&#8221;yes&#8221; video_mute=&#8221;yes&#8221; overlay_color=&#8221;&#8221; video_preview_image=&#8221;&#8221; border_size=&#8221;&#8221; border_color=&#8221;&#8221; border_style=&#8221;solid&#8221; padding_top=&#8221;&#8221; padding_bottom=&#8221;&#8221; padding_left=&#8221;&#8221; padding_right=&#8221;&#8221;][fusion_builder_row][fusion_builder_column type=&#8221;1_1&#8243; layout=&#8221;1_1&#8243; background_position=&#8221;left top&#8221; background_color=&#8221;&#8221; border_size=&#8221;&#8221; border_color=&#8221;&#8221; border_style=&#8221;solid&#8221; border_position=&#8221;all&#8221; spacing=&#8221;yes&#8221; background_image=&#8221;&#8221; background_repeat=&#8221;no-repeat&#8221; padding_top=&#8221;&#8221; padding_right=&#8221;&#8221; padding_bottom=&#8221;&#8221; padding_left=&#8221;&#8221; margin_top=&#8221;0px&#8221; margin_bottom=&#8221;0px&#8221; class=&#8221;&#8221; id=&#8221;&#8221; animation_type=&#8221;&#8221; animation_speed=&#8221;0.3&#8243; animation_direction=&#8221;left&#8221; hide_on_mobile=&#8221;small-visibility,medium-visibility,large-visibility&#8221; center_content=&#8221;no&#8221; last=&#8221;no&#8221; min_height=&#8221;&#8221; hover_type=&#8221;none&#8221; link=&#8221;&#8221;][fusion_text] REDACCI\u00d3N Durante los meses de mayo, junio y julio, se contar\u00e1 con la participaci\u00f3n de m\u00e1s de veinte propuestas art\u00edsticas El Teatro de la Ciudad Esperanza Iris, el Teatro Sergio Maga\u00f1a, el Teatro Benito Ju\u00e1rez y el Foro A Poco [&hellip;]<\/p>\n","protected":false},"author":1,"featured_media":44354,"comment_status":"open","ping_status":"open","sticky":false,"template":"","format":"standard","meta":{"footnotes":""},"categories":[9,14,1],"tags":[],"_links":{"self":[{"href":"https:\/\/www.bitacoracdmx.com\/index.php?rest_route=\/wp\/v2\/posts\/44352"}],"collection":[{"href":"https:\/\/www.bitacoracdmx.com\/index.php?rest_route=\/wp\/v2\/posts"}],"about":[{"href":"https:\/\/www.bitacoracdmx.com\/index.php?rest_route=\/wp\/v2\/types\/post"}],"author":[{"embeddable":true,"href":"https:\/\/www.bitacoracdmx.com\/index.php?rest_route=\/wp\/v2\/users\/1"}],"replies":[{"embeddable":true,"href":"https:\/\/www.bitacoracdmx.com\/index.php?rest_route=%2Fwp%2Fv2%2Fcomments&post=44352"}],"version-history":[{"count":1,"href":"https:\/\/www.bitacoracdmx.com\/index.php?rest_route=\/wp\/v2\/posts\/44352\/revisions"}],"predecessor-version":[{"id":44355,"href":"https:\/\/www.bitacoracdmx.com\/index.php?rest_route=\/wp\/v2\/posts\/44352\/revisions\/44355"}],"wp:featuredmedia":[{"embeddable":true,"href":"https:\/\/www.bitacoracdmx.com\/index.php?rest_route=\/wp\/v2\/media\/44354"}],"wp:attachment":[{"href":"https:\/\/www.bitacoracdmx.com\/index.php?rest_route=%2Fwp%2Fv2%2Fmedia&parent=44352"}],"wp:term":[{"taxonomy":"category","embeddable":true,"href":"https:\/\/www.bitacoracdmx.com\/index.php?rest_route=%2Fwp%2Fv2%2Fcategories&post=44352"},{"taxonomy":"post_tag","embeddable":true,"href":"https:\/\/www.bitacoracdmx.com\/index.php?rest_route=%2Fwp%2Fv2%2Ftags&post=44352"}],"curies":[{"name":"wp","href":"https:\/\/api.w.org\/{rel}","templated":true}]}}