{"id":44393,"date":"2022-05-25T01:14:06","date_gmt":"2022-05-25T01:14:06","guid":{"rendered":"https:\/\/www.bitacoracdmx.com\/?p=44393"},"modified":"2022-05-25T01:14:06","modified_gmt":"2022-05-25T01:14:06","slug":"conoce-las-actividades-que-puedes-realizar-sin-ningun-costo-este-4-y-5-de-junio-en-el-cafe-chocolate-fest","status":"publish","type":"post","link":"https:\/\/www.bitacoracdmx.com\/?p=44393","title":{"rendered":"Conoce las actividades que puedes realizar sin ning\u00fan costo, este 4 y 5 de Junio en el CAF\u00c9 &#038; CHOCOLATE FEST."},"content":{"rendered":"<p>[fusion_builder_container hundred_percent=&#8221;no&#8221; equal_height_columns=&#8221;no&#8221; menu_anchor=&#8221;&#8221; hide_on_mobile=&#8221;small-visibility,medium-visibility,large-visibility&#8221; class=&#8221;&#8221; id=&#8221;&#8221; background_color=&#8221;&#8221; background_image=&#8221;&#8221; background_position=&#8221;center center&#8221; background_repeat=&#8221;no-repeat&#8221; fade=&#8221;no&#8221; background_parallax=&#8221;none&#8221; parallax_speed=&#8221;0.3&#8243; video_mp4=&#8221;&#8221; video_webm=&#8221;&#8221; video_ogv=&#8221;&#8221; video_url=&#8221;&#8221; video_aspect_ratio=&#8221;16:9&#8243; video_loop=&#8221;yes&#8221; video_mute=&#8221;yes&#8221; overlay_color=&#8221;&#8221; video_preview_image=&#8221;&#8221; border_size=&#8221;&#8221; border_color=&#8221;&#8221; border_style=&#8221;solid&#8221; padding_top=&#8221;&#8221; padding_bottom=&#8221;&#8221; padding_left=&#8221;&#8221; padding_right=&#8221;&#8221;][fusion_builder_row][fusion_builder_column type=&#8221;1_1&#8243; layout=&#8221;1_1&#8243; background_position=&#8221;left top&#8221; background_color=&#8221;&#8221; border_size=&#8221;&#8221; border_color=&#8221;&#8221; border_style=&#8221;solid&#8221; border_position=&#8221;all&#8221; spacing=&#8221;yes&#8221; background_image=&#8221;&#8221; background_repeat=&#8221;no-repeat&#8221; padding_top=&#8221;&#8221; padding_right=&#8221;&#8221; padding_bottom=&#8221;&#8221; padding_left=&#8221;&#8221; margin_top=&#8221;0px&#8221; margin_bottom=&#8221;0px&#8221; class=&#8221;&#8221; id=&#8221;&#8221; animation_type=&#8221;&#8221; animation_speed=&#8221;0.3&#8243; animation_direction=&#8221;left&#8221; hide_on_mobile=&#8221;small-visibility,medium-visibility,large-visibility&#8221; center_content=&#8221;no&#8221; last=&#8221;no&#8221; min_height=&#8221;&#8221; hover_type=&#8221;none&#8221; link=&#8221;&#8221;][fusion_text]<\/p>\n<p>REDACCI\u00d3N<\/p>\n<p>Conferencias, Talleres, Catas de Caf\u00e9, M\u00fasica en vivo y 40 expositores reunidos en el PALACIO DE LA AUTONOM\u00cdA DE LA FUNDACI\u00d3N UNAM, en el Centro Hist\u00f3rico de la CDMX.<\/p>\n<p>Aprende, prueba y adquiere lo que m\u00e1s te guste. La tercera parte de los ingresos por la venta de productos, ser\u00e1 destinada al programa de BECAS de la Fundaci\u00f3n UNAM.<\/p>\n<p>Los d\u00edas s\u00e1bado 4 y domingo 5 de Junio, se llevar\u00e1 a cabo la edici\u00f3n No. 14 del CAF\u00c9 &amp; CHOCOLATE FEST, un evento gratuito que gira alrededor de dos productos b\u00e1sicos en la alimentaci\u00f3n del mexicano y con un contexto cultural muy interesante, en el que el atractivo no solo es todo lo que puedes degustar y comprar, sino tambi\u00e9n todo lo que puedes aprender.<\/p>\n<p>El Palacio de la Autonom\u00eda de la Fundaci\u00f3n UNAM se ha convertido en una de las sedes predilectas para llevar a cabo este festival cultural y gastron\u00f3mico y en esta ocasi\u00f3n, abrir\u00e1 sus puertas a partir de las 11 horas para reunir a m\u00e1s de 40 expositores que en su mayor\u00eda son productores independientes \u00f3 distribuidores mexicanos de caf\u00e9, chocolate y sus derivados, por lo que la gente asiste feliz a deleitar su paladar y adquirir lo que m\u00e1s se le antoje, desde caf\u00e9 de grano en todas sus variedades, un sin fin de chocolates y trufas con cientos de sabores en sus rellenos, bebidas fr\u00edas, calientes y tradicionales, hasta una gran variedad de moles, postres, dulces y helados. Este bello recinto se encuentra ubicado en la calle Lic. Primo de Verdad No. 2, esquina con Moneda, justo a la salida del Templo Mayor y a dos cuadras del Z\u00f3calo de la Ciudad De M\u00e9xico.<\/p>\n<p>Pero no solo estas delicias llaman la atenci\u00f3n del p\u00fablico, sino todas las actividades culturales que se organizan en el marco de este festival, como las conferencias que ofrecer\u00e1 el maestro muralista Ariosto Otero para conocer la importancia del cacao en el mundo, en la historia y el arte, las conferencias sobre el cacao desde la perspectiva de un peque\u00f1o productor, impartidas por Ignacio Nava- Doctor en Educaci\u00f3n, maestro en educaci\u00f3n p\u00fablica, promotor cultural y conocedor de los procesos de producci\u00f3n de chocolate de manera artesanal, conferencias de chocolater\u00eda literaria con la escritora mexicana F\u00e1tima Galbos y el chef chocolatero David Sol\u00f3rzano, talleres para elaborar tu propio chocolate a cargo del Centro Cultural Pedacito del Cielo, experiencias sensoriales bajo el nombre de Emociorama, para despertar tus sentidos con elementos de caf\u00e9, cacao y chocolate, con el profesor Carlos Alegr\u00eda, Catas de caf\u00e9 patrocinadas por Xantina Caf\u00e9, marca participante como expositor en el festival y m\u00fasica en vivo con Antonio \u00c1lvarez y Nana Lobo.<\/p>\n<p>Recuerda que todas estas actividades son gratuitas. Lo \u00fanico que tienes que hacer al llegar al festival es reservar previamente tu lugar con personal del staff del CAF\u00c9 &amp; CHOCOLATE FEST, para asegurar tu acceso.<\/p>\n<p>Te esperamos este 4 y 5 de Junio con familiares y amigos a disfrutar de este fest\u00edn de sabores y de actividades culturales. Si compras caf\u00e9, chocolate, mole, alfajores, mazapanes, gomitas, un helado \u00f3 cualquier cosa que se te antoje, estar\u00e1s apoyando al programa de BECAS de la Fundaci\u00f3n UNAM.<\/p>\n<p>El uso de cubre bocas es obligatorio.<\/p>\n<p>CAF\u00c9 &amp; CHOCOLATE FEST S\u00e1bado 4 y Domingo 5 de Junio de 2022. 11 a 20 H. PALACIO DE LA AUTONOM\u00cdA DE LA FUNDACI\u00d3N UNAM. Calle Lic. Primo De Verdad No. 2 esq. con Moneda, C.P. 06060, Centro Hist\u00f3rico. (Junto a la Salida del Templo Mayor) -40 Expositores -Conferencias, Catas, Talleres, Emociorama, M\u00fasica en vivo **Medidas Sanitarias y uso de cubre bocas obligatorio EVENTO FAMILIAR. ENTRADA Y ACTIVIDADES GRATUITAS. https:\/\/www.facebook.com\/cafeychocolatefest\/ www.facebook.com\/fundacion.unam.mx www.fundacionunam.org.mx @cafeychocolatefest_ @Fundaci\u00f3n_UNAM @Museo_Autonom\u00eda<\/p>\n<p>[\/fusion_text][fusion_gallery layout=&#8221;&#8221; picture_size=&#8221;&#8221; columns=&#8221;&#8221; column_spacing=&#8221;10&#8243; gallery_masonry_grid_ratio=&#8221;&#8221; gallery_masonry_width_double=&#8221;&#8221; hover_type=&#8221;&#8221; lightbox=&#8221;yes&#8221; lightbox_content=&#8221;&#8221; bordersize=&#8221;&#8221; bordercolor=&#8221;&#8221; border_radius=&#8221;&#8221; hide_on_mobile=&#8221;small-visibility,medium-visibility,large-visibility&#8221; class=&#8221;&#8221; id=&#8221;&#8221;][fusion_gallery_image image=&#8221;https:\/\/www.bitacoracdmx.com\/wp-content\/uploads\/2022\/05\/PROGRAMA-DE-ACTIVIDADES-CAFE\u0301-Y-CHOCOLATE-FES-JUNIO-2022-232&#215;300.jpg&#8221; image_id=&#8221;44394|medium&#8221; link=&#8221;&#8221; linktarget=&#8221;_self&#8221; \/][fusion_gallery_image image=&#8221;https:\/\/www.bitacoracdmx.com\/wp-content\/uploads\/2022\/05\/CAFE\u0301-Y-CHOCOLATE-FEST-BANNER-2-300&#215;300.jpg&#8221; image_id=&#8221;44395|medium&#8221; link=&#8221;&#8221; linktarget=&#8221;_self&#8221; \/][\/fusion_gallery][\/fusion_builder_column][\/fusion_builder_row][\/fusion_builder_container]<\/p>\n","protected":false},"excerpt":{"rendered":"<p>[fusion_builder_container hundred_percent=&#8221;no&#8221; equal_height_columns=&#8221;no&#8221; menu_anchor=&#8221;&#8221; hide_on_mobile=&#8221;small-visibility,medium-visibility,large-visibility&#8221; class=&#8221;&#8221; id=&#8221;&#8221; background_color=&#8221;&#8221; background_image=&#8221;&#8221; background_position=&#8221;center center&#8221; background_repeat=&#8221;no-repeat&#8221; fade=&#8221;no&#8221; background_parallax=&#8221;none&#8221; parallax_speed=&#8221;0.3&#8243; video_mp4=&#8221;&#8221; video_webm=&#8221;&#8221; video_ogv=&#8221;&#8221; video_url=&#8221;&#8221; video_aspect_ratio=&#8221;16:9&#8243; video_loop=&#8221;yes&#8221; video_mute=&#8221;yes&#8221; overlay_color=&#8221;&#8221; video_preview_image=&#8221;&#8221; border_size=&#8221;&#8221; border_color=&#8221;&#8221; border_style=&#8221;solid&#8221; padding_top=&#8221;&#8221; padding_bottom=&#8221;&#8221; padding_left=&#8221;&#8221; padding_right=&#8221;&#8221;][fusion_builder_row][fusion_builder_column type=&#8221;1_1&#8243; layout=&#8221;1_1&#8243; background_position=&#8221;left top&#8221; background_color=&#8221;&#8221; border_size=&#8221;&#8221; border_color=&#8221;&#8221; border_style=&#8221;solid&#8221; border_position=&#8221;all&#8221; spacing=&#8221;yes&#8221; background_image=&#8221;&#8221; background_repeat=&#8221;no-repeat&#8221; padding_top=&#8221;&#8221; padding_right=&#8221;&#8221; padding_bottom=&#8221;&#8221; padding_left=&#8221;&#8221; margin_top=&#8221;0px&#8221; margin_bottom=&#8221;0px&#8221; class=&#8221;&#8221; id=&#8221;&#8221; animation_type=&#8221;&#8221; animation_speed=&#8221;0.3&#8243; animation_direction=&#8221;left&#8221; hide_on_mobile=&#8221;small-visibility,medium-visibility,large-visibility&#8221; center_content=&#8221;no&#8221; last=&#8221;no&#8221; min_height=&#8221;&#8221; hover_type=&#8221;none&#8221; link=&#8221;&#8221;][fusion_text] REDACCI\u00d3N Conferencias, Talleres, Catas de Caf\u00e9, M\u00fasica en vivo y 40 expositores reunidos en el PALACIO DE LA AUTONOM\u00cdA DE LA FUNDACI\u00d3N UNAM, en el Centro Hist\u00f3rico de la CDMX. Aprende, prueba y adquiere lo que m\u00e1s te guste. La [&hellip;]<\/p>\n","protected":false},"author":1,"featured_media":44395,"comment_status":"open","ping_status":"open","sticky":false,"template":"","format":"standard","meta":{"footnotes":""},"categories":[4,9,1],"tags":[],"_links":{"self":[{"href":"https:\/\/www.bitacoracdmx.com\/index.php?rest_route=\/wp\/v2\/posts\/44393"}],"collection":[{"href":"https:\/\/www.bitacoracdmx.com\/index.php?rest_route=\/wp\/v2\/posts"}],"about":[{"href":"https:\/\/www.bitacoracdmx.com\/index.php?rest_route=\/wp\/v2\/types\/post"}],"author":[{"embeddable":true,"href":"https:\/\/www.bitacoracdmx.com\/index.php?rest_route=\/wp\/v2\/users\/1"}],"replies":[{"embeddable":true,"href":"https:\/\/www.bitacoracdmx.com\/index.php?rest_route=%2Fwp%2Fv2%2Fcomments&post=44393"}],"version-history":[{"count":1,"href":"https:\/\/www.bitacoracdmx.com\/index.php?rest_route=\/wp\/v2\/posts\/44393\/revisions"}],"predecessor-version":[{"id":44396,"href":"https:\/\/www.bitacoracdmx.com\/index.php?rest_route=\/wp\/v2\/posts\/44393\/revisions\/44396"}],"wp:featuredmedia":[{"embeddable":true,"href":"https:\/\/www.bitacoracdmx.com\/index.php?rest_route=\/wp\/v2\/media\/44395"}],"wp:attachment":[{"href":"https:\/\/www.bitacoracdmx.com\/index.php?rest_route=%2Fwp%2Fv2%2Fmedia&parent=44393"}],"wp:term":[{"taxonomy":"category","embeddable":true,"href":"https:\/\/www.bitacoracdmx.com\/index.php?rest_route=%2Fwp%2Fv2%2Fcategories&post=44393"},{"taxonomy":"post_tag","embeddable":true,"href":"https:\/\/www.bitacoracdmx.com\/index.php?rest_route=%2Fwp%2Fv2%2Ftags&post=44393"}],"curies":[{"name":"wp","href":"https:\/\/api.w.org\/{rel}","templated":true}]}}