{"id":44397,"date":"2022-05-25T01:24:17","date_gmt":"2022-05-25T01:24:17","guid":{"rendered":"https:\/\/www.bitacoracdmx.com\/?p=44397"},"modified":"2022-05-25T01:24:17","modified_gmt":"2022-05-25T01:24:17","slug":"runa-llena-la-nueva-banda-de-ex-guitarristas-de-mago-de-oz-llega-a-cdmx","status":"publish","type":"post","link":"https:\/\/www.bitacoracdmx.com\/?p=44397","title":{"rendered":"RUNA LLENA, la nueva banda de ex guitarristas de M\u00c4GO DE OZ llega a CDMX"},"content":{"rendered":"<p>[fusion_builder_container hundred_percent=&#8221;no&#8221; equal_height_columns=&#8221;no&#8221; menu_anchor=&#8221;&#8221; hide_on_mobile=&#8221;small-visibility,medium-visibility,large-visibility&#8221; class=&#8221;&#8221; id=&#8221;&#8221; background_color=&#8221;&#8221; background_image=&#8221;&#8221; background_position=&#8221;center center&#8221; background_repeat=&#8221;no-repeat&#8221; fade=&#8221;no&#8221; background_parallax=&#8221;none&#8221; parallax_speed=&#8221;0.3&#8243; video_mp4=&#8221;&#8221; video_webm=&#8221;&#8221; video_ogv=&#8221;&#8221; video_url=&#8221;&#8221; video_aspect_ratio=&#8221;16:9&#8243; video_loop=&#8221;yes&#8221; video_mute=&#8221;yes&#8221; overlay_color=&#8221;&#8221; video_preview_image=&#8221;&#8221; border_size=&#8221;&#8221; border_color=&#8221;&#8221; border_style=&#8221;solid&#8221; padding_top=&#8221;&#8221; padding_bottom=&#8221;&#8221; padding_left=&#8221;&#8221; padding_right=&#8221;&#8221;][fusion_builder_row][fusion_builder_column type=&#8221;1_1&#8243; layout=&#8221;1_1&#8243; background_position=&#8221;left top&#8221; background_color=&#8221;&#8221; border_size=&#8221;&#8221; border_color=&#8221;&#8221; border_style=&#8221;solid&#8221; border_position=&#8221;all&#8221; spacing=&#8221;yes&#8221; background_image=&#8221;&#8221; background_repeat=&#8221;no-repeat&#8221; padding_top=&#8221;&#8221; padding_right=&#8221;&#8221; padding_bottom=&#8221;&#8221; padding_left=&#8221;&#8221; margin_top=&#8221;0px&#8221; margin_bottom=&#8221;0px&#8221; class=&#8221;&#8221; id=&#8221;&#8221; animation_type=&#8221;&#8221; animation_speed=&#8221;0.3&#8243; animation_direction=&#8221;left&#8221; hide_on_mobile=&#8221;small-visibility,medium-visibility,large-visibility&#8221; center_content=&#8221;no&#8221; last=&#8221;no&#8221; min_height=&#8221;&#8221; hover_type=&#8221;none&#8221; link=&#8221;&#8221;][fusion_text]<\/p>\n<p>REDACCI\u00d3N<\/p>\n<p>*Se presentan este 28 de Mayo en el Circo Volador<br aria-hidden=\"true\" \/>* Es la nueva banda de\u00a0Frank y Carlitos, ex M\u00e4go de Oz<\/p>\n<div>Helados producciones presenta a RUNA LLENA \u2013 Nueva banda de ex guitarristas de M\u00c4GO DE OZ este 28 de Mayo en el\u00a0 Circo Volador.<\/div>\n<div><\/div>\n<div>A principio de 2020 nos sorprend\u00eda la noticia de que Frank y Carlitos dejaban M\u00c4GO DE OZ. Y tras esto surge una nueva banda que es RUNA LLENA.<\/div>\n<div><\/div>\n<div>En febrero de 2020, Juan Carlos Mar\u00edn \u201cCarlitos\u201d y Francisco Javier G\u00f3mez de la Serna \u201cFrank\u201d, a ra\u00edz de su salida de M\u00c4GO DE OZ, grupo al que han pertenecido durante m\u00e1s de 25 a\u00f1os, deciden crear una banda propia en la que poder seguir disfrutando de su forma de crear, sentir, e interpretar la m\u00fasica. As\u00ed nace RUNA LLENA.<\/div>\n<div><br aria-hidden=\"true\" \/>Se ponen en contacto con Joaqu\u00edn Arellano \u00abEl Ni\u00f1o\u00bb, con el que mantienen amistad desde hace mucho tiempo y relaci\u00f3n laboral en incontables ocasiones (de hecho fue bater\u00eda sustituto de una gira de M\u00e4go de Oz en 2006, entre otras cosas). As\u00ed es como este gran m\u00fasico pasa a formar parte de la banda. La magia estaba en marcha y RUNA LLENA tomaba forma. Tanto Carlitos como Frank tienen claro su estilo y forma de trabajo y con ayuda de El Ni\u00f1o comienzan a pensar en los integrantes que necesita la banda.<\/div>\n<div><br aria-hidden=\"true\" \/>Surgen varios nombres y deciden tener una reuni\u00f3n con dos m\u00fasicos excepcionales como son Alex \u00abT\u00d8RM\u00cbNTOR\u00bb y Eduardo Ortiz, bajista y teclista respectivamente. R\u00e1pidamente se ilusionan con el proyecto y comienzan a hablar de m\u00fasica, forma de trabajo, composici\u00f3n, concepto, grabaciones, giras, etc., y empieza a sonar un \u00fanico nombre como vocalista del grupo.<\/div>\n<div><br aria-hidden=\"true\" \/>Todos coinciden en una de las voces m\u00e1s contundentes en la actualidad y que cumple con creces las expectativas de t\u00e9cnica, registro y versatilidad. Al d\u00eda siguiente se ponen en contacto con Nacho Ruiz\u2026 Nacho hab\u00eda sido compa\u00f1ero de El Ni\u00f1o y de Edu en formaciones anteriores y es \u00e9ste \u00faltimo el que le seduce para formar parte del proyecto, a lo que responde con un rotundo \u00ab\u00a1\u00a1S\u00ed!!\u00bb.<\/div>\n<div><br aria-hidden=\"true\" \/>A su vez, Frank y Carlitos hab\u00edan tenido contacto con Nacho en las audiciones para vocalista de M\u00c4GO DE OZ en 2011, donde qued\u00f3 entre los tres finalistas, y conoc\u00edan sobradamente su gran voz.<\/div>\n<div><br aria-hidden=\"true\" \/>Debido al confinamiento por el COVID-19 y durante el estado de alarma decretado el 14 de marzo, los seis m\u00fasicos tienen que reinventarse, cambiar m\u00e9todos de trabajo y tirar de las nuevas tecnolog\u00edas para componer, ensayar y seguir tejiendo este fascinante y excitante proyecto, en la distancia.<\/div>\n<div><\/div>\n<div>A pesar de estas dificultades, logran la conexi\u00f3n perfecta, s\u00f3lo les quedaba a\u00f1adir un instrumento m\u00e1s para completar el proyecto, el viol\u00edn. Unas llamadas y una videoconferencia fueron suficientes para que otro gran m\u00fasico formara parte de la banda, Santiago Vokram\u2026 Ahora las piedras est\u00e1n echadas y su magia no tiene l\u00edmite, esperamos que os sea favorable la tirada porque RUNA LLENA comienza a caminar.<\/div>\n<div><br aria-hidden=\"true\" \/>La banda llegara por primera vez a cdmx este 23 de Abril al Circo Volador, donde dar\u00e1n un show que adem\u00e1s de incluir su m\u00fasica nueva, se interpretar\u00e1n canciones de las diferentes bandas en las que los integrantes han participado, suena interesante, no?<\/div>\n<div><br aria-hidden=\"true\" \/>Los boletos ya est\u00e1n disponibles y pueden ser adquiridos en la taquilla del Circo Volador con un costo especial en preventa de $600; y $700 el d\u00eda del evento.<\/div>\n<p>[\/fusion_text][fusion_imageframe image_id=&#8221;44398|medium&#8221; max_width=&#8221;&#8221; style_type=&#8221;&#8221; blur=&#8221;&#8221; stylecolor=&#8221;&#8221; hover_type=&#8221;none&#8221; bordersize=&#8221;&#8221; bordercolor=&#8221;&#8221; borderradius=&#8221;&#8221; align=&#8221;none&#8221; lightbox=&#8221;no&#8221; gallery_id=&#8221;&#8221; lightbox_image=&#8221;&#8221; lightbox_image_id=&#8221;&#8221; alt=&#8221;&#8221; link=&#8221;&#8221; linktarget=&#8221;_self&#8221; hide_on_mobile=&#8221;small-visibility,medium-visibility,large-visibility&#8221; class=&#8221;&#8221; id=&#8221;&#8221; animation_type=&#8221;&#8221; animation_direction=&#8221;left&#8221; animation_speed=&#8221;0.3&#8243; animation_offset=&#8221;&#8221;]https:\/\/www.bitacoracdmx.com\/wp-content\/uploads\/2022\/05\/runa-188&#215;300.jpg[\/fusion_imageframe][\/fusion_builder_column][\/fusion_builder_row][\/fusion_builder_container]<\/p>\n","protected":false},"excerpt":{"rendered":"<p>[fusion_builder_container hundred_percent=&#8221;no&#8221; equal_height_columns=&#8221;no&#8221; menu_anchor=&#8221;&#8221; hide_on_mobile=&#8221;small-visibility,medium-visibility,large-visibility&#8221; class=&#8221;&#8221; id=&#8221;&#8221; background_color=&#8221;&#8221; background_image=&#8221;&#8221; background_position=&#8221;center center&#8221; background_repeat=&#8221;no-repeat&#8221; fade=&#8221;no&#8221; background_parallax=&#8221;none&#8221; parallax_speed=&#8221;0.3&#8243; video_mp4=&#8221;&#8221; video_webm=&#8221;&#8221; video_ogv=&#8221;&#8221; video_url=&#8221;&#8221; video_aspect_ratio=&#8221;16:9&#8243; video_loop=&#8221;yes&#8221; video_mute=&#8221;yes&#8221; overlay_color=&#8221;&#8221; video_preview_image=&#8221;&#8221; border_size=&#8221;&#8221; border_color=&#8221;&#8221; border_style=&#8221;solid&#8221; padding_top=&#8221;&#8221; padding_bottom=&#8221;&#8221; padding_left=&#8221;&#8221; padding_right=&#8221;&#8221;][fusion_builder_row][fusion_builder_column type=&#8221;1_1&#8243; layout=&#8221;1_1&#8243; background_position=&#8221;left top&#8221; background_color=&#8221;&#8221; border_size=&#8221;&#8221; border_color=&#8221;&#8221; border_style=&#8221;solid&#8221; border_position=&#8221;all&#8221; spacing=&#8221;yes&#8221; background_image=&#8221;&#8221; background_repeat=&#8221;no-repeat&#8221; padding_top=&#8221;&#8221; padding_right=&#8221;&#8221; padding_bottom=&#8221;&#8221; padding_left=&#8221;&#8221; margin_top=&#8221;0px&#8221; margin_bottom=&#8221;0px&#8221; class=&#8221;&#8221; id=&#8221;&#8221; animation_type=&#8221;&#8221; animation_speed=&#8221;0.3&#8243; animation_direction=&#8221;left&#8221; hide_on_mobile=&#8221;small-visibility,medium-visibility,large-visibility&#8221; center_content=&#8221;no&#8221; last=&#8221;no&#8221; min_height=&#8221;&#8221; hover_type=&#8221;none&#8221; link=&#8221;&#8221;][fusion_text] REDACCI\u00d3N *Se presentan este 28 de Mayo en el Circo Volador* Es la nueva banda de\u00a0Frank y Carlitos, ex M\u00e4go de Oz Helados producciones presenta a RUNA LLENA \u2013 Nueva banda de ex guitarristas de M\u00c4GO DE OZ este 28 [&hellip;]<\/p>\n","protected":false},"author":1,"featured_media":44398,"comment_status":"open","ping_status":"open","sticky":false,"template":"","format":"standard","meta":{"footnotes":""},"categories":[9,11],"tags":[],"_links":{"self":[{"href":"https:\/\/www.bitacoracdmx.com\/index.php?rest_route=\/wp\/v2\/posts\/44397"}],"collection":[{"href":"https:\/\/www.bitacoracdmx.com\/index.php?rest_route=\/wp\/v2\/posts"}],"about":[{"href":"https:\/\/www.bitacoracdmx.com\/index.php?rest_route=\/wp\/v2\/types\/post"}],"author":[{"embeddable":true,"href":"https:\/\/www.bitacoracdmx.com\/index.php?rest_route=\/wp\/v2\/users\/1"}],"replies":[{"embeddable":true,"href":"https:\/\/www.bitacoracdmx.com\/index.php?rest_route=%2Fwp%2Fv2%2Fcomments&post=44397"}],"version-history":[{"count":1,"href":"https:\/\/www.bitacoracdmx.com\/index.php?rest_route=\/wp\/v2\/posts\/44397\/revisions"}],"predecessor-version":[{"id":44399,"href":"https:\/\/www.bitacoracdmx.com\/index.php?rest_route=\/wp\/v2\/posts\/44397\/revisions\/44399"}],"wp:featuredmedia":[{"embeddable":true,"href":"https:\/\/www.bitacoracdmx.com\/index.php?rest_route=\/wp\/v2\/media\/44398"}],"wp:attachment":[{"href":"https:\/\/www.bitacoracdmx.com\/index.php?rest_route=%2Fwp%2Fv2%2Fmedia&parent=44397"}],"wp:term":[{"taxonomy":"category","embeddable":true,"href":"https:\/\/www.bitacoracdmx.com\/index.php?rest_route=%2Fwp%2Fv2%2Fcategories&post=44397"},{"taxonomy":"post_tag","embeddable":true,"href":"https:\/\/www.bitacoracdmx.com\/index.php?rest_route=%2Fwp%2Fv2%2Ftags&post=44397"}],"curies":[{"name":"wp","href":"https:\/\/api.w.org\/{rel}","templated":true}]}}