{"id":44403,"date":"2022-05-25T03:49:30","date_gmt":"2022-05-25T03:49:30","guid":{"rendered":"https:\/\/www.bitacoracdmx.com\/?p=44403"},"modified":"2022-05-25T03:49:30","modified_gmt":"2022-05-25T03:49:30","slug":"quiero-ser-nadia-una-obra-para-sanar-a-traves-de-la-poesia","status":"publish","type":"post","link":"https:\/\/www.bitacoracdmx.com\/?p=44403","title":{"rendered":"Quiero ser Nadia, una obra para sanar a trav\u00e9s de la poes\u00eda"},"content":{"rendered":"<p>[fusion_builder_container hundred_percent=&#8221;no&#8221; equal_height_columns=&#8221;no&#8221; menu_anchor=&#8221;&#8221; hide_on_mobile=&#8221;small-visibility,medium-visibility,large-visibility&#8221; class=&#8221;&#8221; id=&#8221;&#8221; background_color=&#8221;&#8221; background_image=&#8221;&#8221; background_position=&#8221;center center&#8221; background_repeat=&#8221;no-repeat&#8221; fade=&#8221;no&#8221; background_parallax=&#8221;none&#8221; parallax_speed=&#8221;0.3&#8243; video_mp4=&#8221;&#8221; video_webm=&#8221;&#8221; video_ogv=&#8221;&#8221; video_url=&#8221;&#8221; video_aspect_ratio=&#8221;16:9&#8243; video_loop=&#8221;yes&#8221; video_mute=&#8221;yes&#8221; overlay_color=&#8221;&#8221; video_preview_image=&#8221;&#8221; border_size=&#8221;&#8221; border_color=&#8221;&#8221; border_style=&#8221;solid&#8221; padding_top=&#8221;&#8221; padding_bottom=&#8221;&#8221; padding_left=&#8221;&#8221; padding_right=&#8221;&#8221;][fusion_builder_row][fusion_builder_column type=&#8221;1_1&#8243; layout=&#8221;1_1&#8243; background_position=&#8221;left top&#8221; background_color=&#8221;&#8221; border_size=&#8221;&#8221; border_color=&#8221;&#8221; border_style=&#8221;solid&#8221; border_position=&#8221;all&#8221; spacing=&#8221;yes&#8221; background_image=&#8221;&#8221; background_repeat=&#8221;no-repeat&#8221; padding_top=&#8221;&#8221; padding_right=&#8221;&#8221; padding_bottom=&#8221;&#8221; padding_left=&#8221;&#8221; margin_top=&#8221;0px&#8221; margin_bottom=&#8221;0px&#8221; class=&#8221;&#8221; id=&#8221;&#8221; animation_type=&#8221;&#8221; animation_speed=&#8221;0.3&#8243; animation_direction=&#8221;left&#8221; hide_on_mobile=&#8221;small-visibility,medium-visibility,large-visibility&#8221; center_content=&#8221;no&#8221; last=&#8221;no&#8221; min_height=&#8221;&#8221; hover_type=&#8221;none&#8221; link=&#8221;&#8221;][fusion_text]<\/p>\n<p>REDACCI\u00d3N<\/p>\n<div>\n<div>\u2022 Un ingenioso y conmovedor unipersonal de Valentina Sierra<br aria-hidden=\"true\" \/>\u2022 Preventa del 50% hasta el 2 de junio<\/div>\n<\/div>\n<div><\/div>\n<div><em>\u201cAbuso\u201d no es una palabra f\u00e1cil de decir<\/em><\/div>\n<div><\/div>\n<div><em>Quiero ser Nadia<\/em>, un mon\u00f3logo de la talentosa actriz Valentina Sierra, inundar\u00e1 al Centro Cultural Hel\u00e9nico de reflexiones en torno al abuso, el mutismo y la relaci\u00f3n con el cuerpo. Esta producci\u00f3n podr\u00e1 disfrutarse los viernes a las 20:00 horas, del 3 al 24 de junio en el Teatro Hel\u00e9nico.<br aria-hidden=\"true\" \/><\/div>\n<div>Este montaje, gestado por la compa\u00f1\u00eda Pu\u00f1o de tierra, es una b\u00fasqueda que gira en torno a un abuso infantil y lo que desencadenaron 30 a\u00f1os de silencio. La puesta se conforma por tres bloques: La nin\u0303a que no sonrei\u0301a, una exploraci\u00f3n de la infancia perdida entre la presi\u00f3n de las competencias, la violencia f\u00edsica y el autorechazo. Por otro lado, La cai\u0301da de Nadia rememora ese momento donde el cuerpo cambia, se transforma y se aleja de la perfecci\u00f3n. Finalmente, Una no es lo que quiere habla sobre c\u00f3mo el paso del tiempo va transformando al cuerpo propio en un enemigo.<br aria-hidden=\"true\" \/>\u00a0<br aria-hidden=\"true\" \/>Valentina Sierra se posiciona en la entra\u00f1a para ofrecer un montaje autoficcional, profundamente sensible, que a trav\u00e9s del acto esc\u00e9nico conecta con la herida primigenia del p\u00fablico. En palabras de la autora: \u201cAl crear esta obra part\u00ed de una premisa infantil, ingenua, casi suicida que me adentr\u00f3 en los motores que me llevaron al infierno. En el proceso encontr\u00e9 algunas de las viejas culpas que arrastro; trat\u00e9 de llenar con palabras los silencios que cobijaron las violencias vividas. Ahora lo entiendo: no importa que tan hondo se entierre el dolor, hay gatillos que lo reavivan. <em>Quiero ser Nadia<\/em>\u00a0comienza como una herida abierta, pero las heridas no se abren en vano\u2026 la poes\u00eda tiene el poder de sanarlas\u201d.<br aria-hidden=\"true\" \/>\u00a0<br aria-hidden=\"true\" \/>Con el unipersonal <em>Quiero ser Nadia<\/em>\u00a0es sencillo recordar las famosas palabras de la escritora Audre Lorde: \u201cHemos sido educadas para respetar m\u00e1s al miedo que a nuestra necesidad de lenguaje y definici\u00f3n, pero si esperamos en silencio a que llegue la valent\u00eda, el peso del silencio nos ahogar\u00e1\u201d. \u00bfQu\u00e9 pasa en lo an\u00edmico si se guarda por mucho tiempo algo que lucha por salir a la luz? \u00bfQu\u00e9 s\u00edntomas provoca el mutismo? Son algunas de las preguntas que oscilan a lo largo de esta obra.<br aria-hidden=\"true\" \/>\u00a0<br aria-hidden=\"true\" \/>La direcci\u00f3n, la dramaturgia, el dise\u00f1o espacial y la interpretaci\u00f3n pertenecen a Valentina Sierra. Por otro lado, la asistencia de direcci\u00f3n es de Fernando Escalona; la producci\u00f3n, el video, la fotograf\u00eda y el dise\u00f1o sonoro de Gabriel Zapata; la m\u00fasica original de Leonardo Soqui; la iluminaci\u00f3n es de Roberto Paredes; la asesor\u00eda en movimiento corporal corresponde a Isabel Romero, y la producci\u00f3n ejecutiva de MariCarmen N\u00fa\u00f1ez Utrilla.<br aria-hidden=\"true\" \/>\u00a0<br aria-hidden=\"true\" \/>Se reitera que esta breve temporada se llevar\u00e1 a cabo los <strong>viernes a las 20:00 horas<\/strong>\u00a0en el\u00a0<strong>Teatro Hel\u00e9nico, del 3 al 24 de junio. Los boletos tienen un costo de $205.<\/strong>\u00a0Actualmente hay una\u00a0<strong>preventa del 50% de descuento, v\u00e1lida hasta el 2 de junio.<\/strong>\u00a0Las localidades est\u00e1n disponibles en la taquilla del Centro Cultural Hel\u00e9nico, ubicado en avenida Revoluci\u00f3n 1500, y en la p\u00e1gina helenico.gob.mx.<br aria-hidden=\"true\" \/><br aria-hidden=\"true\" \/>Se le recuerda al p\u00fablico que las funciones est\u00e1n supeditadas al sem\u00e1foro epidemiol\u00f3gico de la Ciudad de M\u00e9xico. Asimismo, se exhorta a las y los espectadores a acudir con responsabilidad y quedarse en casa si presentan alg\u00fan s\u00edntoma (dolor de cabeza, garganta o temperatura superior a 37.5 grados).<\/div>\n<p>[\/fusion_text][fusion_imageframe image_id=&#8221;44404|medium&#8221; max_width=&#8221;&#8221; style_type=&#8221;&#8221; blur=&#8221;&#8221; stylecolor=&#8221;&#8221; hover_type=&#8221;none&#8221; bordersize=&#8221;&#8221; bordercolor=&#8221;&#8221; borderradius=&#8221;&#8221; align=&#8221;none&#8221; lightbox=&#8221;no&#8221; gallery_id=&#8221;&#8221; lightbox_image=&#8221;&#8221; lightbox_image_id=&#8221;&#8221; alt=&#8221;&#8221; link=&#8221;&#8221; linktarget=&#8221;_self&#8221; hide_on_mobile=&#8221;small-visibility,medium-visibility,large-visibility&#8221; class=&#8221;&#8221; id=&#8221;&#8221; animation_type=&#8221;&#8221; animation_direction=&#8221;left&#8221; animation_speed=&#8221;0.3&#8243; animation_offset=&#8221;&#8221;]https:\/\/www.bitacoracdmx.com\/wp-content\/uploads\/2022\/05\/Quiero-ser-nadia-300&#215;300.jpg[\/fusion_imageframe][\/fusion_builder_column][\/fusion_builder_row][\/fusion_builder_container]<\/p>\n","protected":false},"excerpt":{"rendered":"<p>[fusion_builder_container hundred_percent=&#8221;no&#8221; equal_height_columns=&#8221;no&#8221; menu_anchor=&#8221;&#8221; hide_on_mobile=&#8221;small-visibility,medium-visibility,large-visibility&#8221; class=&#8221;&#8221; id=&#8221;&#8221; background_color=&#8221;&#8221; background_image=&#8221;&#8221; background_position=&#8221;center center&#8221; background_repeat=&#8221;no-repeat&#8221; fade=&#8221;no&#8221; background_parallax=&#8221;none&#8221; parallax_speed=&#8221;0.3&#8243; video_mp4=&#8221;&#8221; video_webm=&#8221;&#8221; video_ogv=&#8221;&#8221; video_url=&#8221;&#8221; video_aspect_ratio=&#8221;16:9&#8243; video_loop=&#8221;yes&#8221; video_mute=&#8221;yes&#8221; overlay_color=&#8221;&#8221; video_preview_image=&#8221;&#8221; border_size=&#8221;&#8221; border_color=&#8221;&#8221; border_style=&#8221;solid&#8221; padding_top=&#8221;&#8221; padding_bottom=&#8221;&#8221; padding_left=&#8221;&#8221; padding_right=&#8221;&#8221;][fusion_builder_row][fusion_builder_column type=&#8221;1_1&#8243; layout=&#8221;1_1&#8243; background_position=&#8221;left top&#8221; background_color=&#8221;&#8221; border_size=&#8221;&#8221; border_color=&#8221;&#8221; border_style=&#8221;solid&#8221; border_position=&#8221;all&#8221; spacing=&#8221;yes&#8221; background_image=&#8221;&#8221; background_repeat=&#8221;no-repeat&#8221; padding_top=&#8221;&#8221; padding_right=&#8221;&#8221; padding_bottom=&#8221;&#8221; padding_left=&#8221;&#8221; margin_top=&#8221;0px&#8221; margin_bottom=&#8221;0px&#8221; class=&#8221;&#8221; id=&#8221;&#8221; animation_type=&#8221;&#8221; animation_speed=&#8221;0.3&#8243; animation_direction=&#8221;left&#8221; hide_on_mobile=&#8221;small-visibility,medium-visibility,large-visibility&#8221; center_content=&#8221;no&#8221; last=&#8221;no&#8221; min_height=&#8221;&#8221; hover_type=&#8221;none&#8221; link=&#8221;&#8221;][fusion_text] REDACCI\u00d3N \u2022 Un ingenioso y conmovedor unipersonal de Valentina Sierra\u2022 Preventa del 50% hasta el 2 de junio \u201cAbuso\u201d no es una palabra f\u00e1cil de decir Quiero ser Nadia, un mon\u00f3logo de la talentosa actriz Valentina Sierra, inundar\u00e1 al Centro [&hellip;]<\/p>\n","protected":false},"author":1,"featured_media":44404,"comment_status":"open","ping_status":"open","sticky":false,"template":"","format":"standard","meta":{"footnotes":""},"categories":[9,14],"tags":[],"_links":{"self":[{"href":"https:\/\/www.bitacoracdmx.com\/index.php?rest_route=\/wp\/v2\/posts\/44403"}],"collection":[{"href":"https:\/\/www.bitacoracdmx.com\/index.php?rest_route=\/wp\/v2\/posts"}],"about":[{"href":"https:\/\/www.bitacoracdmx.com\/index.php?rest_route=\/wp\/v2\/types\/post"}],"author":[{"embeddable":true,"href":"https:\/\/www.bitacoracdmx.com\/index.php?rest_route=\/wp\/v2\/users\/1"}],"replies":[{"embeddable":true,"href":"https:\/\/www.bitacoracdmx.com\/index.php?rest_route=%2Fwp%2Fv2%2Fcomments&post=44403"}],"version-history":[{"count":1,"href":"https:\/\/www.bitacoracdmx.com\/index.php?rest_route=\/wp\/v2\/posts\/44403\/revisions"}],"predecessor-version":[{"id":44405,"href":"https:\/\/www.bitacoracdmx.com\/index.php?rest_route=\/wp\/v2\/posts\/44403\/revisions\/44405"}],"wp:featuredmedia":[{"embeddable":true,"href":"https:\/\/www.bitacoracdmx.com\/index.php?rest_route=\/wp\/v2\/media\/44404"}],"wp:attachment":[{"href":"https:\/\/www.bitacoracdmx.com\/index.php?rest_route=%2Fwp%2Fv2%2Fmedia&parent=44403"}],"wp:term":[{"taxonomy":"category","embeddable":true,"href":"https:\/\/www.bitacoracdmx.com\/index.php?rest_route=%2Fwp%2Fv2%2Fcategories&post=44403"},{"taxonomy":"post_tag","embeddable":true,"href":"https:\/\/www.bitacoracdmx.com\/index.php?rest_route=%2Fwp%2Fv2%2Ftags&post=44403"}],"curies":[{"name":"wp","href":"https:\/\/api.w.org\/{rel}","templated":true}]}}