{"id":44414,"date":"2022-05-26T01:28:23","date_gmt":"2022-05-26T01:28:23","guid":{"rendered":"https:\/\/www.bitacoracdmx.com\/?p=44414"},"modified":"2022-05-26T01:28:23","modified_gmt":"2022-05-26T01:28:23","slug":"1982-el-ano-que-cambio-el-libano-una-pelicula-sobre-el-ultimo-dia-de-clases-y-el-inicio-de-una-guerra-estrena-26-de-mayo-en-cinemex","status":"publish","type":"post","link":"https:\/\/www.bitacoracdmx.com\/?p=44414","title":{"rendered":"\u201c1982: El a\u00f1o que cambi\u00f3 el L\u00edbano\u201d, una pel\u00edcula sobre el \u00faltimo d\u00eda de clases y el inicio de una guerra estrena 26 de mayo en Cinemex"},"content":{"rendered":"<p>[fusion_builder_container hundred_percent=&#8221;no&#8221; equal_height_columns=&#8221;no&#8221; menu_anchor=&#8221;&#8221; hide_on_mobile=&#8221;small-visibility,medium-visibility,large-visibility&#8221; class=&#8221;&#8221; id=&#8221;&#8221; background_color=&#8221;&#8221; background_image=&#8221;&#8221; background_position=&#8221;center center&#8221; background_repeat=&#8221;no-repeat&#8221; fade=&#8221;no&#8221; background_parallax=&#8221;none&#8221; parallax_speed=&#8221;0.3&#8243; video_mp4=&#8221;&#8221; video_webm=&#8221;&#8221; video_ogv=&#8221;&#8221; video_url=&#8221;&#8221; video_aspect_ratio=&#8221;16:9&#8243; video_loop=&#8221;yes&#8221; video_mute=&#8221;yes&#8221; overlay_color=&#8221;&#8221; video_preview_image=&#8221;&#8221; border_size=&#8221;&#8221; border_color=&#8221;&#8221; border_style=&#8221;solid&#8221; padding_top=&#8221;&#8221; padding_bottom=&#8221;&#8221; padding_left=&#8221;&#8221; padding_right=&#8221;&#8221;][fusion_builder_row][fusion_builder_column type=&#8221;1_1&#8243; layout=&#8221;1_1&#8243; background_position=&#8221;left top&#8221; background_color=&#8221;&#8221; border_size=&#8221;&#8221; border_color=&#8221;&#8221; border_style=&#8221;solid&#8221; border_position=&#8221;all&#8221; spacing=&#8221;yes&#8221; background_image=&#8221;&#8221; background_repeat=&#8221;no-repeat&#8221; padding_top=&#8221;&#8221; padding_right=&#8221;&#8221; padding_bottom=&#8221;&#8221; padding_left=&#8221;&#8221; margin_top=&#8221;0px&#8221; margin_bottom=&#8221;0px&#8221; class=&#8221;&#8221; id=&#8221;&#8221; animation_type=&#8221;&#8221; animation_speed=&#8221;0.3&#8243; animation_direction=&#8221;left&#8221; hide_on_mobile=&#8221;small-visibility,medium-visibility,large-visibility&#8221; center_content=&#8221;no&#8221; last=&#8221;no&#8221; min_height=&#8221;&#8221; hover_type=&#8221;none&#8221; link=&#8221;&#8221;][fusion_text]<\/p>\n<p>REDACCI\u00d3N<\/p>\n<div><strong><em>\u201cMi pel\u00edcula habla en un tono positivo, pero lo que dice es que despu\u00e9s de una guerra el mundo nunca vuelve a ser el mismo\u201d, declar\u00f3 el director en conferencia de prensa con medios mexicanos desde Los Angeles, California<\/em><br aria-hidden=\"true\" \/>\u00a0<br aria-hidden=\"true\" \/><em>\u201cNadie hab\u00eda hecho en L\u00edbano una pel\u00edcula sobre este momento hist\u00f3rico porque separa mucho a las personas, pero yo quer\u00eda unir a la gente y generar un di\u00e1logo con mi pel\u00edcula\u201d<\/em><br aria-hidden=\"true\" \/>\u00a0<br aria-hidden=\"true\" \/><em>\u201cEs importante que las pel\u00edculas traten lo que la historia no quiere tratar, generalmente la historia la escriben los vencedores y nunca la escribe la gente que la sufre\u201d<\/em><\/strong><\/div>\n<div>\u00a0<br aria-hidden=\"true\" \/><strong><em>\u201c1982: El a\u00f1o que cambi\u00f3 el L\u00edbano\u201d<\/em><\/strong>\u00a0es una pel\u00edcula que el director Oualid Mouaness realiz\u00f3 con el objetivo de unir a la gente y generar di\u00e1logo sobre un momento hist\u00f3rico que no se ha llevado al cine por tratarse de un tema pol\u00e9mico. El filme retrata el inicio de la invasi\u00f3n al L\u00edbano, pero se centra en el \u00faltimo d\u00eda de clases de una escuela primaria, donde los alumnos y maestros luchan por seguir con su vida cotidiana.<br aria-hidden=\"true\" \/>\u00a0<br aria-hidden=\"true\" \/>El largometraje es una historia personal y conmovedora que relata la propia visi\u00f3n de Oualid durante su \u00faltimo d\u00eda de clases, que fue el 6 de junio de 1982, cuando inici\u00f3 una guerra que cambi\u00f3 el rumbo geopol\u00edtico de la regi\u00f3n y transform\u00f3 para siempre la vida de los libaneses.<br aria-hidden=\"true\" \/>\u00a0<br aria-hidden=\"true\" \/>\u201cNadie hab\u00eda hecho en L\u00edbano una pel\u00edcula sobre este momento hist\u00f3rico porque separa mucho a las personas, pero yo quer\u00eda unir a la gente y generar un di\u00e1logo con mi pel\u00edcula\u2026 expresar que la guerra nunca es la respuesta. Por ejemplo, L\u00edbano hasta ahora est\u00e1 viendo una ventana de esperanza porque no fue solamente lo que pas\u00f3 en 1982, hubo de nuevo otra guerra (en 2006) y luego la explosi\u00f3n en Beirut (en 2020)\u201d, relat\u00f3 el director en conferencia con periodistas mexicanos.<br aria-hidden=\"true\" \/>\u00a0<br aria-hidden=\"true\" \/>La pel\u00edcula retrata el punto de vista de \u201cWissam\u201d (Mohamad Dalli), un ni\u00f1o de 11 a\u00f1os que lidia con un d\u00eda lleno de ex\u00e1menes y con expresar el amor que siente por su compa\u00f1era \u201cJoanna\u201d (Gia Madi), mientras los bombardeos se escuchan m\u00e1s cerca y ve pasar tanques de guerra.<br aria-hidden=\"true\" \/>\u00a0<br aria-hidden=\"true\" \/>\u201cDe lo que habla mi pel\u00edcula es sobre el deseo humano por refugiarnos en las cosas cotidianas, queremos seguir haciendo nuestras vidas normales porque es a trav\u00e9s de ello que podemos sobrellevar los periodos de crisis. Lo que quer\u00eda retratar en mi pel\u00edcula es a la gente que no participa en la guerra porque en la mayor\u00eda de las guerras la mayor parte de la poblaci\u00f3n normal no est\u00e1 peleando\u201d, coment\u00f3 Oualid.<br aria-hidden=\"true\" \/>\u00a0<br aria-hidden=\"true\" \/>El filme muestra en la vida cotidiana c\u00f3mo se confrontan las diferentes posturas pol\u00edticas entre la poblaci\u00f3n a las afueras de la capital de L\u00edbano, Beirut, mientras que relata una parte de la historia que el mismo director reclama se ignora en los libros de historia: \u201cPara los ni\u00f1os actores que trabajaron en el set fue una forma de conocer el pasado. Algo que me impresiona es que en mi pa\u00eds no se habla de su historia y si en los libros no quieren escribir de esto, las pel\u00edculas al menos pueden hacerlo. Es importante que las pel\u00edculas traten lo que la historia no quiere tratar, generalmente la historia la escriben los vencedores y nunca la escribe la gente que la sufre. Esta es una historia que viene de la gente a trav\u00e9s del cine\u201d.<br aria-hidden=\"true\" \/>\u00a0<br aria-hidden=\"true\" \/>Sobre el proceso de filmaci\u00f3n y c\u00f3mo el director y su equipo revivieron aquellos a\u00f1os dif\u00edciles coment\u00f3: \u201cFilmamos en la misma escuela en la que yo viv\u00ed esos acontecimientos, una cosa que fue bastante impresionante. Para m\u00ed tambi\u00e9n era revivir esa tensi\u00f3n. Pero de alguna manera se instaur\u00f3 un proceso de sanaci\u00f3n, hab\u00eda momentos en los que incluso tuvimos que parar la filmaci\u00f3n porque se estaba convirtiendo en algo muy real. Hab\u00eda momentos muy intensos y emocionales\u201d dijo con nostalgia Oualid.<br aria-hidden=\"true\" \/>\u00a0<br aria-hidden=\"true\" \/><strong><em>\u201c1982: El a\u00f1o que cambi\u00f3 el L\u00edbano\u201d<\/em><\/strong>\u00a0fue multipremiada en diferentes festivales en el mundo y form\u00f3 parte de la muestra Talento Emergente de la Cineteca Nacional, gracias a la distribuci\u00f3n de Tulip Pictures se estrenar\u00e1 en M\u00e9xico este 26 de mayo en Cinemex, el 27 en la Cineteca y cines seleccionados.<br aria-hidden=\"true\" \/>\u00a0<br aria-hidden=\"true\" \/>\u201cEsta pel\u00edcula habla en un tono m\u00e1s positivo, pero lo que dice es que despu\u00e9s de una guerra el mundo nunca vuelve a ser el mismo\u201d, finaliz\u00f3 el director.<\/div>\n<p>[\/fusion_text][fusion_imageframe image_id=&#8221;44415|medium&#8221; max_width=&#8221;&#8221; style_type=&#8221;&#8221; blur=&#8221;&#8221; stylecolor=&#8221;&#8221; hover_type=&#8221;none&#8221; bordersize=&#8221;&#8221; bordercolor=&#8221;&#8221; borderradius=&#8221;&#8221; align=&#8221;none&#8221; lightbox=&#8221;no&#8221; gallery_id=&#8221;&#8221; lightbox_image=&#8221;&#8221; lightbox_image_id=&#8221;&#8221; alt=&#8221;&#8221; link=&#8221;&#8221; linktarget=&#8221;_self&#8221; hide_on_mobile=&#8221;small-visibility,medium-visibility,large-visibility&#8221; class=&#8221;&#8221; id=&#8221;&#8221; animation_type=&#8221;&#8221; animation_direction=&#8221;left&#8221; animation_speed=&#8221;0.3&#8243; animation_offset=&#8221;&#8221;]https:\/\/www.bitacoracdmx.com\/wp-content\/uploads\/2022\/05\/ea27a617-5447-c91f-e414-d17a59d93f6a-197&#215;300.jpg[\/fusion_imageframe][\/fusion_builder_column][\/fusion_builder_row][\/fusion_builder_container]<\/p>\n","protected":false},"excerpt":{"rendered":"<p>[fusion_builder_container hundred_percent=&#8221;no&#8221; equal_height_columns=&#8221;no&#8221; menu_anchor=&#8221;&#8221; hide_on_mobile=&#8221;small-visibility,medium-visibility,large-visibility&#8221; class=&#8221;&#8221; id=&#8221;&#8221; background_color=&#8221;&#8221; background_image=&#8221;&#8221; background_position=&#8221;center center&#8221; background_repeat=&#8221;no-repeat&#8221; fade=&#8221;no&#8221; background_parallax=&#8221;none&#8221; parallax_speed=&#8221;0.3&#8243; video_mp4=&#8221;&#8221; video_webm=&#8221;&#8221; video_ogv=&#8221;&#8221; video_url=&#8221;&#8221; video_aspect_ratio=&#8221;16:9&#8243; video_loop=&#8221;yes&#8221; video_mute=&#8221;yes&#8221; overlay_color=&#8221;&#8221; video_preview_image=&#8221;&#8221; border_size=&#8221;&#8221; border_color=&#8221;&#8221; border_style=&#8221;solid&#8221; padding_top=&#8221;&#8221; padding_bottom=&#8221;&#8221; padding_left=&#8221;&#8221; padding_right=&#8221;&#8221;][fusion_builder_row][fusion_builder_column type=&#8221;1_1&#8243; layout=&#8221;1_1&#8243; background_position=&#8221;left top&#8221; background_color=&#8221;&#8221; border_size=&#8221;&#8221; border_color=&#8221;&#8221; border_style=&#8221;solid&#8221; border_position=&#8221;all&#8221; spacing=&#8221;yes&#8221; background_image=&#8221;&#8221; background_repeat=&#8221;no-repeat&#8221; padding_top=&#8221;&#8221; padding_right=&#8221;&#8221; padding_bottom=&#8221;&#8221; padding_left=&#8221;&#8221; margin_top=&#8221;0px&#8221; margin_bottom=&#8221;0px&#8221; class=&#8221;&#8221; id=&#8221;&#8221; animation_type=&#8221;&#8221; animation_speed=&#8221;0.3&#8243; animation_direction=&#8221;left&#8221; hide_on_mobile=&#8221;small-visibility,medium-visibility,large-visibility&#8221; center_content=&#8221;no&#8221; last=&#8221;no&#8221; min_height=&#8221;&#8221; hover_type=&#8221;none&#8221; link=&#8221;&#8221;][fusion_text] REDACCI\u00d3N \u201cMi pel\u00edcula habla en un tono positivo, pero lo que dice es que despu\u00e9s de una guerra el mundo nunca vuelve a ser el mismo\u201d, declar\u00f3 el director en conferencia de prensa con medios mexicanos desde Los Angeles, California\u00a0\u201cNadie [&hellip;]<\/p>\n","protected":false},"author":1,"featured_media":44415,"comment_status":"open","ping_status":"open","sticky":false,"template":"","format":"standard","meta":{"footnotes":""},"categories":[3,9],"tags":[],"_links":{"self":[{"href":"https:\/\/www.bitacoracdmx.com\/index.php?rest_route=\/wp\/v2\/posts\/44414"}],"collection":[{"href":"https:\/\/www.bitacoracdmx.com\/index.php?rest_route=\/wp\/v2\/posts"}],"about":[{"href":"https:\/\/www.bitacoracdmx.com\/index.php?rest_route=\/wp\/v2\/types\/post"}],"author":[{"embeddable":true,"href":"https:\/\/www.bitacoracdmx.com\/index.php?rest_route=\/wp\/v2\/users\/1"}],"replies":[{"embeddable":true,"href":"https:\/\/www.bitacoracdmx.com\/index.php?rest_route=%2Fwp%2Fv2%2Fcomments&post=44414"}],"version-history":[{"count":1,"href":"https:\/\/www.bitacoracdmx.com\/index.php?rest_route=\/wp\/v2\/posts\/44414\/revisions"}],"predecessor-version":[{"id":44416,"href":"https:\/\/www.bitacoracdmx.com\/index.php?rest_route=\/wp\/v2\/posts\/44414\/revisions\/44416"}],"wp:featuredmedia":[{"embeddable":true,"href":"https:\/\/www.bitacoracdmx.com\/index.php?rest_route=\/wp\/v2\/media\/44415"}],"wp:attachment":[{"href":"https:\/\/www.bitacoracdmx.com\/index.php?rest_route=%2Fwp%2Fv2%2Fmedia&parent=44414"}],"wp:term":[{"taxonomy":"category","embeddable":true,"href":"https:\/\/www.bitacoracdmx.com\/index.php?rest_route=%2Fwp%2Fv2%2Fcategories&post=44414"},{"taxonomy":"post_tag","embeddable":true,"href":"https:\/\/www.bitacoracdmx.com\/index.php?rest_route=%2Fwp%2Fv2%2Ftags&post=44414"}],"curies":[{"name":"wp","href":"https:\/\/api.w.org\/{rel}","templated":true}]}}