{"id":44417,"date":"2022-05-26T01:49:00","date_gmt":"2022-05-26T01:49:00","guid":{"rendered":"https:\/\/www.bitacoracdmx.com\/?p=44417"},"modified":"2022-05-26T01:49:00","modified_gmt":"2022-05-26T01:49:00","slug":"el-teatro-de-la-ciudad-esperanza-iris-recibe-a-la-opera-stonewall-que-conmemora-el-origen-de-las-marchas-del-orgullo","status":"publish","type":"post","link":"https:\/\/www.bitacoracdmx.com\/?p=44417","title":{"rendered":"El TEATRO DE LA CIUDAD ESPERANZA IRIS recibe a la \u00d3PERA STONEWALL, que conmemora el origen de las marchas del orgullo"},"content":{"rendered":"<p>[fusion_builder_container hundred_percent=&#8221;no&#8221; equal_height_columns=&#8221;no&#8221; menu_anchor=&#8221;&#8221; hide_on_mobile=&#8221;small-visibility,medium-visibility,large-visibility&#8221; class=&#8221;&#8221; id=&#8221;&#8221; background_color=&#8221;&#8221; background_image=&#8221;&#8221; background_position=&#8221;center center&#8221; background_repeat=&#8221;no-repeat&#8221; fade=&#8221;no&#8221; background_parallax=&#8221;none&#8221; parallax_speed=&#8221;0.3&#8243; video_mp4=&#8221;&#8221; video_webm=&#8221;&#8221; video_ogv=&#8221;&#8221; video_url=&#8221;&#8221; video_aspect_ratio=&#8221;16:9&#8243; video_loop=&#8221;yes&#8221; video_mute=&#8221;yes&#8221; overlay_color=&#8221;&#8221; video_preview_image=&#8221;&#8221; border_size=&#8221;&#8221; border_color=&#8221;&#8221; border_style=&#8221;solid&#8221; padding_top=&#8221;&#8221; padding_bottom=&#8221;&#8221; padding_left=&#8221;&#8221; padding_right=&#8221;&#8221;][fusion_builder_row][fusion_builder_column type=&#8221;1_1&#8243; layout=&#8221;1_1&#8243; background_position=&#8221;left top&#8221; background_color=&#8221;&#8221; border_size=&#8221;&#8221; border_color=&#8221;&#8221; border_style=&#8221;solid&#8221; border_position=&#8221;all&#8221; spacing=&#8221;yes&#8221; background_image=&#8221;&#8221; background_repeat=&#8221;no-repeat&#8221; padding_top=&#8221;&#8221; padding_right=&#8221;&#8221; padding_bottom=&#8221;&#8221; padding_left=&#8221;&#8221; margin_top=&#8221;0px&#8221; margin_bottom=&#8221;0px&#8221; class=&#8221;&#8221; id=&#8221;&#8221; animation_type=&#8221;&#8221; animation_speed=&#8221;0.3&#8243; animation_direction=&#8221;left&#8221; hide_on_mobile=&#8221;small-visibility,medium-visibility,large-visibility&#8221; center_content=&#8221;no&#8221; last=&#8221;no&#8221; min_height=&#8221;&#8221; hover_type=&#8221;none&#8221; link=&#8221;&#8221;][fusion_text]<\/p>\n<p>REDACCI\u00d3N<\/p>\n<ul>\n<li dir=\"ltr\">\n<p dir=\"ltr\" role=\"presentation\">La rabia, el valor, el humor y la esperanza del levantamiento de la comunidad LGBTTTIQ+ son capturados en esta conmovedora y explosiva pieza americana<\/p>\n<\/li>\n<li dir=\"ltr\">\n<p dir=\"ltr\" role=\"presentation\">Orquesta en vivo, actores, coro, bailarines y extraordinarios cantantes, forman esta puesta en escena, bajo la direcci\u00f3n musical de Antonio Azpiri y la direcci\u00f3n esc\u00e9nica de Fernando G\u00f3mez Pimentel<\/p>\n<\/li>\n<\/ul>\n<p dir=\"ltr\">Con la finalidad de conmemorar un momento hist\u00f3rico de ruptura sociocultural mundial, que ocurri\u00f3 una calurosa noche de junio en un bar de Greenwich Village, Nueva York, y el cual forjar\u00eda las bases de las marchas del orgullo en todo el planeta, Iain Bell y Mark Campbell crearon Stonewall, una propuesta oper\u00edstica que sigue a un diverso grupo de personajes de la comunidad LGBTTTIQ+, cuyas vidas chocan en ese momento crucial en el que la polic\u00eda agrav\u00f3 las cosas y ellos encuentran el valor para luchar.<\/p>\n<p dir=\"ltr\">Orquesta en vivo, actores, coro, bailarines y extraordinarios cantantes, bajo la direcci\u00f3n musical de Antonio Azpiri y la direcci\u00f3n esc\u00e9nica de Fernando G\u00f3mez Pimentel, presentan por primera vez en M\u00e9xico: Stonewall, los d\u00edas 3 y 5 de junio en el Teatro de la Ciudad Esperanza Iris de la Direcci\u00f3n del Sistema de Teatros de la Secretar\u00eda de Cultura de la Ciudad de M\u00e9xico, en el marco de la sexta edici\u00f3n del ciclo Entre lenchas, vestidas y musculocas.<\/p>\n<p dir=\"ltr\">Frida Portillo, Tom\u00e1s Castellanos, Ricardo Estrada, Akemi Endo, Evanivaldo Correa, Gamaliel Reynoso, Orlando Pineda, Daniel Cer\u00f3n, David Echeverr\u00eda y Luis Felipe Losada ser\u00e1n los encargados de dar vida a los personajes principales de puesta en escena que nos recuerda el origen de esta lucha.<\/p>\n<p dir=\"ltr\">En la propuesta, Maggie (una lesbiana que sufre abuso p\u00fablicamente por parecer masculina), Carlos (un profesor reci\u00e9n despedido por tener un \u201cestilo de vida\u201d diferente), Andy (un adolescente sin hogar), Troy (un gogo que se dedica a extorsionar a hombres que asisten al bar), Renata (una baby drag), Edward (un economista de closet), Leah (una lesbiana jud\u00eda que ha sido sometida a terapias de conversi\u00f3n por electroshock), Sal (el gerente del bar coludido con la mafia), Sarah (una hippie transg\u00e9nero que cumple un a\u00f1o de transici\u00f3n) y Larry (el jefe de la polic\u00eda) unir\u00e1n sus voces en esta revuelta musical y de conciencia.<\/p>\n<p dir=\"ltr\">La puesta en escena cuenta con la asesor\u00eda de combate esc\u00e9nico a cargo de Miguel \u00c1ngel Barrera, la asesor\u00eda orquestal de Samuel Pascoe, as\u00ed como la participaci\u00f3n especial de la Orquesta Diversidad CDMX, Coro Gay Ciudad de M\u00e9xico y la compa\u00f1\u00eda de danza M\u00e9xico de Colores.<\/p>\n<p dir=\"ltr\">Por sexta ocasi\u00f3n, se presenta el ciclo Entre lenchas, vestidas y musculocas, el cual busca visibilizar el trabajo de artistas esc\u00e9nicos, quienes han indagado, con su trabajo, en importantes tem\u00e1ticas sociales como el respeto, el orgullo, la diversidad y la libertad de todas las personas de ser.<\/p>\n<p dir=\"ltr\">Stonewall se presentar\u00e1 en el Teatro de la Ciudad Esperanza Iris (Donceles 36, Centro Hist\u00f3rico, Metro Allende) el viernes 3 de junio a las 20:30 horas y el domingo 5 de junio a las 18:00 horas, con los cuidados necesarios: uso de cubre-bocas y de gel anti-bacterial.<\/p>\n<p dir=\"ltr\">Admisi\u00f3n: Luneta, $600; Primer Piso Central, $500; Primer Piso Lateral, $400; Anfiteatro, $300 y Galer\u00eda, $200 Los boletos se pueden adquirir en la taquilla del teatro y en las plataformas digitales de Ticketmaster.<\/p>\n<p dir=\"ltr\">Para conocer la programaci\u00f3n de la Direcci\u00f3n del Sistema de Teatros de la Ciudad de M\u00e9xico visite las redes sociales: Facebook @TeatrosCdMexico, Twitter @TeatrosCdMexico e Instagram @teatroscdmexico.<\/p>\n<p dir=\"ltr\">Siga a la Secretar\u00eda de Cultura de la Ciudad de M\u00e9xico a trav\u00e9s de su p\u00e1gina oficial (<a href=\"https:\/\/cultura.cdmx.gob.mx\/\" target=\"_blank\" rel=\"noopener noreferrer\" data-auth=\"NotApplicable\" data-linkindex=\"0\">https:\/\/cultura.cdmx.gob.mx\/<\/a>), sus redes sociales (Facebook, Twitter, Instagram y YouTube) y en la plataforma digital Capital Cultural en Nuestra Casa.<\/p>\n<p>[\/fusion_text][fusion_imageframe image_id=&#8221;44418|medium&#8221; max_width=&#8221;&#8221; style_type=&#8221;&#8221; blur=&#8221;&#8221; stylecolor=&#8221;&#8221; hover_type=&#8221;none&#8221; bordersize=&#8221;&#8221; bordercolor=&#8221;&#8221; borderradius=&#8221;&#8221; align=&#8221;none&#8221; lightbox=&#8221;no&#8221; gallery_id=&#8221;&#8221; lightbox_image=&#8221;&#8221; lightbox_image_id=&#8221;&#8221; alt=&#8221;&#8221; link=&#8221;&#8221; linktarget=&#8221;_self&#8221; hide_on_mobile=&#8221;small-visibility,medium-visibility,large-visibility&#8221; class=&#8221;&#8221; id=&#8221;&#8221; animation_type=&#8221;&#8221; animation_direction=&#8221;left&#8221; animation_speed=&#8221;0.3&#8243; animation_offset=&#8221;&#8221;]https:\/\/www.bitacoracdmx.com\/wp-content\/uploads\/2022\/05\/descargar-2022-05-25T204533.955-207&#215;300.png[\/fusion_imageframe][\/fusion_builder_column][\/fusion_builder_row][\/fusion_builder_container]<\/p>\n","protected":false},"excerpt":{"rendered":"<p>[fusion_builder_container hundred_percent=&#8221;no&#8221; equal_height_columns=&#8221;no&#8221; menu_anchor=&#8221;&#8221; hide_on_mobile=&#8221;small-visibility,medium-visibility,large-visibility&#8221; class=&#8221;&#8221; id=&#8221;&#8221; background_color=&#8221;&#8221; background_image=&#8221;&#8221; background_position=&#8221;center center&#8221; background_repeat=&#8221;no-repeat&#8221; fade=&#8221;no&#8221; background_parallax=&#8221;none&#8221; parallax_speed=&#8221;0.3&#8243; video_mp4=&#8221;&#8221; video_webm=&#8221;&#8221; video_ogv=&#8221;&#8221; video_url=&#8221;&#8221; video_aspect_ratio=&#8221;16:9&#8243; video_loop=&#8221;yes&#8221; video_mute=&#8221;yes&#8221; overlay_color=&#8221;&#8221; video_preview_image=&#8221;&#8221; border_size=&#8221;&#8221; border_color=&#8221;&#8221; border_style=&#8221;solid&#8221; padding_top=&#8221;&#8221; padding_bottom=&#8221;&#8221; padding_left=&#8221;&#8221; padding_right=&#8221;&#8221;][fusion_builder_row][fusion_builder_column type=&#8221;1_1&#8243; layout=&#8221;1_1&#8243; background_position=&#8221;left top&#8221; background_color=&#8221;&#8221; border_size=&#8221;&#8221; border_color=&#8221;&#8221; border_style=&#8221;solid&#8221; border_position=&#8221;all&#8221; spacing=&#8221;yes&#8221; background_image=&#8221;&#8221; background_repeat=&#8221;no-repeat&#8221; padding_top=&#8221;&#8221; padding_right=&#8221;&#8221; padding_bottom=&#8221;&#8221; padding_left=&#8221;&#8221; margin_top=&#8221;0px&#8221; margin_bottom=&#8221;0px&#8221; class=&#8221;&#8221; id=&#8221;&#8221; animation_type=&#8221;&#8221; animation_speed=&#8221;0.3&#8243; animation_direction=&#8221;left&#8221; hide_on_mobile=&#8221;small-visibility,medium-visibility,large-visibility&#8221; center_content=&#8221;no&#8221; last=&#8221;no&#8221; min_height=&#8221;&#8221; hover_type=&#8221;none&#8221; link=&#8221;&#8221;][fusion_text] REDACCI\u00d3N La rabia, el valor, el humor y la esperanza del levantamiento de la comunidad LGBTTTIQ+ son capturados en esta conmovedora y explosiva pieza americana Orquesta en vivo, actores, coro, bailarines y extraordinarios cantantes, forman esta puesta en escena, bajo [&hellip;]<\/p>\n","protected":false},"author":1,"featured_media":44418,"comment_status":"open","ping_status":"open","sticky":false,"template":"","format":"standard","meta":{"footnotes":""},"categories":[9,14],"tags":[],"_links":{"self":[{"href":"https:\/\/www.bitacoracdmx.com\/index.php?rest_route=\/wp\/v2\/posts\/44417"}],"collection":[{"href":"https:\/\/www.bitacoracdmx.com\/index.php?rest_route=\/wp\/v2\/posts"}],"about":[{"href":"https:\/\/www.bitacoracdmx.com\/index.php?rest_route=\/wp\/v2\/types\/post"}],"author":[{"embeddable":true,"href":"https:\/\/www.bitacoracdmx.com\/index.php?rest_route=\/wp\/v2\/users\/1"}],"replies":[{"embeddable":true,"href":"https:\/\/www.bitacoracdmx.com\/index.php?rest_route=%2Fwp%2Fv2%2Fcomments&post=44417"}],"version-history":[{"count":1,"href":"https:\/\/www.bitacoracdmx.com\/index.php?rest_route=\/wp\/v2\/posts\/44417\/revisions"}],"predecessor-version":[{"id":44419,"href":"https:\/\/www.bitacoracdmx.com\/index.php?rest_route=\/wp\/v2\/posts\/44417\/revisions\/44419"}],"wp:featuredmedia":[{"embeddable":true,"href":"https:\/\/www.bitacoracdmx.com\/index.php?rest_route=\/wp\/v2\/media\/44418"}],"wp:attachment":[{"href":"https:\/\/www.bitacoracdmx.com\/index.php?rest_route=%2Fwp%2Fv2%2Fmedia&parent=44417"}],"wp:term":[{"taxonomy":"category","embeddable":true,"href":"https:\/\/www.bitacoracdmx.com\/index.php?rest_route=%2Fwp%2Fv2%2Fcategories&post=44417"},{"taxonomy":"post_tag","embeddable":true,"href":"https:\/\/www.bitacoracdmx.com\/index.php?rest_route=%2Fwp%2Fv2%2Ftags&post=44417"}],"curies":[{"name":"wp","href":"https:\/\/api.w.org\/{rel}","templated":true}]}}