{"id":44515,"date":"2022-06-01T01:09:26","date_gmt":"2022-06-01T01:09:26","guid":{"rendered":"https:\/\/www.bitacoracdmx.com\/?p=44515"},"modified":"2022-06-01T01:09:26","modified_gmt":"2022-06-01T01:09:26","slug":"la-compania-males-in-pointe-presentara-men-in-tutus-en-el-teatro-de-la-ciudad-esperanza-iris","status":"publish","type":"post","link":"https:\/\/www.bitacoracdmx.com\/?p=44515","title":{"rendered":"La compa\u00f1ia MALES IN POINTE presentar\u00e1 MEN IN TUTUS  en el TEATRO DE LA CIUDAD ESPERANZA IRIS"},"content":{"rendered":"<p>[fusion_builder_container hundred_percent=&#8221;no&#8221; equal_height_columns=&#8221;no&#8221; menu_anchor=&#8221;&#8221; hide_on_mobile=&#8221;small-visibility,medium-visibility,large-visibility&#8221; class=&#8221;&#8221; id=&#8221;&#8221; background_color=&#8221;&#8221; background_image=&#8221;&#8221; background_position=&#8221;center center&#8221; background_repeat=&#8221;no-repeat&#8221; fade=&#8221;no&#8221; background_parallax=&#8221;none&#8221; parallax_speed=&#8221;0.3&#8243; video_mp4=&#8221;&#8221; video_webm=&#8221;&#8221; video_ogv=&#8221;&#8221; video_url=&#8221;&#8221; video_aspect_ratio=&#8221;16:9&#8243; video_loop=&#8221;yes&#8221; video_mute=&#8221;yes&#8221; overlay_color=&#8221;&#8221; video_preview_image=&#8221;&#8221; border_size=&#8221;&#8221; border_color=&#8221;&#8221; border_style=&#8221;solid&#8221; padding_top=&#8221;&#8221; padding_bottom=&#8221;&#8221; padding_left=&#8221;&#8221; padding_right=&#8221;&#8221;][fusion_builder_row][fusion_builder_column type=&#8221;1_1&#8243; layout=&#8221;1_1&#8243; background_position=&#8221;left top&#8221; background_color=&#8221;&#8221; border_size=&#8221;&#8221; border_color=&#8221;&#8221; border_style=&#8221;solid&#8221; border_position=&#8221;all&#8221; spacing=&#8221;yes&#8221; background_image=&#8221;&#8221; background_repeat=&#8221;no-repeat&#8221; padding_top=&#8221;&#8221; padding_right=&#8221;&#8221; padding_bottom=&#8221;&#8221; padding_left=&#8221;&#8221; margin_top=&#8221;0px&#8221; margin_bottom=&#8221;0px&#8221; class=&#8221;&#8221; id=&#8221;&#8221; animation_type=&#8221;&#8221; animation_speed=&#8221;0.3&#8243; animation_direction=&#8221;left&#8221; hide_on_mobile=&#8221;small-visibility,medium-visibility,large-visibility&#8221; center_content=&#8221;no&#8221; last=&#8221;no&#8221; min_height=&#8221;&#8221; hover_type=&#8221;none&#8221; link=&#8221;&#8221;][fusion_text]<\/p>\n<p>REDACCI\u00d3N<\/p>\n<p class=\"x_gmail-MsoListParagraphCxSpFirst\">\u00b7 <b>A trav\u00e9s de la danza cl\u00e1sica y contempor\u00e1nea, se propone la deconstrucci\u00f3n de estereotipos de g\u00e9nero, pero desde el punto de vista c\u00f3mico e irreverente<\/b><\/p>\n<p class=\"x_gmail-MsoListParagraphCxSpMiddle\">\u00b7 <b>\u00danicas funciones: s\u00e1bado 18 y domingo 19 de junio, como parte del ciclo Entre lenchas, vestidas y musculocas<\/b><\/p>\n<p class=\"x_MsoNormal\">La compa\u00f1\u00eda de danza cl\u00e1sica\u00a0<b>Males on Pointe<\/b>, considerada la primera en su tipo en Latinoam\u00e9rica dedicada al ballet de comedia para hombres que bailan en zapatillas de punta, estar\u00e1 en M\u00e9xico para presentar su exitosa coreograf\u00eda<b>\u00a0<i>Men in Tutus<\/i><\/b>, los d\u00edas s\u00e1bado 18 de junio a las 19:00 horas y domingo 19 a las 18:00, en el<b>\u00a0Teatro<\/b>\u00a0<b>de la Ciudad Esperanza Iris.<\/b><\/p>\n<p class=\"x_MsoNormal\">Males on Pointe formar\u00e1 parte del programa internacional de la sexta edici\u00f3n del ciclo\u00a0<b>Entre lenchas, vestidas y musculocas<\/b>, organizado por la\u00a0<b>Direcci\u00f3n del Sistema de Teatros de la Secretar\u00eda de Cultura de la Ciudad de M\u00e9xico<\/b>\u00a0para celebrar, durante los meses de mayo, junio y julio, la diversidad sexual desde las artes esc\u00e9nicas.<\/p>\n<p class=\"x_MsoNormal\">La presente coreograf\u00eda es una colaboraci\u00f3n entre las compa\u00f1\u00edas\u00a0Males on Pointe\u00a0y\u00a0Les Ballets Eloelle de Nueva York, Estados Unidos, bajo la direcci\u00f3n art\u00edstica del core\u00f3grafo V\u00edctor Trevi\u00f1o, titular de ambas agrupaciones.<\/p>\n<p class=\"x_gmail-Predeterminado\">Se trata de<i>\u00a0<\/i>una\u00a0propuesta esc\u00e9nica\u00a0dirigida a\u00a0toda la familia\u00a0y\u00a0conformada por una serie\u00a0de\u00a0fragmentos de\u00a0ballet cl\u00e1sico y\u00a0contempor\u00e1neo. El programa estructura un\u00a0discurso\u00a0a trav\u00e9s del arte del movimiento\u00a0sobre la deconstrucci\u00f3n de los estereotipos de g\u00e9nero,\u00a0pero desde un\u00a0un lenguaje c\u00f3mico, irreverente y\u00a0hasta cierto punto\u00a0absurdo.<\/p>\n<p class=\"x_gmail-Predeterminado\">Para ello, el programa\u00a0combina\u00a0\u201cel dominio t\u00e9cnico del ballet con desventuras de danza y berrinches naturalmente escandalosos\u00a0que protagoniza un cuerpo de baile formado por\u00a0hombres que interpretan a personajes masculinos y femeninos\u201d, afirma la producci\u00f3n.<\/p>\n<p class=\"x_gmail-Predeterminado\">El cuerpo de baile est\u00e1 formado por diestros bailarines procedentes de Colombia, Chile, M\u00e9xico y otros pa\u00edses.\u00a0Iv\u00e1n F\u00e9lix,\u00a0Jonathan M\u00e9ndez,\u00a0Mois\u00e9s Carrada Palmeros,\u00a0Jean Paul Bauer Amigo,\u00a0Carlos Arronte,\u00a0Diego Reyes,\u00a0Luis Rosales,\u00a0V\u00edctor Gil M\u00e9ndez,\u00a0Andr\u00e9s Galeazzi Gonz\u00e1lez,\u00a0Jes\u00fas Obet S\u00e1nchez,\u00a0Rogelio Carrillo,\u00a0Aoky Castel\u00e1n\u00a0y\u00a0Tonatiuh G\u00f3mez\u00a0son los int\u00e9rpretes que se presentar\u00e1n.<\/p>\n<p class=\"x_gmail-Predeterminado\">El repertorio incluye movimientos del ballet cl\u00e1sico tradicional inspirados en\u00a0obras como\u00a0<i>El lago de los cisnes, La muerte del cisne, El corsario\u00a0<\/i>y\u00a0<i>Go for Barocco<\/i>, adem\u00e1s de\u00a0creaciones neocl\u00e1sicas originales.<\/p>\n<p class=\"x_gmail-Predeterminado\">La\u00a0compa\u00f1\u00eda Males on Pointe fue fundada\u00a0\u2013en\u00a0colaboraci\u00f3n con la\u00a0Fundaci\u00f3n Tonatiuh G\u00f3mez A.C.\u2013\u00a0por el bailar\u00edn originario de Culiac\u00e1n, Sinaloa, Iv\u00e1n F\u00e9lix, integrante de<b>\u00a0<\/b>Les Ballets Eloelle\/Grandiva. Se trata del \u00fanico mexicano en ejercer profesionalmente el ballet c\u00f3mico en el mundo en este momento.<\/p>\n<p class=\"x_gmail-Predeterminado\">Estudi\u00f3 en la Escuela Superior de M\u00fasica y Danza de Monterrey y es reconocido en la Universidad Aut\u00f3noma de M\u00e9xico\u00a0(UAM)\u00a0como una de las siete \u201cpromesas de la danza en M\u00e9xico\u201d. En su entidad natal recibi\u00f3 el Premio al M\u00e9rito Juvenil en 2014.<\/p>\n<p class=\"x_gmail-Predeterminado\">A \u00e9l se agrega el talento del core\u00f3grafo\u00a0V\u00edctor Trevi\u00f1o, originario de\u00a0Utah,\u00a0Estados Unidos, quien se inici\u00f3 en la danza en el Ballet de\u00a0Florida. En 1986 se uni\u00f3 a Les Ballets Trockadero de Monte Carlo,\u00a0en el que\u00a0permaneci\u00f3 hasta 1995 interpretando todos los roles principales.<\/p>\n<p class=\"x_gmail-Predeterminado\">Trevi\u00f1o fund\u00f3\u00a0asimismo\u00a0Les Ballets Grandiva en 1996 y dirigi\u00f3 la compa\u00f1\u00eda hasta el\u00a02009. En 2011\u00a0cre\u00f3 el\u00a0Ballet Eloelle y realiz\u00f3 una gira por\u00a0Australia y\u00a0Nueva Zelanda durante seis meses con 110 funciones, entre otras iniciativas.<\/p>\n<p class=\"x_gmail-Predeterminado\"><b><i>Men in Tutus<\/i><\/b><b><i>\u00a0<\/i><\/b>cuenta con la colaboraci\u00f3n en la iluminaci\u00f3n de\u00a0Rafael Mendoza, quien ha participado desde 1993 en grandes producciones de\u00a0las compa\u00f1\u00edas nacionales de \u00f3pera\u00a0y de danza de M\u00e9xico.<\/p>\n<p class=\"x_gmail-Predeterminado\"><b><i>Males on Pointe presenta: Men in Tutus<\/i><\/b><b><i>\u00a0<\/i><\/b>se llevar\u00e1 a cabo\u00a0los\u00a0d\u00edas:\u00a0s\u00e1bado 18 de junio a las 19:00 horas y el domingo 19 a las 18:00\u00a0horas\u00a0en el<b>\u00a0<\/b><b>Teatro<\/b>\u00a0<b>de la Ciudad Esperanza Iris\u00a0<\/b>(Donceles 36, Centro Hist\u00f3rico, Metro Allende), con los cuidados sanitarios necesarios:\u00a0uso permanente de cubre-bocas\u00a0y de\u00a0gel anti-bacterial\u00a0por parte del\u00a0personal del teatro como de los espectadores.<\/p>\n<p class=\"x_gmail-Predeterminado\"><b>Admisi\u00f3n:<\/b>\u00a0Luneta\u00a0y\u00a0Primer Piso\u00a0Central,\u00a0$700;\u00a0Primer Piso\u00a0Lateral,\u00a0$550;\u00a0Anfiteatro,\u00a0$380, y\u00a0Galer\u00eda, $250.\u00a0Los boletos se pueden adquirir en la taquilla del teatro y en las plataformas digitales de\u00a0<b>Ticketmaster<\/b>.<\/p>\n<p class=\"x_gmail-Predeterminado\">Para conocer la programaci\u00f3n de la\u00a0<b>Direcci\u00f3n del Sistema de Teatros de la Ciudad de M\u00e9xico<\/b>\u00a0visite las redes sociales:\u00a0<b>Facebook<\/b>\u00a0@TeatrosCdMexico,\u00a0<b>Twitter<\/b>\u00a0@TeatrosCdMexico e\u00a0<b>Instagram<\/b>\u00a0@teatroscdmexico.<\/p>\n<div class=\"x_gmail_default\">\u00a0Siga a la\u00a0<b>Secretar\u00eda de Cultura de la Ciudad de M\u00e9xico<\/b>\u00a0a trav\u00e9s de su p\u00e1gina oficial (<a href=\"https:\/\/cultura.cdmx.gob.mx\/\" target=\"_blank\" rel=\"noopener noreferrer\" data-auth=\"NotApplicable\" data-linkindex=\"1\">https:\/\/cultura.cdmx.gob.mx\/<\/a>), sus\u00a0<b>redes sociales<\/b>\u00a0(Facebook, Twitter, Instagram y YouTube) y en la plataforma digital Capital Cultural en Nuestra Casa.<\/div>\n<p>[\/fusion_text][fusion_imageframe image_id=&#8221;44516|medium&#8221; max_width=&#8221;&#8221; style_type=&#8221;&#8221; blur=&#8221;&#8221; stylecolor=&#8221;&#8221; hover_type=&#8221;none&#8221; bordersize=&#8221;&#8221; bordercolor=&#8221;&#8221; borderradius=&#8221;&#8221; align=&#8221;none&#8221; lightbox=&#8221;no&#8221; gallery_id=&#8221;&#8221; lightbox_image=&#8221;&#8221; lightbox_image_id=&#8221;&#8221; alt=&#8221;&#8221; link=&#8221;&#8221; linktarget=&#8221;_self&#8221; hide_on_mobile=&#8221;small-visibility,medium-visibility,large-visibility&#8221; class=&#8221;&#8221; id=&#8221;&#8221; animation_type=&#8221;&#8221; animation_direction=&#8221;left&#8221; animation_speed=&#8221;0.3&#8243; animation_offset=&#8221;&#8221;]https:\/\/www.bitacoracdmx.com\/wp-content\/uploads\/2022\/06\/descargar-2022-05-31T200343.727-207&#215;300.png[\/fusion_imageframe][\/fusion_builder_column][\/fusion_builder_row][\/fusion_builder_container]<\/p>\n","protected":false},"excerpt":{"rendered":"<p>[fusion_builder_container hundred_percent=&#8221;no&#8221; equal_height_columns=&#8221;no&#8221; menu_anchor=&#8221;&#8221; hide_on_mobile=&#8221;small-visibility,medium-visibility,large-visibility&#8221; class=&#8221;&#8221; id=&#8221;&#8221; background_color=&#8221;&#8221; background_image=&#8221;&#8221; background_position=&#8221;center center&#8221; background_repeat=&#8221;no-repeat&#8221; fade=&#8221;no&#8221; background_parallax=&#8221;none&#8221; parallax_speed=&#8221;0.3&#8243; video_mp4=&#8221;&#8221; video_webm=&#8221;&#8221; video_ogv=&#8221;&#8221; video_url=&#8221;&#8221; video_aspect_ratio=&#8221;16:9&#8243; video_loop=&#8221;yes&#8221; video_mute=&#8221;yes&#8221; overlay_color=&#8221;&#8221; video_preview_image=&#8221;&#8221; border_size=&#8221;&#8221; border_color=&#8221;&#8221; border_style=&#8221;solid&#8221; padding_top=&#8221;&#8221; padding_bottom=&#8221;&#8221; padding_left=&#8221;&#8221; padding_right=&#8221;&#8221;][fusion_builder_row][fusion_builder_column type=&#8221;1_1&#8243; layout=&#8221;1_1&#8243; background_position=&#8221;left top&#8221; background_color=&#8221;&#8221; border_size=&#8221;&#8221; border_color=&#8221;&#8221; border_style=&#8221;solid&#8221; border_position=&#8221;all&#8221; spacing=&#8221;yes&#8221; background_image=&#8221;&#8221; background_repeat=&#8221;no-repeat&#8221; padding_top=&#8221;&#8221; padding_right=&#8221;&#8221; padding_bottom=&#8221;&#8221; padding_left=&#8221;&#8221; margin_top=&#8221;0px&#8221; margin_bottom=&#8221;0px&#8221; class=&#8221;&#8221; id=&#8221;&#8221; animation_type=&#8221;&#8221; animation_speed=&#8221;0.3&#8243; animation_direction=&#8221;left&#8221; hide_on_mobile=&#8221;small-visibility,medium-visibility,large-visibility&#8221; center_content=&#8221;no&#8221; last=&#8221;no&#8221; min_height=&#8221;&#8221; hover_type=&#8221;none&#8221; link=&#8221;&#8221;][fusion_text] REDACCI\u00d3N \u00b7 A trav\u00e9s de la danza cl\u00e1sica y contempor\u00e1nea, se propone la deconstrucci\u00f3n de estereotipos de g\u00e9nero, pero desde el punto de vista c\u00f3mico e irreverente \u00b7 \u00danicas funciones: s\u00e1bado 18 y domingo 19 de junio, como parte del [&hellip;]<\/p>\n","protected":false},"author":1,"featured_media":44516,"comment_status":"open","ping_status":"open","sticky":false,"template":"","format":"standard","meta":{"footnotes":""},"categories":[9,14],"tags":[],"_links":{"self":[{"href":"https:\/\/www.bitacoracdmx.com\/index.php?rest_route=\/wp\/v2\/posts\/44515"}],"collection":[{"href":"https:\/\/www.bitacoracdmx.com\/index.php?rest_route=\/wp\/v2\/posts"}],"about":[{"href":"https:\/\/www.bitacoracdmx.com\/index.php?rest_route=\/wp\/v2\/types\/post"}],"author":[{"embeddable":true,"href":"https:\/\/www.bitacoracdmx.com\/index.php?rest_route=\/wp\/v2\/users\/1"}],"replies":[{"embeddable":true,"href":"https:\/\/www.bitacoracdmx.com\/index.php?rest_route=%2Fwp%2Fv2%2Fcomments&post=44515"}],"version-history":[{"count":1,"href":"https:\/\/www.bitacoracdmx.com\/index.php?rest_route=\/wp\/v2\/posts\/44515\/revisions"}],"predecessor-version":[{"id":44517,"href":"https:\/\/www.bitacoracdmx.com\/index.php?rest_route=\/wp\/v2\/posts\/44515\/revisions\/44517"}],"wp:featuredmedia":[{"embeddable":true,"href":"https:\/\/www.bitacoracdmx.com\/index.php?rest_route=\/wp\/v2\/media\/44516"}],"wp:attachment":[{"href":"https:\/\/www.bitacoracdmx.com\/index.php?rest_route=%2Fwp%2Fv2%2Fmedia&parent=44515"}],"wp:term":[{"taxonomy":"category","embeddable":true,"href":"https:\/\/www.bitacoracdmx.com\/index.php?rest_route=%2Fwp%2Fv2%2Fcategories&post=44515"},{"taxonomy":"post_tag","embeddable":true,"href":"https:\/\/www.bitacoracdmx.com\/index.php?rest_route=%2Fwp%2Fv2%2Ftags&post=44515"}],"curies":[{"name":"wp","href":"https:\/\/api.w.org\/{rel}","templated":true}]}}