{"id":44529,"date":"2022-06-01T23:24:10","date_gmt":"2022-06-01T23:24:10","guid":{"rendered":"https:\/\/www.bitacoracdmx.com\/?p=44529"},"modified":"2022-06-01T23:24:10","modified_gmt":"2022-06-01T23:24:10","slug":"el-placer-y-la-fortuna-llegan-al-cenart-con-una-majestuosa-carmina-burana","status":"publish","type":"post","link":"https:\/\/www.bitacoracdmx.com\/?p=44529","title":{"rendered":"El placer y la fortuna llegan al CENART con una majestuosa CARMINA BURANA"},"content":{"rendered":"<p>[fusion_builder_container hundred_percent=&#8221;no&#8221; equal_height_columns=&#8221;no&#8221; menu_anchor=&#8221;&#8221; hide_on_mobile=&#8221;small-visibility,medium-visibility,large-visibility&#8221; class=&#8221;&#8221; id=&#8221;&#8221; background_color=&#8221;&#8221; background_image=&#8221;&#8221; background_position=&#8221;center center&#8221; background_repeat=&#8221;no-repeat&#8221; fade=&#8221;no&#8221; background_parallax=&#8221;none&#8221; parallax_speed=&#8221;0.3&#8243; video_mp4=&#8221;&#8221; video_webm=&#8221;&#8221; video_ogv=&#8221;&#8221; video_url=&#8221;&#8221; video_aspect_ratio=&#8221;16:9&#8243; video_loop=&#8221;yes&#8221; video_mute=&#8221;yes&#8221; overlay_color=&#8221;&#8221; video_preview_image=&#8221;&#8221; border_size=&#8221;&#8221; border_color=&#8221;&#8221; border_style=&#8221;solid&#8221; padding_top=&#8221;&#8221; padding_bottom=&#8221;&#8221; padding_left=&#8221;&#8221; padding_right=&#8221;&#8221;][fusion_builder_row][fusion_builder_column type=&#8221;1_1&#8243; layout=&#8221;1_1&#8243; background_position=&#8221;left top&#8221; background_color=&#8221;&#8221; border_size=&#8221;&#8221; border_color=&#8221;&#8221; border_style=&#8221;solid&#8221; border_position=&#8221;all&#8221; spacing=&#8221;yes&#8221; background_image=&#8221;&#8221; background_repeat=&#8221;no-repeat&#8221; padding_top=&#8221;&#8221; padding_right=&#8221;&#8221; padding_bottom=&#8221;&#8221; padding_left=&#8221;&#8221; margin_top=&#8221;0px&#8221; margin_bottom=&#8221;0px&#8221; class=&#8221;&#8221; id=&#8221;&#8221; animation_type=&#8221;&#8221; animation_speed=&#8221;0.3&#8243; animation_direction=&#8221;left&#8221; hide_on_mobile=&#8221;small-visibility,medium-visibility,large-visibility&#8221; center_content=&#8221;no&#8221; last=&#8221;no&#8221; min_height=&#8221;&#8221; hover_type=&#8221;none&#8221; link=&#8221;&#8221;][fusion_text]<\/p>\n<p>REDACCI\u00d3N<\/p>\n<p><span lang=\"ES-US\">\u00b7 <\/span><span lang=\"ES-US\">Artistas nacionales de primer nivel se reunir\u00e1n en el Auditorio Blas Galindo para ejecutar la famosa obra de Carl Orff<\/span><\/p>\n<p><span lang=\"ES-US\">\u00a0<\/span><span lang=\"ES-US\">\u00b7 <\/span><span lang=\"ES-US\">Los conciertos se llevar\u00e1n a cabo bajo la direcci\u00f3n del Maestro Enrique V\u00e9lez Godoy los d\u00edas s\u00e1bado 25 y domingo 26 de junio a las 18:00 horas.<\/span><\/p>\n<p class=\"x_MsoNormal\"><span lang=\"ES-US\">Las actividades culturales de la Ciudad de M\u00e9xico van regresando a la normalidad. Los artistas est\u00e1n m\u00e1s que listos para dar todo lo mejor de ellos y los espacios ya se preparan para recibir a su p\u00fablico. En tanta emoci\u00f3n el Centro Nacional de las Artes (CENART) ha preparado un potente programa.<\/span><\/p>\n<p class=\"x_MsoNormal\"><span lang=\"ES-US\">Ser\u00e1 en el Auditorio Blas Galindo de este recinto cultural donde se reunir\u00e1n artistas nacionales de primer nivel para ofrecer dos majestuosos conciertos de\u00a0<b>Carmina Burana\u00a0<\/b>del compositor alem\u00e1n Carl Orff, bajo la direcci\u00f3n del Maestro Enrique Abraham V\u00e9lez Godoy.<\/span><\/p>\n<p class=\"x_MsoNormal\"><span lang=\"ES-US\">Recordemos que esta monumental obra \u2013que m\u00ednimo una vez todos hemos escuchado hasta en piezas cinematogr\u00e1ficas\u2013 es una colecci\u00f3n de cantos goliardos del siglo XII y XIII escritos en lat\u00edn medieval, alem\u00e1n medio y franc\u00e9s antiguo; los goliardos eran estudiantes y eclesi\u00e1sticos vagantes que disfrutaban de los placeres terrenales. Mucho tiempo despu\u00e9s, Carl Orff retom\u00f3 y musicaliz\u00f3 estas composiciones po\u00e9ticas que hablan sobre el amor, el deseo carnal, la naturaleza, la fortuna, la suerte, etc., presentando su obra maestra en el a\u00f1o de 1937 en Frankfurt, Alemania.<\/span><\/p>\n<p class=\"x_MsoNormal\"><span lang=\"ES-US\">Su pol\u00e9mico pasado no ha impedido que Carmina Burana siga tan vigente en el repertorio cl\u00e1sico. Siendo una obra importante en la historia musical, imponente en sus coros y en su estremecedora m\u00fasica.<\/span><\/p>\n<p class=\"x_MsoNormal\"><span lang=\"ES-US\">Para estos excelentes conciertos fueron convocados los talentosos m\u00fasicos:<\/span><\/p>\n<p class=\"x_gmail-MsoListParagraphCxSpFirst\"><span lang=\"ES-US\">&#8211;<\/span><span lang=\"ES-US\">\u00a0<i>D\u00fao Tamayo-Dur\u00e1n<\/i>, conformados por los pianistas mexicanos Anthony Tamayo y Argentina Dur\u00e1n, quienes estar\u00e1n a cargo de las reducciones orquestales de Carmina Burana y el Danz\u00f3n n\u00fam. 2 de Arturo M\u00e1rquez, obra con la que dar\u00e1n inicio dichos eventos.<\/span><\/p>\n<p class=\"x_gmail-MsoListParagraphCxSpMiddle\"><span lang=\"ES-US\">\u00a0<\/span><span lang=\"ES-US\">&#8211;<\/span><span lang=\"ES-US\"><i>Ensamble de Percusiones de las Artes<\/i>, formado por Michelle Alejandra Lagos, N\u00e9stor Daniel Onofre, Armando Hidalgo, Emmanuel Navarro y Ariana Orozco, bajo la direcci\u00f3n art\u00edstica de Humberto Rodr\u00edguez.\u00a0<\/span><\/p>\n<p class=\"x_gmail-MsoListParagraphCxSpMiddle\"><span lang=\"ES-US\">\u00a0<\/span><span lang=\"ES-US\">&#8211;<\/span><i><span lang=\"ES-US\">Coro de las Artes<\/span><\/i><span lang=\"ES-US\">, estar\u00e1 bajo la asesor\u00eda vocal del Maestro Isaac Ba\u00f1uelos.\u00a0<\/span><\/p>\n<p class=\"x_gmail-MsoListParagraphCxSpMiddle\"><span lang=\"ES-US\">\u00a0<\/span><span lang=\"ES-US\">&#8211;<\/span><span lang=\"ES-US\">Las destacadas voces de los solistas, tambi\u00e9n mexicanos:\u00a0<i>Katia Reyes<\/i>, soprano;\u00a0<i>Josu\u00e9 Hern\u00e1ndez,<\/i>\u00a0tenor y\u00a0<i>Vladimir Rueda<\/i>, bar\u00edtono.<\/span><\/p>\n<p class=\"x_MsoNormal\"><span lang=\"ES-US\">Todos bajo la direcci\u00f3n concertadora del\u00a0<i>Maestro Enrique Abraham V\u00e9lez Godoy<\/i>, quien, en conjunto con\u00a0<i>Diego Careaga<\/i>, producen ambos eventos.<\/span><\/p>\n<p class=\"x_MsoNormal\"><span lang=\"ES-US\">Sin duda la lista de los integrantes nos deja en claro que ambos espect\u00e1culos ser\u00e1n todo un deleite sonoro. Al respecto, el Director V\u00e9lez Godoy comenta: \u201cqueremos hacer algo diferente en \u2018La Blas\u2019, como mejor se le conoce al Auditorio Blas Galindo. Diego y yo nos conocimos aqu\u00ed, en el Centro Nacional de las Artes, compartimos muchos momentos y nunca nos imaginamos que trabajar\u00edamos juntos en el CENART.<\/span><\/p>\n<p class=\"x_MsoNormal\"><span lang=\"ES-US\">Para estos conciertos, queremos que el Auditorio luzca diferente, que el p\u00fablico que asista, se lleve una grata experiencia, no nada m\u00e1s sentarse a escuchar, sino tambi\u00e9n ver algo distinto. A pesar de las limitaciones de la sala, al no contar con una mec\u00e1nica e infraestructura teatral, implementaremos detalles que har\u00e1n este par de fechas algo inolvidable.\u201d<\/span><\/p>\n<p class=\"x_MsoNormal\"><span lang=\"ES-US\">Los conciertos de\u00a0<b>Carmina Burana\u00a0<\/b>se llevar\u00e1n a cabo los d\u00edas s\u00e1bado 25 y domingo 26 de junio a las 18:00 horas en el Auditorio Blas Galindo del Centro Nacional de las Artes, ubicado en Avenida R\u00edo Churubusco 79, esquina Calzada de Tlalpan, colonia Country Club, cerca del Metro General Anaya, Alcald\u00eda Coyoac\u00e1n).<\/span><\/p>\n<p class=\"x_MsoNormal\"><span lang=\"ES-US\">Los boletos se pueden adquirir en la taquilla del recinto o a trav\u00e9s del sistema Ticketmaster\u00a0<\/span><span lang=\"ES-US\"><a href=\"https:\/\/www.ticketmaster.com.mx\/search?q=Carmina+Burana+Blas+Galindo\" target=\"_blank\" rel=\"noopener noreferrer\" data-auth=\"NotApplicable\" data-linkindex=\"3\">https:\/\/www.ticketmaster.com.mx\/search?q=Carmina+Burana+Blas+Galindo<\/a><\/span><\/p>\n<p>[\/fusion_text][fusion_imageframe image_id=&#8221;44530|medium&#8221; max_width=&#8221;&#8221; style_type=&#8221;&#8221; blur=&#8221;&#8221; stylecolor=&#8221;&#8221; hover_type=&#8221;none&#8221; bordersize=&#8221;&#8221; bordercolor=&#8221;&#8221; borderradius=&#8221;&#8221; align=&#8221;none&#8221; lightbox=&#8221;no&#8221; gallery_id=&#8221;&#8221; lightbox_image=&#8221;&#8221; lightbox_image_id=&#8221;&#8221; alt=&#8221;&#8221; link=&#8221;&#8221; linktarget=&#8221;_self&#8221; hide_on_mobile=&#8221;small-visibility,medium-visibility,large-visibility&#8221; class=&#8221;&#8221; id=&#8221;&#8221; animation_type=&#8221;&#8221; animation_direction=&#8221;left&#8221; animation_speed=&#8221;0.3&#8243; animation_offset=&#8221;&#8221;]https:\/\/www.bitacoracdmx.com\/wp-content\/uploads\/2022\/06\/descargar-2022-06-01T182007.618-300&#215;300.png[\/fusion_imageframe][\/fusion_builder_column][\/fusion_builder_row][\/fusion_builder_container]<\/p>\n","protected":false},"excerpt":{"rendered":"<p>[fusion_builder_container hundred_percent=&#8221;no&#8221; equal_height_columns=&#8221;no&#8221; menu_anchor=&#8221;&#8221; hide_on_mobile=&#8221;small-visibility,medium-visibility,large-visibility&#8221; class=&#8221;&#8221; id=&#8221;&#8221; background_color=&#8221;&#8221; background_image=&#8221;&#8221; background_position=&#8221;center center&#8221; background_repeat=&#8221;no-repeat&#8221; fade=&#8221;no&#8221; background_parallax=&#8221;none&#8221; parallax_speed=&#8221;0.3&#8243; video_mp4=&#8221;&#8221; video_webm=&#8221;&#8221; video_ogv=&#8221;&#8221; video_url=&#8221;&#8221; video_aspect_ratio=&#8221;16:9&#8243; video_loop=&#8221;yes&#8221; video_mute=&#8221;yes&#8221; overlay_color=&#8221;&#8221; video_preview_image=&#8221;&#8221; border_size=&#8221;&#8221; border_color=&#8221;&#8221; border_style=&#8221;solid&#8221; padding_top=&#8221;&#8221; padding_bottom=&#8221;&#8221; padding_left=&#8221;&#8221; padding_right=&#8221;&#8221;][fusion_builder_row][fusion_builder_column type=&#8221;1_1&#8243; layout=&#8221;1_1&#8243; background_position=&#8221;left top&#8221; background_color=&#8221;&#8221; border_size=&#8221;&#8221; border_color=&#8221;&#8221; border_style=&#8221;solid&#8221; border_position=&#8221;all&#8221; spacing=&#8221;yes&#8221; background_image=&#8221;&#8221; background_repeat=&#8221;no-repeat&#8221; padding_top=&#8221;&#8221; padding_right=&#8221;&#8221; padding_bottom=&#8221;&#8221; padding_left=&#8221;&#8221; margin_top=&#8221;0px&#8221; margin_bottom=&#8221;0px&#8221; class=&#8221;&#8221; id=&#8221;&#8221; animation_type=&#8221;&#8221; animation_speed=&#8221;0.3&#8243; animation_direction=&#8221;left&#8221; hide_on_mobile=&#8221;small-visibility,medium-visibility,large-visibility&#8221; center_content=&#8221;no&#8221; last=&#8221;no&#8221; min_height=&#8221;&#8221; hover_type=&#8221;none&#8221; link=&#8221;&#8221;][fusion_text] REDACCI\u00d3N \u00b7 Artistas nacionales de primer nivel se reunir\u00e1n en el Auditorio Blas Galindo para ejecutar la famosa obra de Carl Orff \u00a0\u00b7 Los conciertos se llevar\u00e1n a cabo bajo la direcci\u00f3n del Maestro Enrique V\u00e9lez Godoy los d\u00edas s\u00e1bado [&hellip;]<\/p>\n","protected":false},"author":1,"featured_media":44530,"comment_status":"open","ping_status":"open","sticky":false,"template":"","format":"standard","meta":{"footnotes":""},"categories":[9,11],"tags":[],"_links":{"self":[{"href":"https:\/\/www.bitacoracdmx.com\/index.php?rest_route=\/wp\/v2\/posts\/44529"}],"collection":[{"href":"https:\/\/www.bitacoracdmx.com\/index.php?rest_route=\/wp\/v2\/posts"}],"about":[{"href":"https:\/\/www.bitacoracdmx.com\/index.php?rest_route=\/wp\/v2\/types\/post"}],"author":[{"embeddable":true,"href":"https:\/\/www.bitacoracdmx.com\/index.php?rest_route=\/wp\/v2\/users\/1"}],"replies":[{"embeddable":true,"href":"https:\/\/www.bitacoracdmx.com\/index.php?rest_route=%2Fwp%2Fv2%2Fcomments&post=44529"}],"version-history":[{"count":1,"href":"https:\/\/www.bitacoracdmx.com\/index.php?rest_route=\/wp\/v2\/posts\/44529\/revisions"}],"predecessor-version":[{"id":44531,"href":"https:\/\/www.bitacoracdmx.com\/index.php?rest_route=\/wp\/v2\/posts\/44529\/revisions\/44531"}],"wp:featuredmedia":[{"embeddable":true,"href":"https:\/\/www.bitacoracdmx.com\/index.php?rest_route=\/wp\/v2\/media\/44530"}],"wp:attachment":[{"href":"https:\/\/www.bitacoracdmx.com\/index.php?rest_route=%2Fwp%2Fv2%2Fmedia&parent=44529"}],"wp:term":[{"taxonomy":"category","embeddable":true,"href":"https:\/\/www.bitacoracdmx.com\/index.php?rest_route=%2Fwp%2Fv2%2Fcategories&post=44529"},{"taxonomy":"post_tag","embeddable":true,"href":"https:\/\/www.bitacoracdmx.com\/index.php?rest_route=%2Fwp%2Fv2%2Ftags&post=44529"}],"curies":[{"name":"wp","href":"https:\/\/api.w.org\/{rel}","templated":true}]}}