{"id":44543,"date":"2022-06-02T23:41:47","date_gmt":"2022-06-02T23:41:47","guid":{"rendered":"https:\/\/www.bitacoracdmx.com\/?p=44543"},"modified":"2022-06-02T23:41:47","modified_gmt":"2022-06-02T23:41:47","slug":"aymee-nuviola-lanza-su-nuevo-sencillo-musical-titulado-la-gatica-de-maria-ramos","status":"publish","type":"post","link":"https:\/\/www.bitacoracdmx.com\/?p=44543","title":{"rendered":"AYM\u00c9E NUVIOLA lanza su nuevo sencillo musical titulado &#8220;LA GATICA DE MAR\u00cdA RAMOS&#8221;"},"content":{"rendered":"<p>[fusion_builder_container hundred_percent=&#8221;no&#8221; equal_height_columns=&#8221;no&#8221; menu_anchor=&#8221;&#8221; hide_on_mobile=&#8221;small-visibility,medium-visibility,large-visibility&#8221; class=&#8221;&#8221; id=&#8221;&#8221; background_color=&#8221;&#8221; background_image=&#8221;&#8221; background_position=&#8221;center center&#8221; background_repeat=&#8221;no-repeat&#8221; fade=&#8221;no&#8221; background_parallax=&#8221;none&#8221; parallax_speed=&#8221;0.3&#8243; video_mp4=&#8221;&#8221; video_webm=&#8221;&#8221; video_ogv=&#8221;&#8221; video_url=&#8221;&#8221; video_aspect_ratio=&#8221;16:9&#8243; video_loop=&#8221;yes&#8221; video_mute=&#8221;yes&#8221; overlay_color=&#8221;&#8221; video_preview_image=&#8221;&#8221; border_size=&#8221;&#8221; border_color=&#8221;&#8221; border_style=&#8221;solid&#8221; padding_top=&#8221;&#8221; padding_bottom=&#8221;&#8221; padding_left=&#8221;&#8221; padding_right=&#8221;&#8221;][fusion_builder_row][fusion_builder_column type=&#8221;1_1&#8243; layout=&#8221;1_1&#8243; background_position=&#8221;left top&#8221; background_color=&#8221;&#8221; border_size=&#8221;&#8221; border_color=&#8221;&#8221; border_style=&#8221;solid&#8221; border_position=&#8221;all&#8221; spacing=&#8221;yes&#8221; background_image=&#8221;&#8221; background_repeat=&#8221;no-repeat&#8221; padding_top=&#8221;&#8221; padding_right=&#8221;&#8221; padding_bottom=&#8221;&#8221; padding_left=&#8221;&#8221; margin_top=&#8221;0px&#8221; margin_bottom=&#8221;0px&#8221; class=&#8221;&#8221; id=&#8221;&#8221; animation_type=&#8221;&#8221; animation_speed=&#8221;0.3&#8243; animation_direction=&#8221;left&#8221; hide_on_mobile=&#8221;small-visibility,medium-visibility,large-visibility&#8221; center_content=&#8221;no&#8221; last=&#8221;no&#8221; min_height=&#8221;&#8221; hover_type=&#8221;none&#8221; link=&#8221;&#8221;][fusion_text]<\/p>\n<p>REDACCI\u00d3N<\/p>\n<p><span style=\"font-size: large;\">La ganadora del GRAMMY\u00ae y Latin GRAMMY\u00ae,\u00a0<strong>Aym\u00e9e Nuviola<\/strong>, lanza hoy su nuevo sencillo musical titulado &#8220;La Gatica de Mar\u00eda Ramos&#8221; Feat.\u00a0<strong>Black &amp; White<\/strong>\u00a0disponible en todas las plataformas digitales esta vez bajo el sello discogr\u00e1fico independiente Worldwide Entertainment &amp; Productions.<\/span><\/p>\n<p>\u201cLa sonera del mundo\u201d como se le conoce a Aym\u00e9e adem\u00e1s de cantante, es pianista, compositora y actriz, presenta su v\u00eddeo musical que cont\u00f3 con la producci\u00f3n y direcci\u00f3n del experimentado\u00a0<b>Paulo Sime\u00f3n<\/b>\u00a0quien adem\u00e1s es su manager y esposo.<\/p>\n<p>&#8220;Estoy muy contenta de seguir brindando m\u00fasica a la gente para que disfruten y puedan sentir lo que preparamos con mucho amor&#8221; expres\u00f3 la artista desde la ciudad de Miami.<\/p>\n<p>Aym\u00e9e es ganadora del premio GRAMMY\u00ae como Mejor \u00c1lbum Latino Tropical con &#8220;Un viaje por la m\u00fasica cubana&#8221; en la 62\u00aa edici\u00f3n de los premios en el 2020, adem\u00e1s su producci\u00f3n &#8220;Como anillo al dedo&#8221;, premio Latin GRAMMY\u00ae en 2018 como &#8220;Mejor \u00e1lbum de fusi\u00f3n tropical&#8221; entre otras nominaciones que ha logrado en su carrera.<\/p>\n<p><strong>Nuevo \u00e1lbum<\/strong><\/p>\n<p>En este viernes 27 de mayo tambi\u00e9n sale el \u00e1lbum junto al maestro del piano y ganador m\u00faltiple del GRAMMY\u00ae\u00a0<strong>Gonzalo Rubalcaba<\/strong>\u00a0&#8220;<strong>Live in Marciac<\/strong>&#8221; bajo el respaldo\u00a0<strong>5Passion Records.<\/strong><\/p>\n<p>Live in Marciac presenta un concierto en vivo evocador y atemporal, lleno de cl\u00e1sicos del jazz latino y algunos originales, este d\u00fao fue parte de una gira en el 2021 que incluye el festival de Jazz de Marciac (Francia) en el Chapiteau Concert Hall.<\/p>\n<p>Amigos desde la infancia en Cuba, Rubalcaba y Nuviola se unieron por primera vez como colaboradores musicales en el 2020 con el lanzamiento de Viento y Tiempo &#8211; Live at Blue Note Tokyo. El disco fue aclamado por su celebraci\u00f3n de la influencia del jazz afrocubano, recibiendo una nominaci\u00f3n al GRAMMY\u00ae en el 2020 bajo la categor\u00eda de Mejor \u00c1lbum de Jazz Latino. Ahora, con el lanzamiento de Live in Marciac, el d\u00fao ilustre regresa en gloria, incorporando una combinaci\u00f3n superlativa de obras maestras que desaf\u00edan las tendencias musicales.<\/p>\n<p>Live in Marciac sigue un a\u00f1o excepcional para ambos magistrales m\u00fasicos; Rubalcaba acaba de ganar un GRAMMY\u00ae por su \u00e1lbum de tr\u00edo de jazz, Skyline, el primer m\u00fasico latinoamericano en hacerlo como l\u00edder en la categor\u00eda Mejor \u00c1lbum de Jazz Instrumental. Nuviola tambi\u00e9n fue nominado este a\u00f1o al Mejor \u00c1lbum Latino Tropical por Sin Salsa No Hay Para\u00edso, y actu\u00f3 durante la transmisi\u00f3n de la ceremonia.<\/p>\n<p>REDES SOCIALES:<\/p>\n<p>SPOTIFY\u00a0<a href=\"https:\/\/open.spotify.com\/track\/676XZfBYE9L6VrwwJkfGy8?si=196ecd8f581a4f02&amp;nd=1\" target=\"_blank\" rel=\"noopener noreferrer\" data-auth=\"NotApplicable\" data-linkindex=\"5\">https:\/\/open.spotify.com\/track\/676XZfBYE9L6VrwwJkfGy8?si=196ecd8f581a4f02&amp;nd=1<\/a><\/p>\n<p>INSTAGRAM\u00a0<a href=\"https:\/\/www.instagram.com\/aymeenuviolaofficial\/\" target=\"_blank\" rel=\"noopener noreferrer\" data-auth=\"NotApplicable\" data-linkindex=\"6\">https:\/\/www.instagram.com\/aymeenuviolaofficial\/<\/a><\/p>\n<p>TWITTER:\u00a0<a href=\"https:\/\/twitter.com\/aymeenuviola\" target=\"_blank\" rel=\"noopener noreferrer\" data-auth=\"NotApplicable\" data-linkindex=\"7\">https:\/\/twitter.com\/aymeenuviola<\/a><\/p>\n<p>FACEBOOK\u00a0<a href=\"https:\/\/www.facebook.com\/aymee.n.suarez\" target=\"_blank\" rel=\"noopener noreferrer\" data-auth=\"NotApplicable\" data-linkindex=\"8\">https:\/\/www.facebook.com\/aymee.n.suarez<\/a><\/p>\n<p>[\/fusion_text][fusion_imageframe image_id=&#8221;44544|medium&#8221; max_width=&#8221;&#8221; style_type=&#8221;&#8221; blur=&#8221;&#8221; stylecolor=&#8221;&#8221; hover_type=&#8221;none&#8221; bordersize=&#8221;&#8221; bordercolor=&#8221;&#8221; borderradius=&#8221;&#8221; align=&#8221;none&#8221; lightbox=&#8221;no&#8221; gallery_id=&#8221;&#8221; lightbox_image=&#8221;&#8221; lightbox_image_id=&#8221;&#8221; alt=&#8221;&#8221; link=&#8221;&#8221; linktarget=&#8221;_self&#8221; hide_on_mobile=&#8221;small-visibility,medium-visibility,large-visibility&#8221; class=&#8221;&#8221; id=&#8221;&#8221; animation_type=&#8221;&#8221; animation_direction=&#8221;left&#8221; animation_speed=&#8221;0.3&#8243; animation_offset=&#8221;&#8221;]https:\/\/www.bitacoracdmx.com\/wp-content\/uploads\/2022\/06\/AYMEE-NUVIOLA-GATICA-COVER-JUN-2022-300&#215;300.jpg[\/fusion_imageframe][\/fusion_builder_column][\/fusion_builder_row][\/fusion_builder_container]<\/p>\n","protected":false},"excerpt":{"rendered":"<p>[fusion_builder_container hundred_percent=&#8221;no&#8221; equal_height_columns=&#8221;no&#8221; menu_anchor=&#8221;&#8221; hide_on_mobile=&#8221;small-visibility,medium-visibility,large-visibility&#8221; class=&#8221;&#8221; id=&#8221;&#8221; background_color=&#8221;&#8221; background_image=&#8221;&#8221; background_position=&#8221;center center&#8221; background_repeat=&#8221;no-repeat&#8221; fade=&#8221;no&#8221; background_parallax=&#8221;none&#8221; parallax_speed=&#8221;0.3&#8243; video_mp4=&#8221;&#8221; video_webm=&#8221;&#8221; video_ogv=&#8221;&#8221; video_url=&#8221;&#8221; video_aspect_ratio=&#8221;16:9&#8243; video_loop=&#8221;yes&#8221; video_mute=&#8221;yes&#8221; overlay_color=&#8221;&#8221; video_preview_image=&#8221;&#8221; border_size=&#8221;&#8221; border_color=&#8221;&#8221; border_style=&#8221;solid&#8221; padding_top=&#8221;&#8221; padding_bottom=&#8221;&#8221; padding_left=&#8221;&#8221; padding_right=&#8221;&#8221;][fusion_builder_row][fusion_builder_column type=&#8221;1_1&#8243; layout=&#8221;1_1&#8243; background_position=&#8221;left top&#8221; background_color=&#8221;&#8221; border_size=&#8221;&#8221; border_color=&#8221;&#8221; border_style=&#8221;solid&#8221; border_position=&#8221;all&#8221; spacing=&#8221;yes&#8221; background_image=&#8221;&#8221; background_repeat=&#8221;no-repeat&#8221; padding_top=&#8221;&#8221; padding_right=&#8221;&#8221; padding_bottom=&#8221;&#8221; padding_left=&#8221;&#8221; margin_top=&#8221;0px&#8221; margin_bottom=&#8221;0px&#8221; class=&#8221;&#8221; id=&#8221;&#8221; animation_type=&#8221;&#8221; animation_speed=&#8221;0.3&#8243; animation_direction=&#8221;left&#8221; hide_on_mobile=&#8221;small-visibility,medium-visibility,large-visibility&#8221; center_content=&#8221;no&#8221; last=&#8221;no&#8221; min_height=&#8221;&#8221; hover_type=&#8221;none&#8221; link=&#8221;&#8221;][fusion_text] REDACCI\u00d3N La ganadora del GRAMMY\u00ae y Latin GRAMMY\u00ae,\u00a0Aym\u00e9e Nuviola, lanza hoy su nuevo sencillo musical titulado &#8220;La Gatica de Mar\u00eda Ramos&#8221; Feat.\u00a0Black &amp; White\u00a0disponible en todas las plataformas digitales esta vez bajo el sello discogr\u00e1fico independiente Worldwide Entertainment &amp; Productions. [&hellip;]<\/p>\n","protected":false},"author":1,"featured_media":44544,"comment_status":"open","ping_status":"open","sticky":false,"template":"","format":"standard","meta":{"footnotes":""},"categories":[9,11],"tags":[],"_links":{"self":[{"href":"https:\/\/www.bitacoracdmx.com\/index.php?rest_route=\/wp\/v2\/posts\/44543"}],"collection":[{"href":"https:\/\/www.bitacoracdmx.com\/index.php?rest_route=\/wp\/v2\/posts"}],"about":[{"href":"https:\/\/www.bitacoracdmx.com\/index.php?rest_route=\/wp\/v2\/types\/post"}],"author":[{"embeddable":true,"href":"https:\/\/www.bitacoracdmx.com\/index.php?rest_route=\/wp\/v2\/users\/1"}],"replies":[{"embeddable":true,"href":"https:\/\/www.bitacoracdmx.com\/index.php?rest_route=%2Fwp%2Fv2%2Fcomments&post=44543"}],"version-history":[{"count":1,"href":"https:\/\/www.bitacoracdmx.com\/index.php?rest_route=\/wp\/v2\/posts\/44543\/revisions"}],"predecessor-version":[{"id":44545,"href":"https:\/\/www.bitacoracdmx.com\/index.php?rest_route=\/wp\/v2\/posts\/44543\/revisions\/44545"}],"wp:featuredmedia":[{"embeddable":true,"href":"https:\/\/www.bitacoracdmx.com\/index.php?rest_route=\/wp\/v2\/media\/44544"}],"wp:attachment":[{"href":"https:\/\/www.bitacoracdmx.com\/index.php?rest_route=%2Fwp%2Fv2%2Fmedia&parent=44543"}],"wp:term":[{"taxonomy":"category","embeddable":true,"href":"https:\/\/www.bitacoracdmx.com\/index.php?rest_route=%2Fwp%2Fv2%2Fcategories&post=44543"},{"taxonomy":"post_tag","embeddable":true,"href":"https:\/\/www.bitacoracdmx.com\/index.php?rest_route=%2Fwp%2Fv2%2Ftags&post=44543"}],"curies":[{"name":"wp","href":"https:\/\/api.w.org\/{rel}","templated":true}]}}