{"id":44546,"date":"2022-06-02T23:50:16","date_gmt":"2022-06-02T23:50:16","guid":{"rendered":"https:\/\/www.bitacoracdmx.com\/?p=44546"},"modified":"2022-06-02T23:50:16","modified_gmt":"2022-06-02T23:50:16","slug":"fernando-delgadillo-ofrecera-show-unico-y-especial-en-el-foro-360-de-naucalpan","status":"publish","type":"post","link":"https:\/\/www.bitacoracdmx.com\/?p=44546","title":{"rendered":"FERNANDO DELGADILLO ofrecer\u00e1 show \u00fanico y especial en el FORO 360 de Naucalpan"},"content":{"rendered":"<p>[fusion_builder_container hundred_percent=&#8221;no&#8221; equal_height_columns=&#8221;no&#8221; menu_anchor=&#8221;&#8221; hide_on_mobile=&#8221;small-visibility,medium-visibility,large-visibility&#8221; class=&#8221;&#8221; id=&#8221;&#8221; background_color=&#8221;&#8221; background_image=&#8221;&#8221; background_position=&#8221;center center&#8221; background_repeat=&#8221;no-repeat&#8221; fade=&#8221;no&#8221; background_parallax=&#8221;none&#8221; parallax_speed=&#8221;0.3&#8243; video_mp4=&#8221;&#8221; video_webm=&#8221;&#8221; video_ogv=&#8221;&#8221; video_url=&#8221;&#8221; video_aspect_ratio=&#8221;16:9&#8243; video_loop=&#8221;yes&#8221; video_mute=&#8221;yes&#8221; overlay_color=&#8221;&#8221; video_preview_image=&#8221;&#8221; border_size=&#8221;&#8221; border_color=&#8221;&#8221; border_style=&#8221;solid&#8221; padding_top=&#8221;&#8221; padding_bottom=&#8221;&#8221; padding_left=&#8221;&#8221; padding_right=&#8221;&#8221;][fusion_builder_row][fusion_builder_column type=&#8221;1_1&#8243; layout=&#8221;1_1&#8243; background_position=&#8221;left top&#8221; background_color=&#8221;&#8221; border_size=&#8221;&#8221; border_color=&#8221;&#8221; border_style=&#8221;solid&#8221; border_position=&#8221;all&#8221; spacing=&#8221;yes&#8221; background_image=&#8221;&#8221; background_repeat=&#8221;no-repeat&#8221; padding_top=&#8221;&#8221; padding_right=&#8221;&#8221; padding_bottom=&#8221;&#8221; padding_left=&#8221;&#8221; margin_top=&#8221;0px&#8221; margin_bottom=&#8221;0px&#8221; class=&#8221;&#8221; id=&#8221;&#8221; animation_type=&#8221;&#8221; animation_speed=&#8221;0.3&#8243; animation_direction=&#8221;left&#8221; hide_on_mobile=&#8221;small-visibility,medium-visibility,large-visibility&#8221; center_content=&#8221;no&#8221; last=&#8221;no&#8221; min_height=&#8221;&#8221; hover_type=&#8221;none&#8221; link=&#8221;&#8221;][fusion_text]<\/p>\n<p>REDACCI\u00d3N<\/p>\n<p><b><i>*Se presenta el S\u00e1bado 16 de Julio en el Foro\u00a0360\u00a0a partir de las ocho y media de la noche en el Centro de Espect\u00e1culos Foro\u00a0360, ubicado en Boulevard Toluca No. 115 esquina con Perif\u00e9rico Boulevard Manuel \u00c1vila Camacho.<\/i><\/b><\/p>\n<p><b><i>*Boletos a la venta en el Sistema\u00a0Hive Tickets\u00a0en\u00a0\u00a0<a href=\"https:\/\/thehivetickets.rocks\/\" target=\"_blank\" rel=\"noopener noreferrer\" data-auth=\"NotApplicable\" data-linkindex=\"4\">https:\/\/thehivetickets.rocks\/<\/a><\/i><\/b><\/p>\n<p>Fernando Delgadillo planea lanzar su m\u00e1s reciente disco in\u00e9dito a finales del 2022, una obra marcada en lo que \u00e9l ha asegurado, ser\u00e1n \u201ctemas para la humanidad\u201d en su vertiente de trova mexicana, g\u00e9nero en el cual el cantautor es uno de los m\u00e1ximos exponentes por donde se le vea. Con ello y prometiendo un show plagado de \u00e9xitos, el artista llegar\u00e1 este S\u00e1bado 16 de Julio a las ocho y media de la noche en las instalaciones del Foro 360 de Naucalpan, ubicado en Boulevard Toluca No. 115 esquina con Perif\u00e9rico Boulevard Manuel \u00c1vila Camacho, para brindar un show \u00fanico y especial, dispuesto a embelesar a la audiencia con su m\u00fasica y su estilo \u00fanico. Los boletos est\u00e1n a la venta en el Sistema Hive Tickets en\u00a0\u00a0<a href=\"https:\/\/thehivetickets.rocks\/\" target=\"_blank\" rel=\"noopener noreferrer\" data-auth=\"NotApplicable\" data-linkindex=\"5\">https:\/\/thehivetickets.rocks\/<\/a><\/p>\n<p>Creador de la \u201cCanci\u00f3n Informal\u201d, cantautor y trovador mexicano, Fernando Delgadillo ha logrado mantener desde hace treinta a\u00f1os, una s\u00f3lida trayectoria no solo en M\u00e9xico, sino en toda Latinoam\u00e9rica gracias a la gran calidad de sus textos y su original estilo musical. Cada a\u00f1o realiza presentaciones en las ciudades m\u00e1s importantes de M\u00e9xico, al llenar por completo foros con capacidad hasta para 3 mil 500 personas, adem\u00e1s de las giras internacionales que lo han llevado a presentarse por todo el continente americano. Para este concierto y fiel a su l\u00ednea de trabajo, Fernando no manejar\u00e1 un setlist ya definido, porque el p\u00fablico es el que pide las canciones y el recorrido musical es diverso, de este modo, a audiencia tiene exactamente lo que busca en cada recital.<\/p>\n<p>En 2013 Delgadillo es invitado a China para participar en el &#8220;Festival Internacional de la Televisi\u00f3n de Beijing&#8221;. Despu\u00e9s de dicho festival algunas de sus canciones son traducidas al chino. M\u00e1s tarde, en agosto, es invitado al &#8220;Festival Internacional de la Juventud&#8221; con sede en La Habana, Cuba. , para la presentaci\u00f3n de su disco &#8220;Entre Pairos y Derivas&#8221; se presenta por primera vez en el Teatro Metrop\u00f3litan de la Ciudad de M\u00e9xico. Tambi\u00e9n ese a\u00f1o Silvio Rodr\u00edguez lo invita a tocar en su segundo concierto en el Auditorio Nacional. A lo largo de su carrera Fernando ha grabado diesciseis discos, el pen\u00faltimo de estos es Parque Naucalli&#8221;, grabada en vivo en el 2005 en el Foro Felipe Villanueva. El libro de letras de canciones, tiene adem\u00e1s, una bit\u00e1cora, que es de autor\u00eda de Fernando Delgadillo. Con sus dos materiales discogr\u00e1ficos anteriores, en donde destaca su obra \u201cSesiones Ac\u00fasticas\u201d, realiz\u00f3 aproximadamente noventa presentaciones por toda la Rep\u00fablica Mexicana en el lapso de un a\u00f1o con gran \u00e9xito.<\/p>\n<p>Fernando Delgadillo se presenta este S\u00e1bado 16 de Julio a las ocho y media de la noche en las instalaciones del Foro 360 de Naucalpan, ubicado en Boulevard Toluca No. 115 esquina con Perif\u00e9rico Boulevard Manuel \u00c1vila Camacho, para brindar un show \u00fanico y especial plagado de \u00e9xitos. Los boletos est\u00e1n a la venta en el Sistema Hive Tickets en\u00a0 <a href=\"https:\/\/thehivetickets.rocks\/\" target=\"_blank\" rel=\"noopener noreferrer\" data-auth=\"NotApplicable\" data-linkindex=\"6\">https:\/\/thehivetickets.rocks\/<\/a><\/p>\n<p>[\/fusion_text][fusion_imageframe image_id=&#8221;44547|medium&#8221; max_width=&#8221;&#8221; style_type=&#8221;&#8221; blur=&#8221;&#8221; stylecolor=&#8221;&#8221; hover_type=&#8221;none&#8221; bordersize=&#8221;&#8221; bordercolor=&#8221;&#8221; borderradius=&#8221;&#8221; align=&#8221;none&#8221; lightbox=&#8221;no&#8221; gallery_id=&#8221;&#8221; lightbox_image=&#8221;&#8221; lightbox_image_id=&#8221;&#8221; alt=&#8221;&#8221; link=&#8221;&#8221; linktarget=&#8221;_self&#8221; hide_on_mobile=&#8221;small-visibility,medium-visibility,large-visibility&#8221; class=&#8221;&#8221; id=&#8221;&#8221; animation_type=&#8221;&#8221; animation_direction=&#8221;left&#8221; animation_speed=&#8221;0.3&#8243; animation_offset=&#8221;&#8221;]https:\/\/www.bitacoracdmx.com\/wp-content\/uploads\/2022\/06\/FERNANDO-DELGADILLO-JULIO-2022-CARTEL-232&#215;300.jpeg[\/fusion_imageframe][\/fusion_builder_column][\/fusion_builder_row][\/fusion_builder_container]<\/p>\n","protected":false},"excerpt":{"rendered":"<p>[fusion_builder_container hundred_percent=&#8221;no&#8221; equal_height_columns=&#8221;no&#8221; menu_anchor=&#8221;&#8221; hide_on_mobile=&#8221;small-visibility,medium-visibility,large-visibility&#8221; class=&#8221;&#8221; id=&#8221;&#8221; background_color=&#8221;&#8221; background_image=&#8221;&#8221; background_position=&#8221;center center&#8221; background_repeat=&#8221;no-repeat&#8221; fade=&#8221;no&#8221; background_parallax=&#8221;none&#8221; parallax_speed=&#8221;0.3&#8243; video_mp4=&#8221;&#8221; video_webm=&#8221;&#8221; video_ogv=&#8221;&#8221; video_url=&#8221;&#8221; video_aspect_ratio=&#8221;16:9&#8243; video_loop=&#8221;yes&#8221; video_mute=&#8221;yes&#8221; overlay_color=&#8221;&#8221; video_preview_image=&#8221;&#8221; border_size=&#8221;&#8221; border_color=&#8221;&#8221; border_style=&#8221;solid&#8221; padding_top=&#8221;&#8221; padding_bottom=&#8221;&#8221; padding_left=&#8221;&#8221; padding_right=&#8221;&#8221;][fusion_builder_row][fusion_builder_column type=&#8221;1_1&#8243; layout=&#8221;1_1&#8243; background_position=&#8221;left top&#8221; background_color=&#8221;&#8221; border_size=&#8221;&#8221; border_color=&#8221;&#8221; border_style=&#8221;solid&#8221; border_position=&#8221;all&#8221; spacing=&#8221;yes&#8221; background_image=&#8221;&#8221; background_repeat=&#8221;no-repeat&#8221; padding_top=&#8221;&#8221; padding_right=&#8221;&#8221; padding_bottom=&#8221;&#8221; padding_left=&#8221;&#8221; margin_top=&#8221;0px&#8221; margin_bottom=&#8221;0px&#8221; class=&#8221;&#8221; id=&#8221;&#8221; animation_type=&#8221;&#8221; animation_speed=&#8221;0.3&#8243; animation_direction=&#8221;left&#8221; hide_on_mobile=&#8221;small-visibility,medium-visibility,large-visibility&#8221; center_content=&#8221;no&#8221; last=&#8221;no&#8221; min_height=&#8221;&#8221; hover_type=&#8221;none&#8221; link=&#8221;&#8221;][fusion_text] REDACCI\u00d3N *Se presenta el S\u00e1bado 16 de Julio en el Foro\u00a0360\u00a0a partir de las ocho y media de la noche en el Centro de Espect\u00e1culos Foro\u00a0360, ubicado en Boulevard Toluca No. 115 esquina con Perif\u00e9rico Boulevard Manuel \u00c1vila Camacho. *Boletos [&hellip;]<\/p>\n","protected":false},"author":1,"featured_media":44547,"comment_status":"open","ping_status":"open","sticky":false,"template":"","format":"standard","meta":{"footnotes":""},"categories":[9,11],"tags":[],"_links":{"self":[{"href":"https:\/\/www.bitacoracdmx.com\/index.php?rest_route=\/wp\/v2\/posts\/44546"}],"collection":[{"href":"https:\/\/www.bitacoracdmx.com\/index.php?rest_route=\/wp\/v2\/posts"}],"about":[{"href":"https:\/\/www.bitacoracdmx.com\/index.php?rest_route=\/wp\/v2\/types\/post"}],"author":[{"embeddable":true,"href":"https:\/\/www.bitacoracdmx.com\/index.php?rest_route=\/wp\/v2\/users\/1"}],"replies":[{"embeddable":true,"href":"https:\/\/www.bitacoracdmx.com\/index.php?rest_route=%2Fwp%2Fv2%2Fcomments&post=44546"}],"version-history":[{"count":1,"href":"https:\/\/www.bitacoracdmx.com\/index.php?rest_route=\/wp\/v2\/posts\/44546\/revisions"}],"predecessor-version":[{"id":44548,"href":"https:\/\/www.bitacoracdmx.com\/index.php?rest_route=\/wp\/v2\/posts\/44546\/revisions\/44548"}],"wp:featuredmedia":[{"embeddable":true,"href":"https:\/\/www.bitacoracdmx.com\/index.php?rest_route=\/wp\/v2\/media\/44547"}],"wp:attachment":[{"href":"https:\/\/www.bitacoracdmx.com\/index.php?rest_route=%2Fwp%2Fv2%2Fmedia&parent=44546"}],"wp:term":[{"taxonomy":"category","embeddable":true,"href":"https:\/\/www.bitacoracdmx.com\/index.php?rest_route=%2Fwp%2Fv2%2Fcategories&post=44546"},{"taxonomy":"post_tag","embeddable":true,"href":"https:\/\/www.bitacoracdmx.com\/index.php?rest_route=%2Fwp%2Fv2%2Ftags&post=44546"}],"curies":[{"name":"wp","href":"https:\/\/api.w.org\/{rel}","templated":true}]}}