{"id":44549,"date":"2022-06-02T23:59:22","date_gmt":"2022-06-02T23:59:22","guid":{"rendered":"https:\/\/www.bitacoracdmx.com\/?p=44549"},"modified":"2022-06-02T23:59:22","modified_gmt":"2022-06-02T23:59:22","slug":"julieta-venegas-lanza-caminar-sola-segundo-adelanto-de-su-proximo-disco","status":"publish","type":"post","link":"https:\/\/www.bitacoracdmx.com\/?p=44549","title":{"rendered":"JULIETA VENEGAS lanza \u201cCAMINAR SOLA\u201d segundo adelanto de su pr\u00f3ximo disco"},"content":{"rendered":"<p>[fusion_builder_container hundred_percent=&#8221;no&#8221; equal_height_columns=&#8221;no&#8221; menu_anchor=&#8221;&#8221; hide_on_mobile=&#8221;small-visibility,medium-visibility,large-visibility&#8221; class=&#8221;&#8221; id=&#8221;&#8221; background_color=&#8221;&#8221; background_image=&#8221;&#8221; background_position=&#8221;center center&#8221; background_repeat=&#8221;no-repeat&#8221; fade=&#8221;no&#8221; background_parallax=&#8221;none&#8221; parallax_speed=&#8221;0.3&#8243; video_mp4=&#8221;&#8221; video_webm=&#8221;&#8221; video_ogv=&#8221;&#8221; video_url=&#8221;&#8221; video_aspect_ratio=&#8221;16:9&#8243; video_loop=&#8221;yes&#8221; video_mute=&#8221;yes&#8221; overlay_color=&#8221;&#8221; video_preview_image=&#8221;&#8221; border_size=&#8221;&#8221; border_color=&#8221;&#8221; border_style=&#8221;solid&#8221; padding_top=&#8221;&#8221; padding_bottom=&#8221;&#8221; padding_left=&#8221;&#8221; padding_right=&#8221;&#8221;][fusion_builder_row][fusion_builder_column type=&#8221;1_1&#8243; layout=&#8221;1_1&#8243; background_position=&#8221;left top&#8221; background_color=&#8221;&#8221; border_size=&#8221;&#8221; border_color=&#8221;&#8221; border_style=&#8221;solid&#8221; border_position=&#8221;all&#8221; spacing=&#8221;yes&#8221; background_image=&#8221;&#8221; background_repeat=&#8221;no-repeat&#8221; padding_top=&#8221;&#8221; padding_right=&#8221;&#8221; padding_bottom=&#8221;&#8221; padding_left=&#8221;&#8221; margin_top=&#8221;0px&#8221; margin_bottom=&#8221;0px&#8221; class=&#8221;&#8221; id=&#8221;&#8221; animation_type=&#8221;&#8221; animation_speed=&#8221;0.3&#8243; animation_direction=&#8221;left&#8221; hide_on_mobile=&#8221;small-visibility,medium-visibility,large-visibility&#8221; center_content=&#8221;no&#8221; last=&#8221;no&#8221; min_height=&#8221;&#8221; hover_type=&#8221;none&#8221; link=&#8221;&#8221;][fusion_text]<\/p>\n<p>REDACCI\u00d3N<\/p>\n<h4><strong><em>Con m\u00e1s de 17.5 Millones de oyentes mensuales en Spotify, la m\u00fasica de Julieta est\u00e1 m\u00e1s presente que nunca.<\/em><\/strong><\/h4>\n<h4><strong>\u00a1Disponible en todas las plataformas digitales!\u00a0 \u00a0<\/strong><strong>03.06.22<\/strong><\/h4>\n<p>Tras su exitoso lanzamiento \u201cMismo Amor\u201d, que se posicion\u00f3 como canci\u00f3n destacada y portada de las principales Playlists en Plataformas Digitales, y su gira por Estados Unidos, M\u00e9xico, Colombia,\u00a0Espa\u00f1a, Uruguay, Argentina y Chile,\u00a0 agotando localidades y present\u00e1ndose en los festivales m\u00e1s convocados\u00a0como el Vive Latino,\u00a0<strong>Julieta Venegas<\/strong>\u00a0presenta el\u00a0<strong>segundo adelanto<\/strong>\u00a0de su pr\u00f3ximo \u00e1lbum:\u00a0<strong>CAMINAR SOLA<\/strong><br aria-hidden=\"true\" \/><br aria-hidden=\"true\" \/>\u2026 \u201c<em>Estoy iniciando una etapa muy linda y estoy feliz de poder compartirla con Uds.\u00a0 Se viene un nuevo disco, del cual les adelanto un poquito con\u00a0 CAMINAR SOLA, que est\u00e1 producido por un artista que admiro mucho, Alex\u00a0 Anwandter. De la mano de \u00e9l he visto como las canciones han ido creciendo hasta convertirse en lo que tenemos.\u00a0 He trabajado con coraz\u00f3n, seriedad, emoci\u00f3n, y todo eso es hermoso. Se los cuento, porque encontrar c\u00f3mplices en la vida es tan importante, y lo que se est\u00e1 armando con este disco ha sido una etapa llena de aprendizaje y amor. Tengo muchas ganas de que lo escuchen. Este es el segundo adelanto antes del lanzamiento<\/em>\u201d\u2026<\/p>\n<p><strong>SOBRE CAMINAR SOLA<\/strong><\/p>\n<p>\u2026\u201c<em>Las mujeres conocemos bien la sensaci\u00f3n de terminar una noche, y pedirle a nuestra amiga que se va a su casa: &#8211; Av\u00edsame cuando llegues. \u00bfC\u00f3mo explicar lo que se siente ser una mujer latinoamericana, en un cuerpo que no est\u00e1 seguro en las calles por la noche?\u00a0<\/em><\/p>\n<p><em>La violencia a las mujeres que sigue creciendo cada d\u00eda, no contradice a ese instinto protector que se despierta en nosotras. Nos toca protegernos y cuidarnos entre todas, porque sabemos bien lo que se siente.\u00a0<\/em><\/p>\n<p><em>\u00bfA qui\u00e9n se la canto? Trato de explicarle a mi hermano, a un hombre cercano lo que se siente: &#8211; Ponte por un instante en mi lugar, mira a trav\u00e9s de mis ojos.\u00a0<\/em><\/p>\n<p><em>Nos toca sacudir esto, y para eso, empezar por hacer comprender lo duro que es. Hay cosas que hemos aceptado en nuestra manera de relacionarnos, nos toca volver a aprenderlas, para desde ah\u00ed cambiarlas\u201d\u2026\u00a0<strong>Julieta Venegas<\/strong><\/em><\/p>\n<p>[\/fusion_text][fusion_imageframe image_id=&#8221;44505|medium&#8221; max_width=&#8221;&#8221; style_type=&#8221;&#8221; blur=&#8221;&#8221; stylecolor=&#8221;&#8221; hover_type=&#8221;none&#8221; bordersize=&#8221;&#8221; bordercolor=&#8221;&#8221; borderradius=&#8221;&#8221; align=&#8221;none&#8221; lightbox=&#8221;no&#8221; gallery_id=&#8221;&#8221; lightbox_image=&#8221;&#8221; lightbox_image_id=&#8221;&#8221; alt=&#8221;&#8221; link=&#8221;&#8221; linktarget=&#8221;_self&#8221; hide_on_mobile=&#8221;small-visibility,medium-visibility,large-visibility&#8221; class=&#8221;&#8221; id=&#8221;&#8221; animation_type=&#8221;&#8221; animation_direction=&#8221;left&#8221; animation_speed=&#8221;0.3&#8243; animation_offset=&#8221;&#8221;]https:\/\/www.bitacoracdmx.com\/wp-content\/uploads\/2022\/05\/286821c5-4235-590f-ac05-6d1cd2048d32-300&#215;300.jpeg[\/fusion_imageframe][\/fusion_builder_column][\/fusion_builder_row][\/fusion_builder_container]<\/p>\n","protected":false},"excerpt":{"rendered":"<p>[fusion_builder_container hundred_percent=&#8221;no&#8221; equal_height_columns=&#8221;no&#8221; menu_anchor=&#8221;&#8221; hide_on_mobile=&#8221;small-visibility,medium-visibility,large-visibility&#8221; class=&#8221;&#8221; id=&#8221;&#8221; background_color=&#8221;&#8221; background_image=&#8221;&#8221; background_position=&#8221;center center&#8221; background_repeat=&#8221;no-repeat&#8221; fade=&#8221;no&#8221; background_parallax=&#8221;none&#8221; parallax_speed=&#8221;0.3&#8243; video_mp4=&#8221;&#8221; video_webm=&#8221;&#8221; video_ogv=&#8221;&#8221; video_url=&#8221;&#8221; video_aspect_ratio=&#8221;16:9&#8243; video_loop=&#8221;yes&#8221; video_mute=&#8221;yes&#8221; overlay_color=&#8221;&#8221; video_preview_image=&#8221;&#8221; border_size=&#8221;&#8221; border_color=&#8221;&#8221; border_style=&#8221;solid&#8221; padding_top=&#8221;&#8221; padding_bottom=&#8221;&#8221; padding_left=&#8221;&#8221; padding_right=&#8221;&#8221;][fusion_builder_row][fusion_builder_column type=&#8221;1_1&#8243; layout=&#8221;1_1&#8243; background_position=&#8221;left top&#8221; background_color=&#8221;&#8221; border_size=&#8221;&#8221; border_color=&#8221;&#8221; border_style=&#8221;solid&#8221; border_position=&#8221;all&#8221; spacing=&#8221;yes&#8221; background_image=&#8221;&#8221; background_repeat=&#8221;no-repeat&#8221; padding_top=&#8221;&#8221; padding_right=&#8221;&#8221; padding_bottom=&#8221;&#8221; padding_left=&#8221;&#8221; margin_top=&#8221;0px&#8221; margin_bottom=&#8221;0px&#8221; class=&#8221;&#8221; id=&#8221;&#8221; animation_type=&#8221;&#8221; animation_speed=&#8221;0.3&#8243; animation_direction=&#8221;left&#8221; hide_on_mobile=&#8221;small-visibility,medium-visibility,large-visibility&#8221; center_content=&#8221;no&#8221; last=&#8221;no&#8221; min_height=&#8221;&#8221; hover_type=&#8221;none&#8221; link=&#8221;&#8221;][fusion_text] REDACCI\u00d3N Con m\u00e1s de 17.5 Millones de oyentes mensuales en Spotify, la m\u00fasica de Julieta est\u00e1 m\u00e1s presente que nunca. \u00a1Disponible en todas las plataformas digitales!\u00a0 \u00a003.06.22 Tras su exitoso lanzamiento \u201cMismo Amor\u201d, que se posicion\u00f3 como canci\u00f3n destacada y [&hellip;]<\/p>\n","protected":false},"author":1,"featured_media":44505,"comment_status":"open","ping_status":"open","sticky":false,"template":"","format":"standard","meta":{"footnotes":""},"categories":[9,11],"tags":[],"_links":{"self":[{"href":"https:\/\/www.bitacoracdmx.com\/index.php?rest_route=\/wp\/v2\/posts\/44549"}],"collection":[{"href":"https:\/\/www.bitacoracdmx.com\/index.php?rest_route=\/wp\/v2\/posts"}],"about":[{"href":"https:\/\/www.bitacoracdmx.com\/index.php?rest_route=\/wp\/v2\/types\/post"}],"author":[{"embeddable":true,"href":"https:\/\/www.bitacoracdmx.com\/index.php?rest_route=\/wp\/v2\/users\/1"}],"replies":[{"embeddable":true,"href":"https:\/\/www.bitacoracdmx.com\/index.php?rest_route=%2Fwp%2Fv2%2Fcomments&post=44549"}],"version-history":[{"count":1,"href":"https:\/\/www.bitacoracdmx.com\/index.php?rest_route=\/wp\/v2\/posts\/44549\/revisions"}],"predecessor-version":[{"id":44550,"href":"https:\/\/www.bitacoracdmx.com\/index.php?rest_route=\/wp\/v2\/posts\/44549\/revisions\/44550"}],"wp:featuredmedia":[{"embeddable":true,"href":"https:\/\/www.bitacoracdmx.com\/index.php?rest_route=\/wp\/v2\/media\/44505"}],"wp:attachment":[{"href":"https:\/\/www.bitacoracdmx.com\/index.php?rest_route=%2Fwp%2Fv2%2Fmedia&parent=44549"}],"wp:term":[{"taxonomy":"category","embeddable":true,"href":"https:\/\/www.bitacoracdmx.com\/index.php?rest_route=%2Fwp%2Fv2%2Fcategories&post=44549"},{"taxonomy":"post_tag","embeddable":true,"href":"https:\/\/www.bitacoracdmx.com\/index.php?rest_route=%2Fwp%2Fv2%2Ftags&post=44549"}],"curies":[{"name":"wp","href":"https:\/\/api.w.org\/{rel}","templated":true}]}}