{"id":44695,"date":"2022-06-13T02:27:40","date_gmt":"2022-06-13T02:27:40","guid":{"rendered":"https:\/\/www.bitacoracdmx.com\/?p=44695"},"modified":"2022-06-13T02:27:40","modified_gmt":"2022-06-13T02:27:40","slug":"regresan-los-masivos-al-zocalo-de-la-cdmx-silvio-rodriguez-abarrota-la-plaza-de-la-constitucion-con-100-mil-asistentes","status":"publish","type":"post","link":"https:\/\/www.bitacoracdmx.com\/?p=44695","title":{"rendered":"Regresan los masivos al Z\u00f3calo de la CDMX, Silvio Rodr\u00edguez abarrota la Plaza de la Constituci\u00f3n con 100 mil asistentes"},"content":{"rendered":"<p>[fusion_builder_container hundred_percent=&#8221;no&#8221; equal_height_columns=&#8221;no&#8221; menu_anchor=&#8221;&#8221; hide_on_mobile=&#8221;small-visibility,medium-visibility,large-visibility&#8221; class=&#8221;&#8221; id=&#8221;&#8221; background_color=&#8221;&#8221; background_image=&#8221;&#8221; background_position=&#8221;center center&#8221; background_repeat=&#8221;no-repeat&#8221; fade=&#8221;no&#8221; background_parallax=&#8221;none&#8221; parallax_speed=&#8221;0.3&#8243; video_mp4=&#8221;&#8221; video_webm=&#8221;&#8221; video_ogv=&#8221;&#8221; video_url=&#8221;&#8221; video_aspect_ratio=&#8221;16:9&#8243; video_loop=&#8221;yes&#8221; video_mute=&#8221;yes&#8221; overlay_color=&#8221;&#8221; video_preview_image=&#8221;&#8221; border_size=&#8221;&#8221; border_color=&#8221;&#8221; border_style=&#8221;solid&#8221; padding_top=&#8221;&#8221; padding_bottom=&#8221;&#8221; padding_left=&#8221;&#8221; padding_right=&#8221;&#8221;][fusion_builder_row][fusion_builder_column type=&#8221;1_1&#8243; layout=&#8221;1_1&#8243; background_position=&#8221;left top&#8221; background_color=&#8221;&#8221; border_size=&#8221;&#8221; border_color=&#8221;&#8221; border_style=&#8221;solid&#8221; border_position=&#8221;all&#8221; spacing=&#8221;yes&#8221; background_image=&#8221;&#8221; background_repeat=&#8221;no-repeat&#8221; padding_top=&#8221;&#8221; padding_right=&#8221;&#8221; padding_bottom=&#8221;&#8221; padding_left=&#8221;&#8221; margin_top=&#8221;0px&#8221; margin_bottom=&#8221;0px&#8221; class=&#8221;&#8221; id=&#8221;&#8221; animation_type=&#8221;&#8221; animation_speed=&#8221;0.3&#8243; animation_direction=&#8221;left&#8221; hide_on_mobile=&#8221;small-visibility,medium-visibility,large-visibility&#8221; center_content=&#8221;no&#8221; last=&#8221;no&#8221; min_height=&#8221;&#8221; hover_type=&#8221;none&#8221; link=&#8221;&#8221;][fusion_text]<\/p>\n<p>REDACCI\u00d3N<\/p>\n<p>Fotos: Omar Castillo<\/p>\n<p>El cantautor\u00a0 Silvio Rodr\u00edguez fue el musico encargado de realizar un concierto masivo en el Z\u00f3calo de la Ciudad de M\u00e9xico despu\u00e9s de suspenderse \u00e9stos por dos a\u00f1os debido a la emergencia sanitaria,\u00a0 logrando reunir a cerca de 100 mil personas quienes sin importarles la\u00a0 lluvia esperaron pacientemente la presentaci\u00f3n del trovador. Vivir Quintana tuvo en sus manos la responsabilidad de abrir el concierto y levantar el animo del p\u00fablico.<\/p>\n<p>Sin importar las inclemencias del tiempo la gente comenz\u00f3 a reunirse desde temprana hora para obtener un buen lugar que les permitiera disfrutar del evento musical mismo en donde se pudieron observar varias generaciones tanto de j\u00f3venes como de gente mayor. Banderas de Cuba e im\u00e1genes del Che Guevara se pod\u00edan observar en la Plaza de la Constituci\u00f3n<\/p>\n<p>El deleite m\u00e1ximo llego en dos momentos espec\u00edficos el primero cuando Silvio dedico nuevamente &#8220;El necio&#8221; al presidente y a todo el p\u00fablico reunido, as\u00ed como tambi\u00e9n, cuando llego el momento de interpretar uno de sus \u00e9xitos m\u00e1s solicitados &#8220;Ojal\u00e1&#8221;.<\/p>\n<p>El concierto del m\u00fasico cubano fue el cierre con broche de oro de una jornada que conmemoro un a\u00f1o m\u00e1s de la represi\u00f3n estudiantil ocurrida el 10 de junio de 1971 conocida cono &#8220;El Halconazo&#8221;.<\/p>\n<p>De esta forma, con m\u00e1s de dos horas de m\u00fasica Silvio deleito a la concurrencia con \u00e9xitos como &#8220;Escaramujo&#8221;, &#8220;Sue\u00f1o con Serpientes&#8221;, &#8220;Unicornio&#8221; entre otras m\u00e1s\u00a0 que corearon las 100 personas reunidas en la plancha del Z\u00f3calo capitalino.<\/p>\n<p>[\/fusion_text][fusion_gallery layout=&#8221;&#8221; picture_size=&#8221;&#8221; columns=&#8221;&#8221; column_spacing=&#8221;10&#8243; gallery_masonry_grid_ratio=&#8221;&#8221; gallery_masonry_width_double=&#8221;&#8221; hover_type=&#8221;&#8221; lightbox=&#8221;yes&#8221; lightbox_content=&#8221;&#8221; bordersize=&#8221;&#8221; bordercolor=&#8221;&#8221; border_radius=&#8221;&#8221; hide_on_mobile=&#8221;small-visibility,medium-visibility,large-visibility&#8221; class=&#8221;&#8221; id=&#8221;&#8221;][fusion_gallery_image image=&#8221;https:\/\/www.bitacoracdmx.com\/wp-content\/uploads\/2022\/06\/287741117_2170905863068779_7282787942063901411_n-300&#215;200.jpg&#8221; image_id=&#8221;44696|medium&#8221; link=&#8221;&#8221; linktarget=&#8221;_self&#8221; \/][fusion_gallery_image image=&#8221;https:\/\/www.bitacoracdmx.com\/wp-content\/uploads\/2022\/06\/287860837_2170906819735350_7258434367590197208_n-300&#215;200.jpg&#8221; image_id=&#8221;44697|medium&#8221; link=&#8221;&#8221; linktarget=&#8221;_self&#8221; \/][fusion_gallery_image image=&#8221;https:\/\/www.bitacoracdmx.com\/wp-content\/uploads\/2022\/06\/287877405_2170906873068678_3330462647885881856_n-300&#215;200.jpg&#8221; image_id=&#8221;44698|medium&#8221; link=&#8221;&#8221; linktarget=&#8221;_self&#8221; \/][fusion_gallery_image image=&#8221;https:\/\/www.bitacoracdmx.com\/wp-content\/uploads\/2022\/06\/287838804_2170906909735341_1144339688208129967_n-300&#215;200.jpg&#8221; image_id=&#8221;44699|medium&#8221; link=&#8221;&#8221; linktarget=&#8221;_self&#8221; \/][fusion_gallery_image image=&#8221;https:\/\/www.bitacoracdmx.com\/wp-content\/uploads\/2022\/06\/287938270_2170901073069258_3131833533782672389_n-300&#215;200.jpg&#8221; image_id=&#8221;44700|medium&#8221; link=&#8221;&#8221; linktarget=&#8221;_self&#8221; \/][\/fusion_gallery][\/fusion_builder_column][\/fusion_builder_row][\/fusion_builder_container]<\/p>\n","protected":false},"excerpt":{"rendered":"<p>[fusion_builder_container hundred_percent=&#8221;no&#8221; equal_height_columns=&#8221;no&#8221; menu_anchor=&#8221;&#8221; hide_on_mobile=&#8221;small-visibility,medium-visibility,large-visibility&#8221; class=&#8221;&#8221; id=&#8221;&#8221; background_color=&#8221;&#8221; background_image=&#8221;&#8221; background_position=&#8221;center center&#8221; background_repeat=&#8221;no-repeat&#8221; fade=&#8221;no&#8221; background_parallax=&#8221;none&#8221; parallax_speed=&#8221;0.3&#8243; video_mp4=&#8221;&#8221; video_webm=&#8221;&#8221; video_ogv=&#8221;&#8221; video_url=&#8221;&#8221; video_aspect_ratio=&#8221;16:9&#8243; video_loop=&#8221;yes&#8221; video_mute=&#8221;yes&#8221; overlay_color=&#8221;&#8221; video_preview_image=&#8221;&#8221; border_size=&#8221;&#8221; border_color=&#8221;&#8221; border_style=&#8221;solid&#8221; padding_top=&#8221;&#8221; padding_bottom=&#8221;&#8221; padding_left=&#8221;&#8221; padding_right=&#8221;&#8221;][fusion_builder_row][fusion_builder_column type=&#8221;1_1&#8243; layout=&#8221;1_1&#8243; background_position=&#8221;left top&#8221; background_color=&#8221;&#8221; border_size=&#8221;&#8221; border_color=&#8221;&#8221; border_style=&#8221;solid&#8221; border_position=&#8221;all&#8221; spacing=&#8221;yes&#8221; background_image=&#8221;&#8221; background_repeat=&#8221;no-repeat&#8221; padding_top=&#8221;&#8221; padding_right=&#8221;&#8221; padding_bottom=&#8221;&#8221; padding_left=&#8221;&#8221; margin_top=&#8221;0px&#8221; margin_bottom=&#8221;0px&#8221; class=&#8221;&#8221; id=&#8221;&#8221; animation_type=&#8221;&#8221; animation_speed=&#8221;0.3&#8243; animation_direction=&#8221;left&#8221; hide_on_mobile=&#8221;small-visibility,medium-visibility,large-visibility&#8221; center_content=&#8221;no&#8221; last=&#8221;no&#8221; min_height=&#8221;&#8221; hover_type=&#8221;none&#8221; link=&#8221;&#8221;][fusion_text] REDACCI\u00d3N Fotos: Omar Castillo El cantautor\u00a0 Silvio Rodr\u00edguez fue el musico encargado de realizar un concierto masivo en el Z\u00f3calo de la Ciudad de M\u00e9xico despu\u00e9s de suspenderse \u00e9stos por dos a\u00f1os debido a la emergencia sanitaria,\u00a0 logrando reunir a [&hellip;]<\/p>\n","protected":false},"author":1,"featured_media":44698,"comment_status":"open","ping_status":"open","sticky":false,"template":"","format":"standard","meta":{"footnotes":""},"categories":[9,11],"tags":[],"_links":{"self":[{"href":"https:\/\/www.bitacoracdmx.com\/index.php?rest_route=\/wp\/v2\/posts\/44695"}],"collection":[{"href":"https:\/\/www.bitacoracdmx.com\/index.php?rest_route=\/wp\/v2\/posts"}],"about":[{"href":"https:\/\/www.bitacoracdmx.com\/index.php?rest_route=\/wp\/v2\/types\/post"}],"author":[{"embeddable":true,"href":"https:\/\/www.bitacoracdmx.com\/index.php?rest_route=\/wp\/v2\/users\/1"}],"replies":[{"embeddable":true,"href":"https:\/\/www.bitacoracdmx.com\/index.php?rest_route=%2Fwp%2Fv2%2Fcomments&post=44695"}],"version-history":[{"count":1,"href":"https:\/\/www.bitacoracdmx.com\/index.php?rest_route=\/wp\/v2\/posts\/44695\/revisions"}],"predecessor-version":[{"id":44701,"href":"https:\/\/www.bitacoracdmx.com\/index.php?rest_route=\/wp\/v2\/posts\/44695\/revisions\/44701"}],"wp:featuredmedia":[{"embeddable":true,"href":"https:\/\/www.bitacoracdmx.com\/index.php?rest_route=\/wp\/v2\/media\/44698"}],"wp:attachment":[{"href":"https:\/\/www.bitacoracdmx.com\/index.php?rest_route=%2Fwp%2Fv2%2Fmedia&parent=44695"}],"wp:term":[{"taxonomy":"category","embeddable":true,"href":"https:\/\/www.bitacoracdmx.com\/index.php?rest_route=%2Fwp%2Fv2%2Fcategories&post=44695"},{"taxonomy":"post_tag","embeddable":true,"href":"https:\/\/www.bitacoracdmx.com\/index.php?rest_route=%2Fwp%2Fv2%2Ftags&post=44695"}],"curies":[{"name":"wp","href":"https:\/\/api.w.org\/{rel}","templated":true}]}}